{"id":119691,"date":"2021-07-03T06:36:17","date_gmt":"2021-07-03T09:36:17","guid":{"rendered":"https:\/\/grandepremio.com\/br\/noticias\/sabado-spielberg-chance-minima-chuva-classificacao-gp-da-austria-de-f1\/"},"modified":"2021-07-03T06:36:24","modified_gmt":"2021-07-03T09:36:24","slug":"sabado-spielberg-chance-minima-chuva-classificacao-gp-da-austria-de-f1","status":"publish","type":"post","link":"https:\/\/grandepremio.com\/br\/f1\/sabado-spielberg-chance-minima-chuva-classificacao-gp-da-austria-de-f1\/","title":{"rendered":"S\u00e1bado em Spielberg tem calor e chance m\u00ednima de chuva para classifica\u00e7\u00e3o da F1"},"content":{"rendered":"\n<figure class=\"wp-block-video\"><video class=\"video-js vjs-big-play-centered\" data-gp-vjs=\"1\" controls src=\"https:\/\/www.grandepremio.com\/br\/wp-content\/uploads\/2021\/07\/0IS-mcMPRPzuWkVe.mp4\"><\/video><figcaption>A Aston Martin n\u00e3o perdeu a chance de zoar Sebastian Vettel ap\u00f3s a elimina\u00e7\u00e3o da Alemanha na Eurocopa (V\u00eddeo: Aston Martin)<\/figcaption><\/figure>\n\n\n\n<p class=\"wp-block-paragraph\">O s\u00e1bado (3) de treino livre 3 e de classifica\u00e7\u00e3o do GP da \u00c1ustria de F\u00f3rmula 1 ter\u00e1 tempo bom, sol e chance m\u00ednima de chuva nas pr\u00f3ximas horas. O dia amanheceu bastante ensolarado na regi\u00e3o de Spielberg, onde est\u00e1 localizado o Red Bull Ring, em cen\u00e1rio clim\u00e1tico bem distinto da sexta-feira, nublada e com temperaturas bem mais baixas, na casa dos 17\u00baC.<\/p>\n\n\n\n<p class=\"wp-block-paragraph\">A temperatura ambiente prevista para as pr\u00f3ximas horas, segundo o site especializado Weather Channel, vai variar entre 24 e 25\u00baC, com a sensa\u00e7\u00e3o t\u00e9rmica chegando aos 25\u00baC. A velocidade dos ventos ao longo do dia vai ser bastante branda, nunca acima dos 8 km\/h.<\/p>\n\n\n\n<figure class=\"wp-block-image size-large\"><img decoding=\"async\" src=\"https:\/\/www.grandepremio.com\/br\/wp-content\/uploads\/2021\/07\/E5WfrxjX0AMhX-K-1024x683.jpg\" alt=\"RED BULL RING; S\u00c1BADO; GP DA \u00c1USTRIA;\" class=\"wp-image-488974\"\/><figcaption>S\u00e1bado de sol no Red Bull Ring (Foto: Scuderia Ferrari)<\/figcaption><\/figure>\n\n\n\n<p class=\"wp-block-paragraph\"><strong>Conhe\u00e7a o canal do Grande Pr\u00eamio no YouTube! Clique\u00a0<a target=\"_blank\" href=\"https:\/\/youtube.com\/GrandePremioTV\" rel=\"noreferrer noopener\">aqui<\/a>.<br>Siga o Grande Pr\u00eamio no\u00a0<a target=\"_blank\" href=\"https:\/\/twitter.com\/grandepremio\" rel=\"noreferrer noopener\">Twitter\u00a0<\/a>e no\u00a0<a target=\"_blank\" href=\"https:\/\/instagram.com\/grandepremio\" rel=\"noreferrer noopener\">Instagram<\/a>!<\/strong><\/p>\n\n\n\n<p class=\"wp-block-paragraph\">A chuva, se chegou a ser uma amea\u00e7a na sexta-feira e at\u00e9 apareceu em forma de gotas no segundo treino livre, n\u00e3o deve aparecer neste s\u00e1bado. De acordo com a meteorologia, a chance \u00e9 zero para o treino livre 3.<\/p>\n\n\n\n<p class=\"wp-block-paragraph\">O percentual aumenta para a classifica\u00e7\u00e3o, marcada para 15h (hor\u00e1rio local, 10h de Bras\u00edlia). Ao longo da sess\u00e3o que vai definir o grid de largada do GP da \u00c1ustria, a chance de chuva vai variar entre 10% e 12%.<\/p>\n\n\n\n<p class=\"wp-block-paragraph\">O s\u00e1bado come\u00e7ou com uma not\u00edcia das mais importantes para a F\u00f3rmula 1. <a href=\"https:\/\/www.grandepremio.com\/br\/f1\/noticias\/lewis-hamilton-lidera-reacao-mercedes-fecha-sexta-feira-na-frente-na-austria\/\">Lewis Hamilton definiu sua perman\u00eancia na categoria ao renovar contrato com a Mercedes pelas pr\u00f3ximas duas temporadas, estendendo seu v\u00ednculo com a equipe liderada por Toto Wolff at\u00e9 2023<\/a>.<\/p>\n\n\n\n<p class=\"wp-block-paragraph\">A\u00a0<a href=\"https:\/\/www.grandepremio.com\/br\/f1\/\" target=\"_blank\" rel=\"noreferrer noopener\">F\u00f3rmula 1<\/a>\u00a0volta a acelerar logo mais, a partir de 7h (de Bras\u00edlia, GMT-3), e da classifica\u00e7\u00e3o, com in\u00edcio previsto para 10h. Sempre com transmiss\u00e3o ao vivo da Band na TV aberta, do canal por assinatura BandSports e do servi\u00e7o de streaming\u00a0<a href=\"https:\/\/www.grandepremio.com\/br\/f1\/\" target=\"_blank\" rel=\"noreferrer noopener\">F1\u00a0<\/a>TV Pro. O\u00a0<strong>GRANDE PR\u00caMIO\u00a0<\/strong>acompanha tudo\u00a0<a href=\"https:\/\/www.grandepremio.com\/br\/ao-vivo\/f1\/gp-da-austria-de-f1-2021-treinos-livres-ao-vivo-online-gratis-tempo-real-hoje\/\"><strong>AO VIVO e em TEMPO REAL<\/strong><\/a>.<\/p>\n\n\n\n<figure class=\"wp-block-embed is-type-video is-provider-youtube wp-block-embed-youtube wp-embed-aspect-16-9 wp-has-aspect-ratio\"><div class=\"wp-block-embed__wrapper\">\n<iframe loading=\"lazy\" title=\"&amp;apos;MODO FESTA&amp;apos; NA F1? HAMILTON LIDERA, MAS SUGERE ALGO ERRADO NA RED BULL | GP Not\u00edcias\" width=\"500\" height=\"281\" src=\"https:\/\/www.youtube.com\/embed\/m20qE-pZMIw?feature=oembed\" frameborder=\"0\" allow=\"accelerometer; autoplay; clipboard-write; encrypted-media; gyroscope; picture-in-picture; web-share\" referrerpolicy=\"strict-origin-when-cross-origin\" allowfullscreen><\/iframe>\n<\/div><\/figure>\n","protected":false},"excerpt":{"rendered":"<p>O segundo treino livre do GP da \u00c1ustria, na sexta-feira, teve at\u00e9 algumas gotas de chuva. Mas o cen\u00e1rio n\u00e3o deve se repetir neste s\u00e1bado ensolarado e com tempo muito bom em Spielberg. A chance de chuva no hor\u00e1rio da classifica\u00e7\u00e3o da F\u00f3rmula 1 \u00e9 de apenas 10%<\/p>\n","protected":false},"author":0,"featured_media":1000488974,"comment_status":"closed","ping_status":"closed","sticky":false,"template":"","format":"standard","meta":{"42wp_featured_image_caption":"","42wp_featured_image_credits":"","42wp_featured_video":"","42wp_featured_image_hidden":false,"42wp_authors_list":[],"footnotes":""},"categories":[2],"tags":[147,156,24837,24888,24836,2326,25333,25907],"42wp_author":[47110],"class_list":["post-119691","post","type-post","status-publish","format-standard","has-post-thumbnail","hentry","category-f1","tag-f1","tag-f1-2021","tag-formula-1-2","tag-gp-da-austria-2","tag-grande-premio-2","tag-meteorologia","tag-previsao-do-tempo","tag-sabado","42wp_author-fernando-silva"],"_links":{"self":[{"href":"https:\/\/grandepremio.com\/br\/wp-json\/wp\/v2\/posts\/119691","targetHints":{"allow":["GET"]}}],"collection":[{"href":"https:\/\/grandepremio.com\/br\/wp-json\/wp\/v2\/posts"}],"about":[{"href":"https:\/\/grandepremio.com\/br\/wp-json\/wp\/v2\/types\/post"}],"replies":[{"embeddable":true,"href":"https:\/\/grandepremio.com\/br\/wp-json\/wp\/v2\/comments?post=119691"}],"version-history":[{"count":0,"href":"https:\/\/grandepremio.com\/br\/wp-json\/wp\/v2\/posts\/119691\/revisions"}],"wp:featuredmedia":[{"embeddable":true,"href":"https:\/\/grandepremio.com\/br\/wp-json\/wp\/v2\/media\/1000488974"}],"wp:attachment":[{"href":"https:\/\/grandepremio.com\/br\/wp-json\/wp\/v2\/media?parent=119691"}],"wp:term":[{"taxonomy":"category","embeddable":true,"href":"https:\/\/grandepremio.com\/br\/wp-json\/wp\/v2\/categories?post=119691"},{"taxonomy":"post_tag","embeddable":true,"href":"https:\/\/grandepremio.com\/br\/wp-json\/wp\/v2\/tags?post=119691"},{"taxonomy":"42wp_author","embeddable":true,"href":"https:\/\/grandepremio.com\/br\/wp-json\/wp\/v2\/42wp_author?post=119691"}],"curies":[{"name":"wp","href":"https:\/\/api.w.org\/{rel}","templated":true}]}}