{"id":119704,"date":"2021-07-02T15:06:00","date_gmt":"2021-07-02T18:06:00","guid":{"rendered":"https:\/\/grandepremio.com\/br\/noticias\/kiko-porto-anota-pole-position-para-corrida-1-usf2000-mid-ohio\/"},"modified":"2021-07-02T15:06:06","modified_gmt":"2021-07-02T18:06:06","slug":"kiko-porto-anota-pole-position-para-corrida-1-usf2000-mid-ohio","status":"publish","type":"post","link":"https:\/\/grandepremio.com\/br\/indy\/kiko-porto-anota-pole-position-para-corrida-1-usf2000-mid-ohio\/","title":{"rendered":"Porto anota pole-position para corrida 1 da USF2000 em Mid-Ohio"},"content":{"rendered":"\n<figure class=\"wp-block-video\"><video class=\"video-js vjs-big-play-centered\" data-gp-vjs=\"1\" controls src=\"https:\/\/www.grandepremio.com\/br\/wp-content\/uploads\/l-videos\/EstiriaF1Domingo2021.mp4\"><\/video><figcaption>Verstappen domina e vence na casa da Red Bull: os melhores momentos do GP da Est\u00edria (GRANDE PR\u00caMIO com Reuters)<\/figcaption><\/figure>\n\n\n\n<p class=\"wp-block-paragraph\">L\u00edder do campeonato, o brasileiro Kiko Porto vai largar na pole-position da corrida 1 da etapa de Mid-Ohio da USF2000. \u00c9 a quarta vez que o piloto anota o melhor tempo da classifica\u00e7\u00e3o na temporada 2021.<\/p>\n\n\n\n<p class=\"wp-block-paragraph\">O pernambucano da DEForce Racing anotou o tempo de 1min21s718 para derrotar Michael d&#8217;Orlando e largar na posi\u00e7\u00e3o de honra. O rival, da Cape Motorsports, fez 1min21s733.<\/p>\n\n\n\n<figure class=\"wp-block-image size-large\"><img decoding=\"async\" src=\"https:\/\/www.grandepremio.com\/br\/wp-content\/uploads\/2021\/06\/Kiko-Porto-2-1024x682.jpg\" alt=\"\" class=\"wp-image-484540\"\/><figcaption>Kiko Porto venceu em Elkhart Lake e \u00e9 pole em Mid-Ohio (Foto: USF2000)<\/figcaption><\/figure>\n\n\n\n<p class=\"wp-block-paragraph\"><strong>Conhe\u00e7a o canal do Grande Pr\u00eamio no YouTube! Clique\u00a0<a target=\"_blank\" href=\"https:\/\/youtube.com\/GrandePremioTV\" rel=\"noreferrer noopener\">aqui<\/a>.<\/strong><br><strong>Siga o Grande Pr\u00eamio no\u00a0<a target=\"_blank\" href=\"https:\/\/twitter.com\/grandepremio\" rel=\"noreferrer noopener\">Twitter\u00a0<\/a>e no\u00a0<a target=\"_blank\" href=\"https:\/\/instagram.com\/grandepremio\" rel=\"noreferrer noopener\">Instagram<\/a>!<\/strong><br><strong>Meyer Shank divulga\u00a0<a href=\"https:\/\/www.grandepremio.com\/br\/indy\/noticias\/meyer-shank-divulga-pintura-azul-carro-helio-castroneves-gp-nashville\/\">pintura azul para carro<\/a>\u00a0de Castroneves no GP de\u00a0<a href=\"https:\/\/www.grandepremio.com\/br\/etapa\/indy\/gp-de-nashville\/\" target=\"_blank\" rel=\"noreferrer noopener\">Nashville<\/a><\/strong><\/p>\n\n\n\n<p class=\"wp-block-paragraph\">Nolan Siegel, Simon Sikes, Billy Frazier, Bijoy Garg, Jace Denmark, Josh Pierson, Spike Kohlbecker e Josh Green formam o top-10 do grid de 28 carros. Principal rival de Porto na disputa pelo t\u00edtulo, Yuven Sundaramoorthy sai apenas em 13\u00ba.<\/p>\n\n\n\n<p class=\"wp-block-paragraph\">A corrida 1 acontece \u00e0s 17h20 (de Bras\u00edlia). A rodada de Mid-Ohio \u00e9 tripla, com provas marcadas para o s\u00e1bado e o domingo.<\/p>\n\n\n\n<figure class=\"wp-block-embed is-type-video is-provider-youtube wp-block-embed-youtube wp-embed-aspect-16-9 wp-has-aspect-ratio\"><div class=\"wp-block-embed__wrapper\">\n<iframe loading=\"lazy\" title=\"HAMILTON P\u00d5E MERCEDES NA FRENTE DA RED BULL DE VERSTAPPEN NA \u00c1USTRIA | Vem A\u00ed + GP \u00e0s 10\" width=\"500\" height=\"281\" src=\"https:\/\/www.youtube.com\/embed\/9ipeSpuZ7IU?start=218&amp;feature=oembed\" frameborder=\"0\" allow=\"accelerometer; autoplay; clipboard-write; encrypted-media; gyroscope; picture-in-picture; web-share\" referrerpolicy=\"strict-origin-when-cross-origin\" allowfullscreen><\/iframe>\n<\/div><figcaption>HAMILTON P\u00d5E MERCEDES NA FRENTE DA RED BULL DE VERSTAPPEN NA \u00c1USTRIA | Vem A\u00ed + GP \u00e0s 10<\/figcaption><\/figure>\n","protected":false},"excerpt":{"rendered":"<p>Kiko Porto anotou a quarta pole-position na temporada 2021 da USF2000. Brasileiro da DEForce Racing vai comandar o grid na corrida 1 em Lexington<\/p>\n","protected":false},"author":0,"featured_media":1000488845,"comment_status":"closed","ping_status":"closed","sticky":false,"template":"","format":"standard","meta":{"42wp_featured_image_caption":"","42wp_featured_image_credits":"","42wp_featured_video":"","42wp_featured_image_hidden":false,"42wp_authors_list":[],"footnotes":""},"categories":[3],"tags":[24881,3622,93,94,1028,1819],"42wp_author":[47119],"class_list":["post-119704","post","type-post","status-publish","format-standard","has-post-thumbnail","hentry","category-indy","tag-formula-indy-2","tag-gp-de-mid-ohio","tag-indy","tag-indycar","tag-kiko-porto","tag-usf2000","42wp_author-gabriel-carvalho"],"_links":{"self":[{"href":"https:\/\/grandepremio.com\/br\/wp-json\/wp\/v2\/posts\/119704","targetHints":{"allow":["GET"]}}],"collection":[{"href":"https:\/\/grandepremio.com\/br\/wp-json\/wp\/v2\/posts"}],"about":[{"href":"https:\/\/grandepremio.com\/br\/wp-json\/wp\/v2\/types\/post"}],"replies":[{"embeddable":true,"href":"https:\/\/grandepremio.com\/br\/wp-json\/wp\/v2\/comments?post=119704"}],"version-history":[{"count":0,"href":"https:\/\/grandepremio.com\/br\/wp-json\/wp\/v2\/posts\/119704\/revisions"}],"wp:featuredmedia":[{"embeddable":true,"href":"https:\/\/grandepremio.com\/br\/wp-json\/wp\/v2\/media\/1000488845"}],"wp:attachment":[{"href":"https:\/\/grandepremio.com\/br\/wp-json\/wp\/v2\/media?parent=119704"}],"wp:term":[{"taxonomy":"category","embeddable":true,"href":"https:\/\/grandepremio.com\/br\/wp-json\/wp\/v2\/categories?post=119704"},{"taxonomy":"post_tag","embeddable":true,"href":"https:\/\/grandepremio.com\/br\/wp-json\/wp\/v2\/tags?post=119704"},{"taxonomy":"42wp_author","embeddable":true,"href":"https:\/\/grandepremio.com\/br\/wp-json\/wp\/v2\/42wp_author?post=119704"}],"curies":[{"name":"wp","href":"https:\/\/api.w.org\/{rel}","templated":true}]}}