{"id":119736,"date":"2021-07-01T11:21:16","date_gmt":"2021-07-01T14:21:16","guid":{"rendered":"https:\/\/grandepremio.com\/br\/noticias\/max-verstappen-se-defende-veto-de-comemoracao-paradinha-divertido-e-seguro\/"},"modified":"2021-07-01T11:24:03","modified_gmt":"2021-07-01T14:24:03","slug":"max-verstappen-se-defende-veto-de-comemoracao-paradinha-divertido-e-seguro","status":"publish","type":"post","link":"https:\/\/grandepremio.com\/br\/f1\/max-verstappen-se-defende-veto-de-comemoracao-paradinha-divertido-e-seguro\/","title":{"rendered":"Verstappen se defende ap\u00f3s comemorar com \u2018paradinha\u2019: \u201cDivertido e seguro\u201d"},"content":{"rendered":"\n<figure class=\"wp-block-video\"><video class=\"video-js vjs-big-play-centered\" data-gp-vjs=\"1\" controls src=\"https:\/\/www.grandepremio.com\/br\/wp-content\/uploads\/2021\/07\/0IS-mcMPRPzuWkVe.mp4\"><\/video><figcaption>A Aston Martin n\u00e3o perdeu a chance de zoar Sebastian Vettel ap\u00f3s a elimina\u00e7\u00e3o da Alemanha na Eurocopa (V\u00eddeo: Aston Martin)<\/figcaption><\/figure>\n\n\n\n<p class=\"wp-block-paragraph\">Max Verstappen chamou aten\u00e7\u00e3o ap\u00f3s cruzar a linha de chegada no GP da Est\u00edria da semana passada. O holand\u00eas <strong><a href=\"https:\/\/www.grandepremio.com\/br\/f1\/noticias\/fia-reprova-paradinha-de-max-verstappen-na-estiria-nao-sera-tolerada-no-futuro\/\">inventou a comemora\u00e7\u00e3o \u2018paradinha\u2019<\/a><\/strong> ao cruzar a linha de chegada e praticamente estacionar na beira da pista ap\u00f3s a vit\u00f3ria. A celebra\u00e7\u00e3o j\u00e1 foi vetada pela FIA (Federa\u00e7\u00e3o Internacional de Automobilismo), decis\u00e3o ainda lamentada pelo piloto da Red Bull.<\/p>\n\n\n\n<p class=\"wp-block-paragraph\">De acordo com Verstappen, n\u00e3o havia nada de perigoso na comemora\u00e7\u00e3o. Afinal, j\u00e1 estava longe do tra\u00e7ado normal do Red Bull Ring. Ainda assim, Max entendeu a postura da dire\u00e7\u00e3o de prova.<\/p>\n\n\n\n<p class=\"wp-block-paragraph\">\u201cClaro que eu entendo a quest\u00e3o da seguran\u00e7a, mas eu olhei no espelho, fui completamente para a direita e fiz tudo numa boa\u201d, disse Verstappen. \u201cTodo mundo estava indo pela esquerda e eu s\u00f3 fiz um burn-out. Tudo bem se n\u00e3o \u00e9 permitido, n\u00e3o vou fazer de novo. Eu achei na hora que era algo divertido e seguro, mas tamb\u00e9m entendo que eles n\u00e3o queiram isso se repetindo. Est\u00e1 tudo bem para mim\u201d, seguiu.<\/p>\n\n\n\n<p class=\"wp-block-paragraph\"><strong><strong>Conhe\u00e7a o canal do Grande Pr\u00eamio no YouTube! Clique\u00a0<a target=\"_blank\" href=\"https:\/\/youtube.com\/GrandePremioTV\" rel=\"noreferrer noopener\">aqui<\/a>.<\/strong><br><strong>Siga o Grande Pr\u00eamio no\u00a0<a target=\"_blank\" href=\"https:\/\/twitter.com\/grandepremio\" rel=\"noreferrer noopener\">Twitter\u00a0<\/a>e no\u00a0<a target=\"_blank\" href=\"https:\/\/instagram.com\/grandepremio\" rel=\"noreferrer noopener\">Instagram<\/a>!<\/strong><\/strong><\/p>\n\n\n\n<figure class=\"wp-block-image size-large\"><img decoding=\"async\" src=\"https:\/\/www.grandepremio.com\/br\/wp-content\/uploads\/2021\/06\/000_9DB4PZ-1024x683.jpg\" alt=\"\" class=\"wp-image-487951\"\/><figcaption>Max Verstappen celebrou vit\u00f3ria de uma forma que a dire\u00e7\u00e3o de prova n\u00e3o aprovou (Foto: AFP)<\/figcaption><\/figure>\n\n\n\n<p class=\"wp-block-paragraph\">O temor das autoridades da F1 \u00e9 o risco de ter um carro lento em meio a outros em alta velocidade, acelerando at\u00e9 a bandeira quadriculada. Isso j\u00e1 deu problema na finada World Series em 2015 no mesmo Red Bull Ring: Robert Merhi tirou o p\u00e9 por completo para saudar a equipe no pit-lane, mas acabou atingido por Nicholas Latifi. O canadense decolou brevemente e capotou. O espanhol, por sua vez, foi suspenso das atividades no resto da rodada dupla.<\/p>\n\n\n\n<p class=\"wp-block-paragraph\">Sem causar acidentes e com o caso da comemora\u00e7\u00e3o no passado, Verstappen foca no futuro. O holand\u00eas vem para o GP da \u00c1ustria com a miss\u00e3o de sustentar a lideran\u00e7a no Mundial de Pilotos, onde tem 18 pontos de vantagem sobre Lewis Hamilton.<\/p>\n","protected":false},"excerpt":{"rendered":"<p>Max Verstappen cruzou a linha de chegada no GP da Est\u00edria quase estacionando, mas sente que n\u00e3o colocou ningu\u00e9m em perigo. A comemora\u00e7\u00e3o est\u00e1 vetada daqui pra frente<\/p>\n","protected":false},"author":0,"featured_media":1000487957,"comment_status":"closed","ping_status":"closed","sticky":false,"template":"","format":"standard","meta":{"42wp_featured_image_caption":"","42wp_featured_image_credits":"","42wp_featured_video":"","42wp_featured_image_hidden":false,"42wp_authors_list":[],"footnotes":""},"categories":[2],"tags":[156,24837,24894,203,204,1763],"42wp_author":[47118],"class_list":["post-119736","post","type-post","status-publish","format-standard","has-post-thumbnail","hentry","category-f1","tag-f1-2021","tag-formula-1-2","tag-gp-da-estiria-2","tag-max-verstappen","tag-red-bull","tag-red-bull-ring","42wp_author-vitor-fazio"],"_links":{"self":[{"href":"https:\/\/grandepremio.com\/br\/wp-json\/wp\/v2\/posts\/119736","targetHints":{"allow":["GET"]}}],"collection":[{"href":"https:\/\/grandepremio.com\/br\/wp-json\/wp\/v2\/posts"}],"about":[{"href":"https:\/\/grandepremio.com\/br\/wp-json\/wp\/v2\/types\/post"}],"replies":[{"embeddable":true,"href":"https:\/\/grandepremio.com\/br\/wp-json\/wp\/v2\/comments?post=119736"}],"version-history":[{"count":0,"href":"https:\/\/grandepremio.com\/br\/wp-json\/wp\/v2\/posts\/119736\/revisions"}],"wp:featuredmedia":[{"embeddable":true,"href":"https:\/\/grandepremio.com\/br\/wp-json\/wp\/v2\/media\/1000487957"}],"wp:attachment":[{"href":"https:\/\/grandepremio.com\/br\/wp-json\/wp\/v2\/media?parent=119736"}],"wp:term":[{"taxonomy":"category","embeddable":true,"href":"https:\/\/grandepremio.com\/br\/wp-json\/wp\/v2\/categories?post=119736"},{"taxonomy":"post_tag","embeddable":true,"href":"https:\/\/grandepremio.com\/br\/wp-json\/wp\/v2\/tags?post=119736"},{"taxonomy":"42wp_author","embeddable":true,"href":"https:\/\/grandepremio.com\/br\/wp-json\/wp\/v2\/42wp_author?post=119736"}],"curies":[{"name":"wp","href":"https:\/\/api.w.org\/{rel}","templated":true}]}}