{"id":119754,"date":"2021-07-01T04:30:00","date_gmt":"2021-07-01T07:30:00","guid":{"rendered":"https:\/\/grandepremio.com\/br\/noticias\/mclaren-lamenta-reves-daniel-ricciardo-estiria-precisamos-pontuar-com-os-dois\/"},"modified":"2021-06-30T20:21:49","modified_gmt":"2021-06-30T23:21:49","slug":"mclaren-lamenta-reves-daniel-ricciardo-estiria-precisamos-pontuar-com-os-dois","status":"publish","type":"post","link":"https:\/\/grandepremio.com\/br\/f1\/mclaren-lamenta-reves-daniel-ricciardo-estiria-precisamos-pontuar-com-os-dois\/","title":{"rendered":"McLaren lamenta rev\u00e9s de Ricciardo na Est\u00edria: &#8220;Precisamos pontuar com os dois&#8221;"},"content":{"rendered":"\n<figure class=\"wp-block-video\"><video class=\"video-js vjs-big-play-centered\" data-gp-vjs=\"1\" controls src=\"https:\/\/www.grandepremio.com\/br\/wp-content\/uploads\/l-videos\/EstiriaF1Domingo2021.mp4\"><\/video><figcaption>Verstappen domina e vence na casa da Red Bull: os melhores momentos do GP da Est\u00edria (GRANDE PR\u00caMIO com Reuters)<\/figcaption><\/figure>\n\n\n\n<p class=\"wp-block-paragraph\">Ainda com o <a href=\"https:\/\/www.grandepremio.com\/br\/f1\/noticias\/max-verstappen-lidera-ponta-a-ponta-casa-red-bull-vence-gp-da-estiria\/\">GP da Est\u00edria<\/a> na retina, a McLaren colocou na balan\u00e7a o desempenho de seus dois carros no Red Bull Ring. Os brit\u00e2nicos tiram li\u00e7\u00f5es na primeira prova realizada no local para chegar com mais for\u00e7a no GP da \u00c1ustria desta semana. As an\u00e1lises s\u00e3o profundas, mas com conclus\u00e3o simples: \u00e9 necess\u00e1rio pontuar com os dois carros, incluindo tamb\u00e9m Daniel Ricciardo.<\/p>\n\n\n\n<p class=\"wp-block-paragraph\">Andreas Seidl, chefe de equipe da McLaren, dissecou a corrida em solo austr\u00edaco, apontou que ir\u00e1 investigar os problemas na for\u00e7a motriz e comentou sobre o desempenho aqu\u00e9m de Ricciardo. O australiano foi 13\u00ba ap\u00f3s sofrer com falta de pot\u00eancia nas voltas iniciais, ao passo que Lando Norris terminou em quinto.<\/p>\n\n\n\n<p class=\"wp-block-paragraph\">\u201cTemos de investigar isso a fundo com nossos colegas da Mercedes. Pelo que entendi, n\u00e3o tinha nada a ver com as temperaturas\u201d, explicou Seidl.<\/p>\n\n\n\n<p class=\"wp-block-paragraph\">\u201cCom certeza ele [Ricciardo] est\u00e1 muito desapontado por n\u00e3o ter mantido o crescimento das \u00faltimas corridas. Assim como n\u00f3s, ele n\u00e3o esperava sofrer tanto assim na classifica\u00e7\u00e3o. Agora que estaremos correndo na mesma pista na sequ\u00eancia, o processo de aprendizagem ser\u00e1 mais f\u00e1cil. Isso nos permite identificar onde precisamos melhorar para chegar \u00e0s conclus\u00f5es corretas. Na briga em que estamos, ambos os carros devem pontuar toda semana\u201d,seguiu.<\/p>\n\n\n\n<p class=\"wp-block-paragraph\">\u201cQuando uma equipe de ponta d\u00e1 tudo de si na corrida, \u00e9 nesse instante que voc\u00ea percebe a diferen\u00e7a. Em uma corrida sem safety-car, a diferen\u00e7a real fica n\u00edtida. Estou satisfeito com o progresso que temos feito at\u00e9 agora. Por\u00e9m devemos continuar nessa pegada nos pr\u00f3ximos anos\u201d, projetou Seidl.<\/p>\n\n\n\n<p class=\"wp-block-paragraph\"><strong><strong>Conhe\u00e7a o canal do Grande Pr\u00eamio no YouTube! Clique&nbsp;<a target=\"_blank\" href=\"https:\/\/youtube.com\/GrandePremioTV\" rel=\"noreferrer noopener\">aqui<\/a>.<\/strong><br><strong>Siga o Grande Pr\u00eamio no&nbsp;<a target=\"_blank\" href=\"https:\/\/twitter.com\/grandepremio\" rel=\"noreferrer noopener\">Twitter&nbsp;<\/a>e no&nbsp;<a target=\"_blank\" href=\"https:\/\/instagram.com\/grandepremio\" rel=\"noreferrer noopener\">Instagram<\/a>!<\/strong><\/strong><\/p>\n\n\n\n<figure class=\"wp-block-image size-large\"><img decoding=\"async\" src=\"https:\/\/www.grandepremio.com\/br\/wp-content\/uploads\/2021\/06\/mclaren-danielricciardo-02-5-1024x682.jpg\" alt=\"\" class=\"wp-image-487899\"\/><figcaption>Daniel Ricciardo novamente ficou fora da zona de pontua\u00e7\u00e3o, terminando o GP da Est\u00edria na 13\u00aa posi\u00e7\u00e3o (Foto: McLaren)<\/figcaption><\/figure>\n\n\n\n<p class=\"wp-block-paragraph\">Entre os pilotos, o gosto ap\u00f3s a corrida segue amargo. Norris, apesar de estar conformado com o resultado, aproveitou para projetar mais evolu\u00e7\u00e3o ao carro. S\u00f3 assim para se aproximar das duas melhores equipes do grid, Mercedes e Red Bull.\u00a0<\/p>\n\n\n\n<p class=\"wp-block-paragraph\">\u201cNo \u00faltimo ano, conquistar o quinto lugar era como uma vit\u00f3ria para n\u00f3s. Mas agora n\u00f3s desejamos mais. \u00c9 muito bom voc\u00ea ter um \u00f3timo ritmo na classifica\u00e7\u00e3o. Por\u00e9m, quando as corridas come\u00e7am, os outros carros simplesmente desaparecem na nossa frente. No fim das contas, voc\u00ea acaba tomando uma volta. Isso apenas mostra que temos muito o que fazer no carro ainda\u201d, afirmou Norris.<\/p>\n\n\n\n<figure class=\"wp-block-embed is-type-rich is-provider-spotify wp-block-embed-spotify wp-embed-aspect-21-9 wp-has-aspect-ratio\"><div class=\"wp-block-embed__wrapper\">\n<iframe title=\"Spotify Embed: Paddockast #109 | A primeira avalia\u00e7\u00e3o dos pilotos da F1 2021\" style=\"border-radius: 12px\" width=\"100%\" height=\"152\" frameborder=\"0\" allowfullscreen allow=\"autoplay; clipboard-write; encrypted-media; fullscreen; picture-in-picture\" loading=\"lazy\" src=\"https:\/\/open.spotify.com\/embed\/episode\/64zt5By0JZONMDqRqkJlKE?si=FgDz-LRYQvK9BAUtw1XCuQ&amp;dl_branch=1&amp;utm_source=oembed\"><\/iframe>\n<\/div><\/figure>\n\n\n\n<p class=\"wp-block-paragraph\">Em duro processo de adapta\u00e7\u00e3o ao novo carro, Ricciardo lamentou o 13\u00ba lugar conquistado, mas manteve a cabe\u00e7a erguida e focou em melhorar a atua\u00e7\u00e3o para a segunda rodada no Red Bull Ring.<\/p>\n\n\n\n<p class=\"wp-block-paragraph\">\u201cNo come\u00e7o, eu estava \u00e0 frente do Sainz, que terminou na sexta posi\u00e7\u00e3o. Poderia ter feito isso tamb\u00e9m. Quero esquecer essa corrida o mais r\u00e1pido poss\u00edvel. Vou caminhar um pouco na natureza\u201d, disse Ricciardo.<\/p>\n\n\n\n<p class=\"wp-block-paragraph\">\u201cUm pouco foi pelo estilo de pilotagem, e um pouco por conta da configura\u00e7\u00e3o. Creio que entendemos a maior parte disso. Vamos fazer algumas coisas diferentes na pr\u00f3xima semana, na esperan\u00e7a que as coisas melhorem\u201d, concluiu o australiano.<\/p>\n\n\n\n<figure class=\"wp-block-embed is-type-video is-provider-youtube wp-block-embed-youtube wp-embed-aspect-16-9 wp-has-aspect-ratio\"><div class=\"wp-block-embed__wrapper\">\n<iframe loading=\"lazy\" title=\"DIZER QUE LECLERC FOI MELHOR PILOTO DO GP DA EST\u00cdRIA \u00c9 MALUQUICE | GP \u00e0s 10\" width=\"500\" height=\"281\" src=\"https:\/\/www.youtube.com\/embed\/nAKv-W7mIDQ?feature=oembed\" frameborder=\"0\" allow=\"accelerometer; autoplay; clipboard-write; encrypted-media; gyroscope; picture-in-picture; web-share\" referrerpolicy=\"strict-origin-when-cross-origin\" allowfullscreen><\/iframe>\n<\/div><\/figure>\n","protected":false},"excerpt":{"rendered":"<p>McLaren prega tomar li\u00e7\u00f5es do GP da Est\u00edria para chegar forte no GP da \u00c1ustria. A meta \u00e9 clara: levar os dois carros, superando a fase ruim de Daniel Ricciardo<\/p>\n","protected":false},"author":0,"featured_media":1000487900,"comment_status":"closed","ping_status":"closed","sticky":false,"template":"","format":"standard","meta":{"42wp_featured_image_caption":"","42wp_featured_image_credits":"","42wp_featured_video":"","42wp_featured_image_hidden":false,"42wp_authors_list":[],"footnotes":""},"categories":[2],"tags":[545,211,24837,26275,24888,24889,547,90],"42wp_author":[47138],"class_list":["post-119754","post","type-post","status-publish","format-standard","has-post-thumbnail","hentry","category-f1","tag-andreas-seidl","tag-daniel-ricciardo","tag-formula-1-2","tag-formula-1-2021-3","tag-gp-da-austria-2","tag-gp-da-estiria","tag-lando-norris","tag-mclaren","42wp_author-lucascouto"],"_links":{"self":[{"href":"https:\/\/grandepremio.com\/br\/wp-json\/wp\/v2\/posts\/119754","targetHints":{"allow":["GET"]}}],"collection":[{"href":"https:\/\/grandepremio.com\/br\/wp-json\/wp\/v2\/posts"}],"about":[{"href":"https:\/\/grandepremio.com\/br\/wp-json\/wp\/v2\/types\/post"}],"replies":[{"embeddable":true,"href":"https:\/\/grandepremio.com\/br\/wp-json\/wp\/v2\/comments?post=119754"}],"version-history":[{"count":0,"href":"https:\/\/grandepremio.com\/br\/wp-json\/wp\/v2\/posts\/119754\/revisions"}],"wp:featuredmedia":[{"embeddable":true,"href":"https:\/\/grandepremio.com\/br\/wp-json\/wp\/v2\/media\/1000487900"}],"wp:attachment":[{"href":"https:\/\/grandepremio.com\/br\/wp-json\/wp\/v2\/media?parent=119754"}],"wp:term":[{"taxonomy":"category","embeddable":true,"href":"https:\/\/grandepremio.com\/br\/wp-json\/wp\/v2\/categories?post=119754"},{"taxonomy":"post_tag","embeddable":true,"href":"https:\/\/grandepremio.com\/br\/wp-json\/wp\/v2\/tags?post=119754"},{"taxonomy":"42wp_author","embeddable":true,"href":"https:\/\/grandepremio.com\/br\/wp-json\/wp\/v2\/42wp_author?post=119754"}],"curies":[{"name":"wp","href":"https:\/\/api.w.org\/{rel}","templated":true}]}}