{"id":119759,"date":"2021-06-30T16:32:35","date_gmt":"2021-06-30T19:32:35","guid":{"rendered":"https:\/\/grandepremio.com\/br\/noticias\/formula-1-decide-vencedor-corrida-classificacao-sera-creditado-como-pole-gp\/"},"modified":"2021-07-01T10:43:29","modified_gmt":"2021-07-01T13:43:29","slug":"formula-1-decide-vencedor-corrida-classificacao-sera-creditado-como-pole-gp","status":"publish","type":"post","link":"https:\/\/grandepremio.com\/br\/f1\/formula-1-decide-vencedor-corrida-classificacao-sera-creditado-como-pole-gp\/","title":{"rendered":"F\u00f3rmula 1 decide que vencedor da corrida de classifica\u00e7\u00e3o ser\u00e1 creditado como pole do GP"},"content":{"rendered":"\n<figure class=\"wp-block-embed is-type-video is-provider-youtube wp-block-embed-youtube wp-embed-aspect-16-9 wp-has-aspect-ratio\"><div class=\"wp-block-embed__wrapper\">\n<iframe loading=\"lazy\" title=\"A JULIETTE DA F1: O QUE A MERCEDES PODE FAZER PARA VENCER A RED BULL NA \u00c1USTRIA | GP \u00e0s 10\" width=\"500\" height=\"281\" src=\"https:\/\/www.youtube.com\/embed\/P2wBS75QtwI?feature=oembed\" frameborder=\"0\" allow=\"accelerometer; autoplay; clipboard-write; encrypted-media; gyroscope; picture-in-picture; web-share\" referrerpolicy=\"strict-origin-when-cross-origin\" allowfullscreen><\/iframe>\n<\/div><figcaption><strong>Como a Mercedes pode desbancar a &#8216;Juliette da F1&#8217; e arrancar para a vit\u00f3ria? ASSISTA<\/strong>!<\/figcaption><\/figure>\n\n\n\n<p class=\"wp-block-paragraph\">As corridas de classifica\u00e7\u00e3o v\u00e3o acontecer na F\u00f3rmula 1 e as regras ainda est\u00e3o sendo estabelecidas &#8212; e uma delas \u00e9 em rela\u00e7\u00e3o \u00e0 pole-position. O que havia sido afirmado anteriormente por Ross Brawn, diretor-esportivo da F1, era que o piloto que fosse o mais r\u00e1pido na classifica\u00e7\u00e3o de sexta e, largando em primeiro na corrida de s\u00e1bado, seria considerado o vencedor da pole. S\u00f3 que, depois de discuss\u00f5es entre a FIA (Federa\u00e7\u00e3o Internacional de Automobilismo) e a F1, foi decidido que o piloto que ganhar a corrida do s\u00e1bado ser\u00e1 registrado nas estat\u00edsticas como o pole.<\/p>\n\n\n\n<p class=\"wp-block-paragraph\">&#8220;Provavelmente terei de corrigir algo que disse antes, porque inicialmente pensamos que pole-position seria decidida na classifica\u00e7\u00e3o de sexta-feira\u201d, disse Brawn, quando questionado sobre a quest\u00e3o da pole.&nbsp;<\/p>\n\n\n\n<p class=\"wp-block-paragraph\">&#8220;Ent\u00e3o, a pessoa que terminar a corrida em primeiro lugar \u00e9 a que estar\u00e1 na frente do grid e ser\u00e1 o pole-position para a corrida no domingo.&nbsp;E \u00e9 isso que vamos contar estatisticamente para o n\u00famero de poles, porque \u00e9 a classifica\u00e7\u00e3o do formato das corridas sprints&#8221;, acrescentou. <\/p>\n\n\n\n<figure class=\"wp-block-video\"><video class=\"video-js vjs-big-play-centered\" data-gp-vjs=\"1\" controls src=\"https:\/\/www.grandepremio.com\/br\/wp-content\/uploads\/l-videos\/EstiriaF1Domingo2021.mp4\"><\/video><figcaption>Verstappen domina e vence na casa da Red Bull: os melhores momentos do GP da Est\u00edria (GRANDE PR\u00caMIO com Reuters)<\/figcaption><\/figure>\n\n\n\n<p class=\"wp-block-paragraph\">Brawn tamb\u00e9m confirmou que os procedimentos pr\u00e9 e p\u00f3s-corridas de classifica\u00e7\u00e3o n\u00e3o seguir\u00e3o o formato usual para a prova de domingo e n\u00e3o ser\u00e1 uma cerim\u00f4nia de p\u00f3dio tradicional.<\/p>\n\n\n\n<p class=\"wp-block-paragraph\">\u201cEstamos tentando dar um sabor diferente,\u201d disse ele quando questionado pelo site americano Motorsport.com sobre as diferen\u00e7as no  procedimento.&nbsp;&#8220;N\u00e3o haver\u00e1 a apresenta\u00e7\u00e3o dos carros, mas haver\u00e1 oportunidades no grid para entrevistar os pilotos.&#8221;<\/p>\n\n\n\n<p class=\"wp-block-paragraph\">\u201cE temos algumas coisas interessantes que queremos experimentar depois da corrida, que \u00e9 mais curta.&nbsp;N\u00e3o haver\u00e1 p\u00f3dio, ser\u00e1 como uma classifica\u00e7\u00e3o, porque queremos manter o p\u00f3dio para o grande evento do fim de semana, que \u00e9 no domingo&#8221;, seguiu.<\/p>\n\n\n\n<figure class=\"wp-block-embed is-type-rich is-provider-spotify wp-block-embed-spotify wp-embed-aspect-21-9 wp-has-aspect-ratio\"><div class=\"wp-block-embed__wrapper\">\n<iframe title=\"Spotify Embed: Paddockast #109 | A primeira avalia\u00e7\u00e3o dos pilotos da F1 2021\" style=\"border-radius: 12px\" width=\"100%\" height=\"152\" frameborder=\"0\" allowfullscreen allow=\"autoplay; clipboard-write; encrypted-media; fullscreen; picture-in-picture\" loading=\"lazy\" src=\"https:\/\/open.spotify.com\/embed\/episode\/64zt5By0JZONMDqRqkJlKE?utm_source=oembed\"><\/iframe>\n<\/div><\/figure>\n\n\n\n<p class=\"wp-block-paragraph\"><strong>Conhe\u00e7a o canal do Grande Pr\u00eamio no YouTube! Clique&nbsp;<a target=\"_blank\" href=\"https:\/\/youtube.com\/GrandePremioTV\" rel=\"noreferrer noopener\">aqui<\/a>.<br>Siga o Grande Pr\u00eamio no&nbsp;<a target=\"_blank\" href=\"https:\/\/twitter.com\/grandepremio\" rel=\"noreferrer noopener\">Twitter&nbsp;<\/a>e no&nbsp;<a target=\"_blank\" href=\"https:\/\/instagram.com\/grandepremio\" rel=\"noreferrer noopener\">Instagram<\/a>!<\/strong><\/p>\n\n\n\n<p class=\"wp-block-paragraph\">Brawn enfatizou que \u00e9 importante explicar ao p\u00fablico como funcionam os fins de semana das corridas de classifica\u00e7\u00e3o. As regras definitivas dos novo formato devem ser decididas depois de uma reuni\u00e3o dos chefes de equipe nesta quinta-feira (1\u00b0) no Red Bull Ring, com alguns detalhes das restri\u00e7\u00f5es do parque fechado ainda em an\u00e1lise.<\/p>\n\n\n\n<p class=\"wp-block-paragraph\">\u201cTeremos uma competi\u00e7\u00e3o de verdade na sexta-feira, uma nova competi\u00e7\u00e3o no s\u00e1bado, e tudo isso deve melhorar o GP no domingo\u201d, disse ele.&nbsp;\u201cPortanto, n\u00e3o acredito que possamos esquecer o GP de forma alguma.&nbsp;Isso tudo \u00e9 aditivo e contribuir\u00e1 para todo o fim de semana.&#8221;<\/p>\n\n\n\n<p class=\"wp-block-paragraph\">Vale lembrar que as corrida de classifica\u00e7\u00e3o est\u00e3o agendadas incialmente para as etapas em Silverstone, Monza e S\u00e3o Paulo. A temporada 2021 continua j\u00e1 neste fim de semana, na mesma pista de Spielberg, com o GP da \u00c1ustria. O&nbsp;<strong>GRANDE PR\u00caMIO<\/strong>&nbsp;acompanha todas as atividades&nbsp;<strong>AO VIVO<\/strong>&nbsp;e&nbsp;<strong>EM TEMPO REAL<\/strong>.<\/p>\n\n\n\n<p class=\"wp-block-paragraph\"><\/p>\n","protected":false},"excerpt":{"rendered":"<p>Ross Brawn, diretor-esportivo da F\u00f3rmula 1, deixou claro: o vencedor da corrida de classifica\u00e7\u00e3o ser\u00e1 contado estatisticamente como o pole-position. Novidade ser\u00e1 testada em Silverstone<\/p>\n","protected":false},"author":0,"featured_media":1000488290,"comment_status":"closed","ping_status":"closed","sticky":false,"template":"","format":"standard","meta":{"42wp_featured_image_caption":"","42wp_featured_image_credits":"","42wp_featured_video":"","42wp_featured_image_hidden":false,"42wp_authors_list":[],"footnotes":""},"categories":[2],"tags":[27257,103,24837,25536,24836,145],"42wp_author":[47139],"class_list":["post-119759","post","type-post","status-publish","format-standard","has-post-thumbnail","hentry","category-f1","tag-corridas-de-classificacao","tag-fia","tag-formula-1-2","tag-formula-1-2021-2","tag-grande-premio-2","tag-ross-brawn","42wp_author-ana-cerveira"],"_links":{"self":[{"href":"https:\/\/grandepremio.com\/br\/wp-json\/wp\/v2\/posts\/119759","targetHints":{"allow":["GET"]}}],"collection":[{"href":"https:\/\/grandepremio.com\/br\/wp-json\/wp\/v2\/posts"}],"about":[{"href":"https:\/\/grandepremio.com\/br\/wp-json\/wp\/v2\/types\/post"}],"replies":[{"embeddable":true,"href":"https:\/\/grandepremio.com\/br\/wp-json\/wp\/v2\/comments?post=119759"}],"version-history":[{"count":0,"href":"https:\/\/grandepremio.com\/br\/wp-json\/wp\/v2\/posts\/119759\/revisions"}],"wp:featuredmedia":[{"embeddable":true,"href":"https:\/\/grandepremio.com\/br\/wp-json\/wp\/v2\/media\/1000488290"}],"wp:attachment":[{"href":"https:\/\/grandepremio.com\/br\/wp-json\/wp\/v2\/media?parent=119759"}],"wp:term":[{"taxonomy":"category","embeddable":true,"href":"https:\/\/grandepremio.com\/br\/wp-json\/wp\/v2\/categories?post=119759"},{"taxonomy":"post_tag","embeddable":true,"href":"https:\/\/grandepremio.com\/br\/wp-json\/wp\/v2\/tags?post=119759"},{"taxonomy":"42wp_author","embeddable":true,"href":"https:\/\/grandepremio.com\/br\/wp-json\/wp\/v2\/42wp_author?post=119759"}],"curies":[{"name":"wp","href":"https:\/\/api.w.org\/{rel}","templated":true}]}}