{"id":119774,"date":"2021-06-30T07:00:00","date_gmt":"2021-06-30T10:00:00","guid":{"rendered":"https:\/\/grandepremio.com\/br\/noticias\/charles-leclerc-nao-merece-aplausos-acabar-gp-pierre-gasly-reclama-gabriel-curty\/"},"modified":"2021-06-30T06:12:18","modified_gmt":"2021-06-30T09:12:18","slug":"charles-leclerc-nao-merece-aplausos-acabar-gp-pierre-gasly-reclama-gabriel-curty","status":"publish","type":"post","link":"https:\/\/grandepremio.com\/br\/f1\/charles-leclerc-nao-merece-aplausos-acabar-gp-pierre-gasly-reclama-gabriel-curty\/","title":{"rendered":"Leclerc n\u00e3o merece aplausos ap\u00f3s acabar com GP de Gasly, reclama Gabriel Curty"},"content":{"rendered":"\n<p class=\"wp-block-paragraph\">Charles Leclerc realmente fez uma boa corrida de recupera\u00e7\u00e3o no GP da Est\u00edria, mas s\u00f3 porque cometeu um erro bobo em briga com Pierre Gasly na largada. O monegasco furou o pneu do franc\u00eas, quebrando sua pr\u00f3pria asa dianteira no processo. Mesmo sendo um erro aparentemente pequeno, Gabriel Curty n\u00e3o passa pano: no Paddock GP #245, o jornalista apontou que a corrida do ferrarista esteve longe de ser louv\u00e1vel.<\/p>\n\n\n\n<figure class=\"wp-block-embed is-type-video is-provider-youtube wp-block-embed-youtube wp-embed-aspect-16-9 wp-has-aspect-ratio\"><div class=\"wp-block-embed__wrapper\">\n<iframe loading=\"lazy\" title=\"F1 2021: RED BULL PROVA TER MELHOR CARRO E MERCEDES JOGA A TOALHA | PADDOCK GP #245\" width=\"500\" height=\"281\" src=\"https:\/\/www.youtube.com\/embed\/WCJPKfx82Ng?start=4423&amp;feature=oembed\" frameborder=\"0\" allow=\"accelerometer; autoplay; clipboard-write; encrypted-media; gyroscope; picture-in-picture; web-share\" referrerpolicy=\"strict-origin-when-cross-origin\" allowfullscreen><\/iframe>\n<\/div><\/figure>\n\n\n\n<p class=\"wp-block-paragraph\"><strong>Conhe\u00e7a o canal do Grande Pr\u00eamio no YouTube! Clique\u00a0<a target=\"_blank\" href=\"https:\/\/youtube.com\/GrandePremioTV\" rel=\"noreferrer noopener\">aqui<\/a>.<br>Siga o Grande Pr\u00eamio no\u00a0<a target=\"_blank\" href=\"https:\/\/twitter.com\/grandepremio\" rel=\"noreferrer noopener\">Twitter\u00a0<\/a>e no\u00a0<a target=\"_blank\" href=\"https:\/\/instagram.com\/grandepremio\" rel=\"noreferrer noopener\">Instagram<\/a>!<\/strong><\/p>\n","protected":false},"excerpt":{"rendered":"<p>Charles Leclerc abriu o GP da Est\u00edria furando o pneu de Pierre Gasly. Mesmo se recuperando bem, o monegasco n\u00e3o recebeu elogios da bancada do Paddock GP #245<\/p>\n","protected":false},"author":0,"featured_media":1000487897,"comment_status":"closed","ping_status":"closed","sticky":false,"template":"","format":"standard","meta":{"42wp_featured_image_caption":"","42wp_featured_image_credits":"","42wp_featured_video":"","42wp_featured_image_hidden":false,"42wp_authors_list":[],"footnotes":""},"categories":[2],"tags":[209,156,24837,230,24894,1537,676,1763],"42wp_author":[47118],"class_list":["post-119774","post","type-post","status-publish","format-standard","has-post-thumbnail","hentry","category-f1","tag-charles-leclerc","tag-f1-2021","tag-formula-1-2","tag-gabriel-curty","tag-gp-da-estiria-2","tag-paddock-gp","tag-pierre-gasly","tag-red-bull-ring","42wp_author-vitor-fazio"],"_links":{"self":[{"href":"https:\/\/grandepremio.com\/br\/wp-json\/wp\/v2\/posts\/119774","targetHints":{"allow":["GET"]}}],"collection":[{"href":"https:\/\/grandepremio.com\/br\/wp-json\/wp\/v2\/posts"}],"about":[{"href":"https:\/\/grandepremio.com\/br\/wp-json\/wp\/v2\/types\/post"}],"replies":[{"embeddable":true,"href":"https:\/\/grandepremio.com\/br\/wp-json\/wp\/v2\/comments?post=119774"}],"version-history":[{"count":0,"href":"https:\/\/grandepremio.com\/br\/wp-json\/wp\/v2\/posts\/119774\/revisions"}],"wp:featuredmedia":[{"embeddable":true,"href":"https:\/\/grandepremio.com\/br\/wp-json\/wp\/v2\/media\/1000487897"}],"wp:attachment":[{"href":"https:\/\/grandepremio.com\/br\/wp-json\/wp\/v2\/media?parent=119774"}],"wp:term":[{"taxonomy":"category","embeddable":true,"href":"https:\/\/grandepremio.com\/br\/wp-json\/wp\/v2\/categories?post=119774"},{"taxonomy":"post_tag","embeddable":true,"href":"https:\/\/grandepremio.com\/br\/wp-json\/wp\/v2\/tags?post=119774"},{"taxonomy":"42wp_author","embeddable":true,"href":"https:\/\/grandepremio.com\/br\/wp-json\/wp\/v2\/42wp_author?post=119774"}],"curies":[{"name":"wp","href":"https:\/\/api.w.org\/{rel}","templated":true}]}}