{"id":119788,"date":"2021-06-29T10:53:18","date_gmt":"2021-06-29T13:53:18","guid":{"rendered":"https:\/\/grandepremio.com\/br\/noticias\/diretor-desmente-chefe-mercedes-numero-razoavel-atualizacoes-w12\/"},"modified":"2021-06-29T10:58:12","modified_gmt":"2021-06-29T13:58:12","slug":"diretor-desmente-chefe-mercedes-numero-razoavel-atualizacoes-w12","status":"publish","type":"post","link":"https:\/\/grandepremio.com\/br\/f1\/diretor-desmente-chefe-mercedes-numero-razoavel-atualizacoes-w12\/","title":{"rendered":"Diretor desmente chefe e promete &#8220;n\u00famero razo\u00e1vel de atualiza\u00e7\u00f5es&#8221; da Mercedes no W12"},"content":{"rendered":"\n<figure class=\"wp-block-video\"><video class=\"video-js vjs-big-play-centered\" data-gp-vjs=\"1\" controls src=\"https:\/\/www.grandepremio.com\/br\/wp-content\/uploads\/l-videos\/EstiriaF1Domingo2021.mp4\"><\/video><figcaption>Verstappen domina e vence na casa da Red Bull: os melhores momentos do GP da Est\u00edria (GRANDE PR\u00caMIO com Reuters)<\/figcaption><\/figure>\n\n\n\n<p class=\"wp-block-paragraph\">A Mercedes est\u00e1 em vi\u00e9s de baixa. \u00c9 evidente quando se avalia a primeira sequ\u00eancia de quatro derrotas seguidas, algo que n\u00e3o acontecia desde 2013, e todas elas com extrema superioridade da Red Bull. Ap\u00f3s o GP da Est\u00edria, o chefe Toto Wolff disse que a Mercedes j\u00e1 <a href=\"https:\/\/www.grandepremio.com\/br\/f1\/noticias\/mercedes-revela-parou-desenvolvimento-2021-promete-viva-briga\/\">n\u00e3o atualiza mais o carro de 2021<\/a>, mas o diretor-t\u00e9cnico James Allison apontou em dire\u00e7\u00e3o diferente.<\/p>\n\n\n\n<p class=\"wp-block-paragraph\">Segundo Allison, que a partir de julho passa a ser executivo-t\u00e9cnico, um cargo acima da diretoria que comanda atualmente, apontou que a Mercedes tem, sim, novidades para tentar conter a rival dos energ\u00e9ticos ao longo dos pr\u00f3ximos meses.<\/p>\n\n\n\n<p class=\"wp-block-paragraph\"><strong>Conhe\u00e7a o canal do Grande Pr\u00eamio no YouTube! Clique&nbsp;<a target=\"_blank\" href=\"https:\/\/youtube.com\/GrandePremioTV\" rel=\"noreferrer noopener\">aqui<\/a>.<br>Siga o Grande Pr\u00eamio no&nbsp;<a target=\"_blank\" href=\"https:\/\/twitter.com\/grandepremio\" rel=\"noreferrer noopener\">Twitter&nbsp;<\/a>e no&nbsp;<a target=\"_blank\" href=\"https:\/\/instagram.com\/grandepremio\" rel=\"noreferrer noopener\">Instagram<\/a>!<\/strong><br><strong><a href=\"https:\/\/www.grandepremio.com\/br\/f1\/noticias\/opiniao-gp-red-bull-inverte-papeis-vira-melhor-equipe-e-ve-mercedes-de-maos-atadas\/\">Opini\u00e3o GP<\/a>: Red Bull inverte pap\u00e9is, vira melhor equipe e v\u00ea Mercedes de m\u00e3os atadas<\/strong><\/p>\n\n\n\n<p class=\"wp-block-paragraph\">&#8220;Temos um n\u00famero razo\u00e1vel de coisas que v\u00e3o fazer nosso carro mais r\u00e1pido nas pr\u00f3ximas corridas. Vamos esperar que seja o suficiente&#8221;, afirmou ao podcast &#8216;F1 Nation&#8217;, da F\u00f3rmula 1.<\/p>\n\n\n\n<p class=\"wp-block-paragraph\">Questionado se vai de encontro \u00e0 afirma\u00e7\u00e3o de Wolff no domingo passado, contemporizou. Segundo ele, houve uma percep\u00e7\u00e3o equivocada do que disse o chefe e, assim, as duas afirma\u00e7\u00f5es caminham juntas.<\/p>\n\n\n\n<figure class=\"wp-block-image size-large\"><img decoding=\"async\" src=\"https:\/\/www.grandepremio.com\/br\/wp-content\/uploads\/2021\/06\/E4VPePBWYAM8y8e-e1624971741835-1024x755.jpg\" alt=\"TOTO WOLFF; MERCEDES; GP DA FRAN\u00c7A\" class=\"wp-image-485069\"\/><figcaption>Toto Wolff falou que a Mercedes parou de atualizar o carro de 2021 (Foto: F1\/Twitter)<\/figcaption><\/figure>\n\n\n\n<figure class=\"wp-block-embed is-type-rich is-provider-spotify wp-block-embed-spotify wp-embed-aspect-21-9 wp-has-aspect-ratio\"><div class=\"wp-block-embed__wrapper\">\n<iframe title=\"Spotify Embed: Paddockast #109 | A primeira avalia\u00e7\u00e3o dos pilotos da F1 2021\" style=\"border-radius: 12px\" width=\"100%\" height=\"152\" frameborder=\"0\" allowfullscreen allow=\"autoplay; clipboard-write; encrypted-media; fullscreen; picture-in-picture\" loading=\"lazy\" src=\"https:\/\/open.spotify.com\/embed\/episode\/64zt5By0JZONMDqRqkJlKE?utm_source=oembed\"><\/iframe>\n<\/div><figcaption>Paddockast #109: A primeira avalia\u00e7\u00e3o dos pilotos em 2021<\/figcaption><\/figure>\n\n\n\n<p class=\"wp-block-paragraph\">&#8220;N\u00e3o acho que essas duas coisas sejam excludentes. N\u00e3o creio que o que Toto falou foi exatamente isso&#8221;, defendeu.<\/p>\n\n\n\n<p class=\"wp-block-paragraph\">&#8220;O que Toto destacou foi que as regras do ano que vem representam uma mudan\u00e7a grande e cabeluda e que demandam muito da nossa aten\u00e7\u00e3o, ent\u00e3o a maior parte do foco da nossa f\u00e1brica mudou para o setor de descoberta de desempenho pensando no ano que vem. Isso n\u00e3o significa que n\u00e3o temos coisas na fila que foram preparadas antes dessa mudan\u00e7a de foco&#8221;, esclareceu.<\/p>\n\n\n\n<p class=\"wp-block-paragraph\">&#8220;Al\u00e9m disso, n\u00e3o \u00e9 a f\u00e1brica inteira. N\u00f3s, em Brackley, somos somente uma de duas f\u00e1bricas. Ainda h\u00e1 a de Brixworth [casa do motor] e temos mais a vir da nossa unidade de for\u00e7a. Ent\u00e3o, temos mudan\u00e7as aerodin\u00e2micas no forno, um pouco no motor tamb\u00e9m na parte de pot\u00eancia, esperamos, e mais algumas coisas que n\u00e3o s\u00e3o t\u00e3o definitivas, mas que gostar\u00edamos de acertar ainda esse ano enquanto a temporada est\u00e1 viva e pegando fogo&#8221;, falou.<\/p>\n\n\n\n<p class=\"wp-block-paragraph\">Em meio ao quarteto de derrotas para a Red Bull, Allison apontou para Lewis Hamilton e a forma como trabalha em situa\u00e7\u00f5es de desvantagem como a atual.<\/p>\n\n\n\n\n\n<p class=\"wp-block-paragraph\">&#8220;Desde que a mudan\u00e7a aerodin\u00e2mica [dos assoalhos, em 2021] passou a valer para cuidar dos pneus, passamos a achar tremendamente dif\u00edcil recuperar a margem de desempenho que ganh\u00e1vamos na regra anterior. Lewis quer guiar um carro que permita a ele mostrar suas habilidades, mas ele \u00e9 absolutamente brilhante para n\u00f3s nas circunst\u00e2ncias atuais, porque \u00e9 muito focado em vencer, ent\u00e3o a resposta \u00e9 simplesmente dobrar a pr\u00f3pria contribui\u00e7\u00e3o&#8221;, elogiou.<\/p>\n\n\n\n<p class=\"wp-block-paragraph\">&#8220;Ele estava na f\u00e1brica guiando em um monte de voltas de simula\u00e7\u00e3o na semana passada e est\u00e1 t\u00e3o comprometido quanto todo mundo em ter certeza que possamos encontrar o limite que precisamos para pressionar a Red Bull. Creio que vamos Lewis em seu absoluto auge&#8221;, finalizou.<\/p>\n\n\n\n<p class=\"wp-block-paragraph\">A temporada 2021 continua j\u00e1 neste fim de semana, na mesma pista de Spielberg, com o GP da \u00c1ustria. O <strong>GRANDE PR\u00caMIO<\/strong> acompanha todas as atividades <strong>AO VIVO<\/strong> e <strong>EM TEMPO REAL<\/strong>.<\/p>\n\n\n\n<figure class=\"wp-block-embed is-type-video is-provider-youtube wp-block-embed-youtube wp-embed-aspect-16-9 wp-has-aspect-ratio\"><div class=\"wp-block-embed__wrapper\">\n<iframe loading=\"lazy\" title=\"F1 2021 E &amp;apos;ERA MERCEDES&amp;apos; ACABAM SE VERSTAPPEN VENCER GP DA \u00c1USTRIA | GP \u00e0s 10\" width=\"500\" height=\"281\" src=\"https:\/\/www.youtube.com\/embed\/6pX9p6k7Yvo?feature=oembed\" frameborder=\"0\" allow=\"accelerometer; autoplay; clipboard-write; encrypted-media; gyroscope; picture-in-picture; web-share\" referrerpolicy=\"strict-origin-when-cross-origin\" allowfullscreen><\/iframe>\n<\/div><figcaption>GP \u00e0s 10: &#8216;Era Mercedes&#8217; acaba se Verstappen vencer GP da \u00c1ustria<\/figcaption><\/figure>\n","protected":false},"excerpt":{"rendered":"<p>James Allison, diretor-t\u00e9cnico da Mercedes, foi de encontro ao que disse Toto Wolff e prometeu novidades para as pr\u00f3ximas corridas de 2021<\/p>\n","protected":false},"author":0,"featured_media":1000462093,"comment_status":"closed","ping_status":"closed","sticky":false,"template":"","format":"standard","meta":{"42wp_featured_image_caption":"","42wp_featured_image_credits":"","42wp_featured_video":"","42wp_featured_image_hidden":false,"42wp_authors_list":[],"footnotes":""},"categories":[2],"tags":[156,25536,24894,24836,28285,2301,87,82,4613,150,27193],"42wp_author":[47120],"class_list":["post-119788","post","type-post","status-publish","format-standard","has-post-thumbnail","hentry","category-f1","tag-f1-2021","tag-formula-1-2021-2","tag-gp-da-estiria-2","tag-grande-premio-2","tag-grandepremio","tag-james-allison","tag-lewis-hamilton","tag-mercedes","tag-spielberg","tag-toto-wolff","tag-w12","42wp_author-pedro-henrique-marum"],"_links":{"self":[{"href":"https:\/\/grandepremio.com\/br\/wp-json\/wp\/v2\/posts\/119788","targetHints":{"allow":["GET"]}}],"collection":[{"href":"https:\/\/grandepremio.com\/br\/wp-json\/wp\/v2\/posts"}],"about":[{"href":"https:\/\/grandepremio.com\/br\/wp-json\/wp\/v2\/types\/post"}],"replies":[{"embeddable":true,"href":"https:\/\/grandepremio.com\/br\/wp-json\/wp\/v2\/comments?post=119788"}],"version-history":[{"count":0,"href":"https:\/\/grandepremio.com\/br\/wp-json\/wp\/v2\/posts\/119788\/revisions"}],"wp:featuredmedia":[{"embeddable":true,"href":"https:\/\/grandepremio.com\/br\/wp-json\/wp\/v2\/media\/1000462093"}],"wp:attachment":[{"href":"https:\/\/grandepremio.com\/br\/wp-json\/wp\/v2\/media?parent=119788"}],"wp:term":[{"taxonomy":"category","embeddable":true,"href":"https:\/\/grandepremio.com\/br\/wp-json\/wp\/v2\/categories?post=119788"},{"taxonomy":"post_tag","embeddable":true,"href":"https:\/\/grandepremio.com\/br\/wp-json\/wp\/v2\/tags?post=119788"},{"taxonomy":"42wp_author","embeddable":true,"href":"https:\/\/grandepremio.com\/br\/wp-json\/wp\/v2\/42wp_author?post=119788"}],"curies":[{"name":"wp","href":"https:\/\/api.w.org\/{rel}","templated":true}]}}