{"id":119815,"date":"2021-06-28T09:30:20","date_gmt":"2021-06-28T12:30:20","guid":{"rendered":"https:\/\/grandepremio.com\/br\/noticias\/red-bull-se-culpa-por-podio-perdido-sergio-perez-corrida-gigantesca-gp-da-estiria\/"},"modified":"2021-06-28T09:30:27","modified_gmt":"2021-06-28T12:30:27","slug":"red-bull-se-culpa-por-podio-perdido-sergio-perez-corrida-gigantesca-gp-da-estiria","status":"publish","type":"post","link":"https:\/\/grandepremio.com\/br\/f1\/red-bull-se-culpa-por-podio-perdido-sergio-perez-corrida-gigantesca-gp-da-estiria\/","title":{"rendered":"Red Bull se culpa por p\u00f3dio perdido de P\u00e9rez ap\u00f3s \u201ccorrida gigantesca\u201d no GP da Est\u00edria"},"content":{"rendered":"\n<figure class=\"wp-block-video\"><video class=\"video-js vjs-big-play-centered\" data-gp-vjs=\"1\" controls src=\"https:\/\/www.grandepremio.com\/br\/wp-content\/uploads\/l-videos\/EstiriaF1Domingo2021.mp4\"><\/video><figcaption>Verstappen domina e vence na casa da Red Bull: os melhores momentos do GP da Est\u00edria (GRANDE PR\u00caMIO com Reuters)<\/figcaption><\/figure>\n\n\n\n<p class=\"wp-block-paragraph\">Sergio P\u00e9rez tinha totais condi\u00e7\u00f5es de garantir seu terceiro p\u00f3dio consecutivo na temporada 2021 da F\u00f3rmula 1 no GP da Est\u00edria do \u00faltimo domingo (27). Entretanto, um problema no primeiro pit-stop do mexicano, durante a fixa\u00e7\u00e3o da roda traseira esquerda, acarretou ligeira perda de tempo. \u2018Checo\u2019 lan\u00e7ou m\u00e3o de uma ousada estrat\u00e9gia na parte final da corrida e foi aos boxes para uma segunda parada, cal\u00e7ou pneus m\u00e9dios e partiu para o ataque contra Valtteri Bottas. Faltou uma volta. Por apenas 0s5, o finland\u00eas cruzou a linha de chegada em terceiro, logo \u00e0 frente de P\u00e9rez.<\/p>\n\n\n\n<p class=\"wp-block-paragraph\">Em postagem nas redes sociais depois da corrida, \u2018Checo\u2019 escreveu: \u201cSomos uma equipe muito unida. Vencemos e perdemos juntos sempre\u201d. Em grande fase, quase em momento de lua-de-mel na Red Bull, o piloto nascido em Guadalajara foi elogiado pela c\u00fapula da equipe, que assumiu a culpa pelo p\u00f3dio perdido no circuito austr\u00edaco.<\/p>\n\n\n\n<p class=\"wp-block-paragraph\"><strong>LEIA TAMB\u00c9M<\/strong><br><strong><a href=\"https:\/\/www.grandepremio.com\/br\/f1\/noticias\/opiniao-gp-red-bull-inverte-papeis-vira-melhor-equipe-e-ve-mercedes-de-maos-atadas\/\">OPINI\u00c3O GP: Red Bull inverte pap\u00e9is, vira melhor equipe e v\u00ea Mercedes de m\u00e3os atadas<\/a><\/strong><\/p>\n\n\n\n<figure class=\"wp-block-image size-large\"><img decoding=\"async\" src=\"https:\/\/www.grandepremio.com\/br\/wp-content\/uploads\/2021\/06\/redbull-sergioperez-01-8-1024x683.jpg\" alt=\"\" class=\"wp-image-487328\"\/><figcaption>Sergio P\u00e9rez teve outra jornada bastante elogiada pela Red Bull na temporada (Foto: Red Bull Pool Content\/Getty Images)<\/figcaption><\/figure>\n\n\n\n<p class=\"wp-block-paragraph\">Em entrevista ao servi\u00e7o espanhol de streaming DAZN F1, Helmut Marko, consultor da Red Bull, foi direto. \u201cPerder o terceiro lugar \u00e9 culpa da equipe. Porque o primeiro pit-stop deu errado. Claro, \u00e9 chato perder por 0s5. Mas a corrida de ultrapassagens dele foi gigantesca\u201d, destacou.<\/p>\n\n\n\n<p class=\"wp-block-paragraph\">No entanto, o ex-piloto austr\u00edaco n\u00e3o se furtou a lembrar que P\u00e9rez \u00e9 o segundo piloto da Red Bull e est\u00e1 em um bom lugar para desempenhar a fun\u00e7\u00e3o de escudeiro de Max Verstappen na luta pelo t\u00edtulo contra Lewis Hamilton e a Mercedes. \u201cPrecisamos disso para cobrir bem o piloto n\u00famero 1 com a estrat\u00e9gia inicial\u201d.<\/p>\n\n\n\n<p class=\"wp-block-paragraph\"><strong><a href=\"https:\/\/www.grandepremio.com\/br\/web-stories\/f1\/resultado-gp-estiria-formula-1-2021\/\">+O resultado do GP da Est\u00edria de\u00a0<\/a><a href=\"https:\/\/www.grandepremio.com\/br\/f1\/\" target=\"_blank\" rel=\"noreferrer noopener\">F\u00f3rmula 1<\/a><\/strong><br><strong><a href=\"https:\/\/www.grandepremio.com\/br\/web-stories\/f1\/classificacao-campeonato-formula-1-gp-estiria\/\">+A classifica\u00e7\u00e3o da F\u00f3rmula 1 depois do GP da Est\u00edria<\/a><\/strong><\/p>\n\n\n\n<p class=\"wp-block-paragraph\">Contudo, Marko destacou a grande melhora do mexicano em todos os aspectos em sua nova equipe nesta temporada. \u201cEle est\u00e1 cada vez melhor, mesmo em ritmo de classifica\u00e7\u00e3o. Estou muito feliz\u201d, ressaltou.<\/p>\n\n\n\n<p class=\"wp-block-paragraph\">Christian Horner, chefe da Red Bull, salientou o momento excelente da equipe l\u00edder do Mundial de Construtores e s\u00f3 lamentou mesmo o problema que tirou o p\u00f3dio de P\u00e9rez.<\/p>\n\n\n\n<p class=\"wp-block-paragraph\"><strong>Conhe\u00e7a o canal do Grande Pr\u00eamio no YouTube! Clique\u00a0<a target=\"_blank\" href=\"https:\/\/youtube.com\/GrandePremioTV\" rel=\"noreferrer noopener\">aqui<\/a>.<br>Siga o Grande Pr\u00eamio no\u00a0<a target=\"_blank\" href=\"https:\/\/twitter.com\/grandepremio\" rel=\"noreferrer noopener\">Twitter\u00a0<\/a>e no\u00a0<a target=\"_blank\" href=\"https:\/\/instagram.com\/grandepremio\" rel=\"noreferrer noopener\">Instagram<\/a>!<\/strong><\/p>\n\n\n\n<p class=\"wp-block-paragraph\">\u201cToda a equipe est\u00e1 trabalhando incrivelmente bem neste momento. O \u00fanico contratempo que tivemos na corrida foi o pit-stop de \u2018Checo\u2019. Tirando isso, foi uma atua\u00e7\u00e3o impec\u00e1vel. \u2018Checo\u2019 pilotou muito bem, foi uma pena que o pit-stop n\u00e3o tivesse sido o melhor porque ele manteria facilmente a posi\u00e7\u00e3o na pista\u201d, elogiou.<\/p>\n\n\n\n<p class=\"wp-block-paragraph\">Ao falar sobre a estrat\u00e9gia ousada de P\u00e9rez que quase lhe rendeu o terceiro lugar, Horner destacou a atitude do mexicano. \u201cSeu contra-ataque foi impressionante, e acho que esses 2s com o pneu traseiro esquerdo foram os que custaram o p\u00f3dio a ele\u201d, concluiu.<\/p>\n\n\n\n<p class=\"wp-block-paragraph\"><strong>LEIA TAMB\u00c9M<br><a href=\"https:\/\/www.grandepremio.com\/br\/f1\/noticias\/max-verstappen-equilibrio-do-carro-mira-outro-bom-trabalho-gp-da-austria\/\">+Verstappen exalta equil\u00edbrio j\u00e1 projeta outro bom trabalho na \u00c1ustria<\/a><br><a href=\"https:\/\/www.grandepremio.com\/br\/f1\/noticias\/lewis-hamilton-diz-e-impossivel-acompanhar-max-verstappen-relata-gp-estiria-solitario\/\">+2\u00ba, Hamilton reconhece que est\u00e1 \u2018imposs\u00edvel\u2019 acompanhar Verstappen<\/a><br><a href=\"https:\/\/grandepremium.grandepremio.com\/br\/analise\/f1\/materias\/parece-que-o-jogo-virou-nao-e-mesmo\/\">+Parece que o jogo virou, n\u00e3o \u00e9 mesmo? Red Bull domina a\u00a0<\/a><a href=\"https:\/\/www.grandepremio.com\/br\/f1\/\" target=\"_blank\" rel=\"noreferrer noopener\">F1\u00a0<\/a>em 2021<\/strong><\/p>\n\n\n\n<p class=\"wp-block-paragraph\">Mesmo em quarto lugar no GP da Est\u00edria, P\u00e9rez se manteve em terceiro no Mundial de Pilotos. O dono do carro #11 est\u00e1 42 pontos atr\u00e1s de Lewis Hamilton, vice-l\u00edder do campeonato, e soma 96 tentos no total, 10 a mais que Lando Norris e 22 \u00e0 frente de Bottas.<\/p>\n\n\n\n<p class=\"wp-block-paragraph\">A F\u00f3rmula 1 continua com sua s\u00e9rie de tr\u00eas corridas em finais de semana consecutivos e permanece no\u00a0<a href=\"https:\/\/www.grandepremio.com\/br\/etapa\/f1\/gp-da-austria-formula-1-2020\/\" target=\"_blank\" rel=\"noreferrer noopener\">Red Bull Ring<\/a>\u00a0para a disputa do GP da \u00c1ustria entre os dias 2 e 4 de julho, com promessa de casa cheia no circuito austr\u00edaco. O\u00a0<strong>GRANDE PR\u00caMIO<\/strong>\u00a0cobre tudo\u00a0<strong>AO VIVO e em TEMPO REAL<\/strong>.<\/p>\n\n\n\n<figure class=\"wp-block-embed is-type-video is-provider-youtube wp-block-embed-youtube wp-embed-aspect-16-9 wp-has-aspect-ratio\"><div class=\"wp-block-embed__wrapper\">\n<iframe loading=\"lazy\" title=\"DE PONTA A PONTA, VERSTAPPEN VENCE O GP DA EST\u00cdRIA DE F1, COM ANDERSON BIZZOCCHI  | Briefing\" width=\"500\" height=\"281\" src=\"https:\/\/www.youtube.com\/embed\/wuORY21HJvg?feature=oembed\" frameborder=\"0\" allow=\"accelerometer; autoplay; clipboard-write; encrypted-media; gyroscope; picture-in-picture; web-share\" referrerpolicy=\"strict-origin-when-cross-origin\" allowfullscreen><\/iframe>\n<\/div><\/figure>\n","protected":false},"excerpt":{"rendered":"<p>Christian Horner e Helmut Marko lamentaram o problema no primeiro pit-stop de Sergio P\u00e9rez no GP da Est\u00edria do \u00faltimo domingo. A c\u00fapula da Red Bull entende que a demora na fixa\u00e7\u00e3o da roda traseira esquerda determinou a perda do p\u00f3dio do mexicano no Red Bull Ring. \u2018Checo\u2019 foi bastante elogiado pela sua atua\u00e7\u00e3o<\/p>\n","protected":false},"author":0,"featured_media":1000488034,"comment_status":"closed","ping_status":"closed","sticky":false,"template":"","format":"standard","meta":{"42wp_featured_image_caption":"","42wp_featured_image_credits":"","42wp_featured_video":"","42wp_featured_image_hidden":false,"42wp_authors_list":[],"footnotes":""},"categories":[2],"tags":[147,156,24837,25536,24894,24836,204,1763,24863],"42wp_author":[47110],"class_list":["post-119815","post","type-post","status-publish","format-standard","has-post-thumbnail","hentry","category-f1","tag-f1","tag-f1-2021","tag-formula-1-2","tag-formula-1-2021-2","tag-gp-da-estiria-2","tag-grande-premio-2","tag-red-bull","tag-red-bull-ring","tag-sergio-perez-2","42wp_author-fernando-silva"],"_links":{"self":[{"href":"https:\/\/grandepremio.com\/br\/wp-json\/wp\/v2\/posts\/119815","targetHints":{"allow":["GET"]}}],"collection":[{"href":"https:\/\/grandepremio.com\/br\/wp-json\/wp\/v2\/posts"}],"about":[{"href":"https:\/\/grandepremio.com\/br\/wp-json\/wp\/v2\/types\/post"}],"replies":[{"embeddable":true,"href":"https:\/\/grandepremio.com\/br\/wp-json\/wp\/v2\/comments?post=119815"}],"version-history":[{"count":0,"href":"https:\/\/grandepremio.com\/br\/wp-json\/wp\/v2\/posts\/119815\/revisions"}],"wp:featuredmedia":[{"embeddable":true,"href":"https:\/\/grandepremio.com\/br\/wp-json\/wp\/v2\/media\/1000488034"}],"wp:attachment":[{"href":"https:\/\/grandepremio.com\/br\/wp-json\/wp\/v2\/media?parent=119815"}],"wp:term":[{"taxonomy":"category","embeddable":true,"href":"https:\/\/grandepremio.com\/br\/wp-json\/wp\/v2\/categories?post=119815"},{"taxonomy":"post_tag","embeddable":true,"href":"https:\/\/grandepremio.com\/br\/wp-json\/wp\/v2\/tags?post=119815"},{"taxonomy":"42wp_author","embeddable":true,"href":"https:\/\/grandepremio.com\/br\/wp-json\/wp\/v2\/42wp_author?post=119815"}],"curies":[{"name":"wp","href":"https:\/\/api.w.org\/{rel}","templated":true}]}}