{"id":119828,"date":"2021-06-27T17:22:34","date_gmt":"2021-06-27T20:22:34","guid":{"rendered":"https:\/\/grandepremio.com\/br\/noticias\/miguel-paludo-salta-para-primeiro-e-vence-corrida-2-da-porsche-cup-em-curitiba\/"},"modified":"2021-06-27T17:22:39","modified_gmt":"2021-06-27T20:22:39","slug":"miguel-paludo-salta-para-primeiro-e-vence-corrida-2-da-porsche-cup-em-curitiba","status":"publish","type":"post","link":"https:\/\/grandepremio.com\/br\/porsche\/miguel-paludo-salta-para-primeiro-e-vence-corrida-2-da-porsche-cup-em-curitiba\/","title":{"rendered":"Paludo salta para primeiro e vence corrida 2 da Porsche Cup em Curitiba"},"content":{"rendered":"\n<figure class=\"wp-block-video\"><video class=\"video-js vjs-big-play-centered\" data-gp-vjs=\"1\" controls src=\"https:\/\/www.grandepremio.com\/br\/wp-content\/uploads\/l-videos\/EstiriaF1Domingo2021.mp4\"><\/video><\/figure>\n\n\n\n<p class=\"wp-block-paragraph\">Um novo dia, uma nova vit\u00f3ria de Miguel Paludo. O atual campe\u00e3o da Porsche Cup voltou a demonstrar seu talento neste domingo (27) em Curitiba. Largando em quarto em uma prova de grid invertido, o veterano arrancou melhor do que os advers\u00e1rios diretos, assumindo a primeira coloca\u00e7\u00e3o e encaminhando a vit\u00f3ria.<\/p>\n\n\n\n<p class=\"wp-block-paragraph\">A largada forte se provou fundamental para Paludo, que sobrou com pista limpa. Com ritmo forte, o veterano n\u00e3o deu muita margem para ataques de Werner Neugebauer, que acabou em segundo. O terceiro colocado foi Eloi Khouri, seguido por Mar\u00e7al M\u00fcller e Alceu Feldmann na rabeira do top-5.<\/p>\n\n\n\n<p class=\"wp-block-paragraph\"><strong><strong>Conhe\u00e7a o canal do Grande Pr\u00eamio no YouTube! Clique\u00a0<a target=\"_blank\" href=\"https:\/\/youtube.com\/GrandePremioTV\" rel=\"noreferrer noopener\">aqui<\/a>.<\/strong><br><strong>Siga o Grande Pr\u00eamio no\u00a0<a target=\"_blank\" href=\"https:\/\/twitter.com\/grandepremio\" rel=\"noreferrer noopener\">Twitter\u00a0<\/a>e no\u00a0<a target=\"_blank\" href=\"https:\/\/instagram.com\/grandepremio\" rel=\"noreferrer noopener\">Instagram<\/a>!<\/strong><\/strong><\/p>\n\n\n\n<figure class=\"wp-block-image size-large\"><img decoding=\"async\" src=\"https:\/\/www.grandepremio.com\/br\/wp-content\/uploads\/2021\/05\/Press-Kit-PORSCHE-4.0-sexta-VELOCITTA-2021-8--1024x683.jpg\" alt=\"MIGUEL PALUDO; ENZO ELIAS; VELOCITTA; PORSCHE CUP;\" class=\"wp-image-478548\"\/><figcaption>Miguel Paludo ditou o ritmo (Foto: Luca Bassani)<\/figcaption><\/figure>\n\n\n\n<p class=\"wp-block-paragraph\">O resultado \u00e9 importante para o campeonato. M\u00fcller ainda lidera, mas em situa\u00e7\u00e3o bem menos confort\u00e1vel. S\u00e3o 70 pontos contra 67 de Paludo, que quase anulou a vantagem constru\u00edda na primeira corrida do fim de semana em Curitiba. Neugebauer, com 64, tamb\u00e9m segue no p\u00e1reo em uma disputa acirrada pelo caneco.<\/p>\n\n\n\n<p class=\"wp-block-paragraph\">Na categoria GT3 Cup, vit\u00f3ria de Ayman Darwich. Ao contr\u00e1rio da divis\u00e3o principal, a secund\u00e1ria teve a\u00e7\u00e3o at\u00e9 a \u00faltima volta. Christian Mohr, vencedor no s\u00e1bado, aplicou toda a press\u00e3o poss\u00edvel para levar a vit\u00f3ria no apagar das luzes. Ainda assim, acabou 0s2 atr\u00e1s na altura da linha de chegada.<\/p>\n\n\n\n<p class=\"wp-block-paragraph\">A Porsche Cup tira agora um m\u00eas de folga antes de retornar \u00e0 ativa. A pr\u00f3xima etapa \u00e9 no fim de semana dos dias 24 e 25 de julho, com rodada no Velocitta.<\/p>\n","protected":false},"excerpt":{"rendered":"<p>Miguel Paludo tomou a lideran\u00e7a de assalto na largada da corrida complementar da Porsche Cup em Curitiba. Com pista livre pela frente, o campe\u00e3o venceu sem maiores dificuldades<\/p>\n","protected":false},"author":0,"featured_media":1000487933,"comment_status":"closed","ping_status":"closed","sticky":false,"template":"","format":"standard","meta":{"42wp_featured_image_caption":"","42wp_featured_image_credits":"","42wp_featured_video":"","42wp_featured_image_hidden":false,"42wp_authors_list":[],"footnotes":""},"categories":[32],"tags":[827,1587,663],"42wp_author":[47118],"class_list":["post-119828","post","type-post","status-publish","format-standard","has-post-thumbnail","hentry","category-porsche","tag-curitiba","tag-miguel-paludo","tag-porsche-cup","42wp_author-vitor-fazio"],"_links":{"self":[{"href":"https:\/\/grandepremio.com\/br\/wp-json\/wp\/v2\/posts\/119828","targetHints":{"allow":["GET"]}}],"collection":[{"href":"https:\/\/grandepremio.com\/br\/wp-json\/wp\/v2\/posts"}],"about":[{"href":"https:\/\/grandepremio.com\/br\/wp-json\/wp\/v2\/types\/post"}],"replies":[{"embeddable":true,"href":"https:\/\/grandepremio.com\/br\/wp-json\/wp\/v2\/comments?post=119828"}],"version-history":[{"count":0,"href":"https:\/\/grandepremio.com\/br\/wp-json\/wp\/v2\/posts\/119828\/revisions"}],"wp:featuredmedia":[{"embeddable":true,"href":"https:\/\/grandepremio.com\/br\/wp-json\/wp\/v2\/media\/1000487933"}],"wp:attachment":[{"href":"https:\/\/grandepremio.com\/br\/wp-json\/wp\/v2\/media?parent=119828"}],"wp:term":[{"taxonomy":"category","embeddable":true,"href":"https:\/\/grandepremio.com\/br\/wp-json\/wp\/v2\/categories?post=119828"},{"taxonomy":"post_tag","embeddable":true,"href":"https:\/\/grandepremio.com\/br\/wp-json\/wp\/v2\/tags?post=119828"},{"taxonomy":"42wp_author","embeddable":true,"href":"https:\/\/grandepremio.com\/br\/wp-json\/wp\/v2\/42wp_author?post=119828"}],"curies":[{"name":"wp","href":"https:\/\/api.w.org\/{rel}","templated":true}]}}