{"id":119832,"date":"2021-06-27T15:55:36","date_gmt":"2021-06-27T18:55:36","guid":{"rendered":"https:\/\/grandepremio.com\/br\/noticias\/pepe-oriola-mostra-forca-vence-duas-vezes-abertura-tcr-sul-americano-interlagos\/"},"modified":"2021-06-27T16:00:26","modified_gmt":"2021-06-27T19:00:26","slug":"pepe-oriola-mostra-forca-vence-duas-vezes-abertura-tcr-sul-americano-interlagos","status":"publish","type":"post","link":"https:\/\/grandepremio.com\/br\/tcr\/pepe-oriola-mostra-forca-vence-duas-vezes-abertura-tcr-sul-americano-interlagos\/","title":{"rendered":"Oriola mostra for\u00e7a e vence duas vezes na abertura do TCR Sul-Americano em Interlagos"},"content":{"rendered":"\n<figure class=\"wp-block-video\"><video class=\"video-js vjs-big-play-centered\" data-gp-vjs=\"1\" controls src=\"https:\/\/www.grandepremio.com\/br\/wp-content\/uploads\/2021\/06\/MotoE-Granado-mecanico.mp4\"><\/video><figcaption>Eric Granado acertou um tapa, sem querer, no mec\u00e2nico ap\u00f3s a vit\u00f3ria (V\u00eddeo: MotoGP)<\/figcaption><\/figure>\n\n\n\n<p class=\"wp-block-paragraph\">O TCR Sul-Americano nasceu j\u00e1 com um piloto a ser batido. Pepe Oriola, <strong><a href=\"https:\/\/www.grandepremio.com\/br\/tcr-sul-americano\/noticias\/raphael-reis-mostra-forca-honda-interlagos-faz-primeira-pole-do-tcr-sul-americano\/\">mesmo sem largar da pole-position<\/a><\/strong> em nenhuma das duas corridas realizadas neste domingo (27) em Interlagos, deu show e venceu duas vezes.<\/p>\n\n\n\n<p class=\"wp-block-paragraph\">Nas duas provas, a largada fez a diferen\u00e7a. Na corrida 1, Oriola partiu melhor que Raphael Reis e, l\u00edder, n\u00e3o foi mais alcan\u00e7ado. Na 2, um feito ainda mais incr\u00edvel: em oitavo por conta do grid invertido, o piloto da Honda fez a largada dos sonhos e fechou a volta inicial j\u00e1 em primeiro. Em outras palavras: Pepe liderou absolutamente todos os giros no dia em Interlagos.<\/p>\n\n\n\n<p class=\"wp-block-paragraph\">Na corrida 1, Reis manteve o segundo lugar e cruzou a linha de chegada 2s9 atr\u00e1s, com Rodrigo Baptista fechando o p\u00f3dio. Na 2, o baixo n\u00famero de pilotos completando a corrida deixou o top-3 mais variado: al\u00e9m de Oriola em primeiro, Paul Holton e Ayrton Chorne tamb\u00e9m tiveram direito ao banho de champanhe.<\/p>\n\n\n\n<p class=\"wp-block-paragraph\"><strong><strong>Conhe\u00e7a o canal do Grande Pr\u00eamio no YouTube! Clique&nbsp;<a target=\"_blank\" href=\"https:\/\/youtube.com\/GrandePremioTV\" rel=\"noreferrer noopener\">aqui<\/a>.<\/strong><br><strong>Siga o Grande Pr\u00eamio no&nbsp;<a target=\"_blank\" href=\"https:\/\/twitter.com\/grandepremio\" rel=\"noreferrer noopener\">Twitter&nbsp;<\/a>e no&nbsp;<a target=\"_blank\" href=\"https:\/\/instagram.com\/grandepremio\" rel=\"noreferrer noopener\">Instagram<\/a>!<\/strong><\/strong><\/p>\n\n\n\n<figure class=\"wp-block-image size-large\"><img decoding=\"async\" src=\"https:\/\/www.grandepremio.com\/br\/wp-content\/uploads\/2021\/06\/unnamed-2-1-1024x682.jpg\" alt=\"\" class=\"wp-image-487882\"\/><figcaption>Pepe Oriola venceu duas vezes em Interlagos (Foto: Divulga\u00e7\u00e3o\/TCR)<\/figcaption><\/figure>\n\n\n\n<p class=\"wp-block-paragraph\">\u201cEstou muito contente\u201d, disse Oriola, refletindo sobre os resultados. \u201cEstrear com duas vit\u00f3rias \u00e9 um bom in\u00edcio, especialmente porque diferente dos pilotos brasileiros n\u00e3o conhecia a pista. Ent\u00e3o estou muito contente e agrade\u00e7o \u00e0 equipe pela confian\u00e7a. Demonstramos que o carro \u00e9 muito bom aqui. Tenho bastante experi\u00eancia com esse tipo de carro e soube utilizar isso na largada da corrida 2 aproveitando as oportunidades para avan\u00e7ar\u201d, seguiu.<\/p>\n\n\n\n<p class=\"wp-block-paragraph\">Oriola deixa Interlagos com uma lideran\u00e7a confort\u00e1vel no TCR. S\u00e3o 54 pontos, sendo que Holton soma apenas 34 na vice-lideran\u00e7a. Chorne, Reis e Sapag aparecem logo atr\u00e1s.<\/p>\n\n\n\n<p class=\"wp-block-paragraph\">A pr\u00f3xima etapa do TCR Sul-Americano acontece dentro de um m\u00eas. A categoria corre em Curitiba entre os dias 24 e 25 de julho.<\/p>\n","protected":false},"excerpt":{"rendered":"<p>Pepe Oriola se mostrou imbat\u00edvel no primeiro fim de semana do TCR Sul-Americano. O espanhol liderou todas as voltas nas duas corridas e se firmou como piloto a ser batido<\/p>\n","protected":false},"author":0,"featured_media":1000487883,"comment_status":"closed","ping_status":"closed","sticky":false,"template":"","format":"standard","meta":{"42wp_featured_image_caption":"","42wp_featured_image_credits":"","42wp_featured_video":"","42wp_featured_image_hidden":false,"42wp_authors_list":[],"footnotes":""},"categories":[45],"tags":[130,124,1641,332,24921,1240],"42wp_author":[47118],"class_list":["post-119832","post","type-post","status-publish","format-standard","has-post-thumbnail","hentry","category-tcr","tag-honda","tag-interlagos","tag-raphael-reis","tag-tcr","tag-tcr-sul-americano","tag-turismo","42wp_author-vitor-fazio"],"_links":{"self":[{"href":"https:\/\/grandepremio.com\/br\/wp-json\/wp\/v2\/posts\/119832","targetHints":{"allow":["GET"]}}],"collection":[{"href":"https:\/\/grandepremio.com\/br\/wp-json\/wp\/v2\/posts"}],"about":[{"href":"https:\/\/grandepremio.com\/br\/wp-json\/wp\/v2\/types\/post"}],"replies":[{"embeddable":true,"href":"https:\/\/grandepremio.com\/br\/wp-json\/wp\/v2\/comments?post=119832"}],"version-history":[{"count":0,"href":"https:\/\/grandepremio.com\/br\/wp-json\/wp\/v2\/posts\/119832\/revisions"}],"wp:featuredmedia":[{"embeddable":true,"href":"https:\/\/grandepremio.com\/br\/wp-json\/wp\/v2\/media\/1000487883"}],"wp:attachment":[{"href":"https:\/\/grandepremio.com\/br\/wp-json\/wp\/v2\/media?parent=119832"}],"wp:term":[{"taxonomy":"category","embeddable":true,"href":"https:\/\/grandepremio.com\/br\/wp-json\/wp\/v2\/categories?post=119832"},{"taxonomy":"post_tag","embeddable":true,"href":"https:\/\/grandepremio.com\/br\/wp-json\/wp\/v2\/tags?post=119832"},{"taxonomy":"42wp_author","embeddable":true,"href":"https:\/\/grandepremio.com\/br\/wp-json\/wp\/v2\/42wp_author?post=119832"}],"curies":[{"name":"wp","href":"https:\/\/api.w.org\/{rel}","templated":true}]}}