{"id":119856,"date":"2021-06-27T08:45:34","date_gmt":"2021-06-27T11:45:34","guid":{"rendered":"https:\/\/grandepremio.com\/br\/noticias\/briefing-previa-gp-da-estiria-ultimas-informacoes-antes-da-largada\/"},"modified":"2021-06-27T08:45:43","modified_gmt":"2021-06-27T11:45:43","slug":"briefing-previa-gp-da-estiria-ultimas-informacoes-antes-da-largada","status":"publish","type":"post","link":"https:\/\/grandepremio.com\/br\/f1\/briefing-previa-gp-da-estiria-ultimas-informacoes-antes-da-largada\/","title":{"rendered":"Briefing faz pr\u00e9via do GP da Est\u00edria e debate \u00faltimas informa\u00e7\u00f5es antes da largada"},"content":{"rendered":"\n<figure class=\"wp-block-embed is-type-video is-provider-youtube wp-block-embed-youtube wp-embed-aspect-16-9 wp-has-aspect-ratio\"><div class=\"wp-block-embed__wrapper\">\n<iframe loading=\"lazy\" title=\"GP DA EST\u00cdRIA DE F1: VERSTAPPEN POLE | Briefing + Cabine GP\" width=\"500\" height=\"281\" src=\"https:\/\/www.youtube.com\/embed\/NQ5cydogq_k?feature=oembed\" frameborder=\"0\" allow=\"accelerometer; autoplay; clipboard-write; encrypted-media; gyroscope; picture-in-picture; web-share\" referrerpolicy=\"strict-origin-when-cross-origin\" allowfullscreen><\/iframe>\n<\/div><\/figure>\n\n\n\n<p class=\"wp-block-paragraph\">A F\u00f3rmula 1 est\u00e1 no Red Bull Ring para a oitava etapa da temporada, e o <strong>GRANDE PR\u00caMIO<\/strong> faz a an\u00e1lise de tudo o que acontece no GP da Est\u00edria. Neste domingo (27), o <strong>BRIEFING<\/strong> traz a pr\u00e9via da corrida na \u00c1ustria e debate as \u00faltimas informa\u00e7\u00f5es do paddock. Tudo <strong>AO VIVO<\/strong> na <strong><a href=\"https:\/\/www.youtube.com\/c\/GrandePremioTV\/\">GPTV, o canal do GRANDE PR\u00caMIO no YouTube<\/a><\/strong>, a partir de 9h (de Bras\u00edlia, GMT-3).<\/p>\n\n\n\n<p class=\"wp-block-paragraph\">Max Verstappen larga como favorito \u00e0 vit\u00f3ria depois de cravar uma <a href=\"https:\/\/www.grandepremio.com\/br\/f1\/noticias\/max-verstappen-volta-demolidora-red-bull-pole-em-casa-no-gp-da-estiria\/\">volta demolidora que lhe deu a pole-position no s\u00e1bado<\/a>. Lewis Hamilton, que vai largar em segundo, sendo um dos beneficiados pela puni\u00e7\u00e3o imposta a Valtteri Bottas, apostava na chuva como uma chance de buscar a vit\u00f3ria e surpreender o rival. <a href=\"https:\/\/www.grandepremio.com\/br\/f1\/noticias\/spielberg-domingo-quente-nublado-chance-de-chuva-gp-da-estiria-reduzida\/\">Mas o fato \u00e9 que Spielberg amanheceu com sol neste domingo<\/a>.<\/p>\n\n\n\n<p class=\"wp-block-paragraph\"><strong><a href=\"https:\/\/www.grandepremio.com\/br\/f1\/noticias\/verstappen-arma-bote-em-mercedes-que-tenta-de-tudo-na-estiria-mas-so-chuva-pode-salvar\/\">AN\u00c1LISE: Verstappen arma bote em\u00a0<\/a><a href=\"https:\/\/www.grandepremio.com\/br\/equipe\/f1\/2020\/mercedes-amg-motorsport\/\" target=\"_blank\" rel=\"noreferrer noopener\">Mercedes<\/a>\u00a0<a href=\"https:\/\/www.grandepremio.com\/br\/f1\/noticias\/verstappen-arma-bote-em-mercedes-que-tenta-de-tudo-na-estiria-mas-so-chuva-pode-salvar\/\">que tenta de tudo na Est\u00edria. Mas s\u00f3 chuva pode salvar<\/a><\/strong><br><strong><a href=\"https:\/\/www.grandepremio.com\/br\/web-stories\/f1\/grid-largada-gp-austria-formula-1-2021\/\">WEB STORIES: Como ficou o grid de largada do GP da Est\u00edria de\u00a0<\/a><a href=\"https:\/\/www.grandepremio.com\/br\/f1\/\" target=\"_blank\" rel=\"noreferrer noopener\">F\u00f3rmula 1<\/a><\/strong><\/p>\n\n\n\n<figure class=\"wp-block-image size-large\"><img decoding=\"async\" src=\"https:\/\/www.grandepremio.com\/br\/wp-content\/uploads\/2020\/05\/SI202106260289_news-1024x682.jpg\" alt=\"MAX VERSTAPPEN; GP DA EST\u00cdRIA; POLE-POSITION; RED BULL; RED BULL RING;\" class=\"wp-image-487332\"\/><figcaption>Max Verstappen desponta como grande favorito \u00e0 vit\u00f3ria na casa da Red Bull (Foto: Bryn Lennon\/Getty Images\/Red Bull Content Pool)<\/figcaption><\/figure>\n\n\n\n<p class=\"wp-block-paragraph\"><strong><strong>Conhe\u00e7a o canal do Grande Pr\u00eamio no YouTube! Clique\u00a0<a target=\"_blank\" href=\"https:\/\/youtube.com\/GrandePremioTV\" rel=\"noreferrer noopener\">aqui<\/a>.<\/strong><br><strong>Siga o Grande Pr\u00eamio no\u00a0<a target=\"_blank\" href=\"https:\/\/twitter.com\/grandepremio\" rel=\"noreferrer noopener\">Twitter\u00a0<\/a>e no\u00a0<a target=\"_blank\" href=\"https:\/\/instagram.com\/grandepremio\" rel=\"noreferrer noopener\">Instagram<\/a>!<\/strong><\/strong><\/p>\n\n\n\n<p class=\"wp-block-paragraph\">A largada da prova na \u00c1ustria est\u00e1 marcada para as 10h (de Bras\u00edlia). Por isso, a partir das 9h, Victor Martins, Fernando Silva e Pedro Henrique Marum fazem a pr\u00e9via da etapa. Logo depois, o <strong>GRANDE PR\u00caMIO<\/strong> segue ao vivo e acompanha a corrida com o <strong>CABINE GP<\/strong>, com coment\u00e1rios de Renato Ribeiro e Guilherme Bloisi.<\/p>\n\n\n\n<p class=\"wp-block-paragraph\">E assim que terminar a corrida, o <strong>GRANDE PR\u00caMIO<\/strong> volta a entrar <strong>AO VIVO<\/strong>, desta vez com o <strong>BRIEFING<\/strong> p\u00f3s-GP da Est\u00edria de F\u00f3rmula 1.<\/p>\n\n\n\n<p class=\"wp-block-paragraph\">Victor Martins segue na apresenta\u00e7\u00e3o do programa, que vai contar novamente com Evelyn Guimar\u00e3es e mais um convidado especial. Sempre na <strong><a href=\"https:\/\/www.youtube.com\/c\/GrandePremioTV\/\">GPTV, o canal do GRANDE PR\u00caMIO no YouTube<\/a><\/strong>.<\/p>\n\n\n\n<figure class=\"wp-block-video\"><video class=\"video-js vjs-big-play-centered\" data-gp-vjs=\"1\" controls src=\"https:\/\/www.grandepremio.com\/br\/wp-content\/uploads\/l-videos\/Gp Noticia_260621_GPEstiria_sabado.mp4\"><\/video><figcaption>Verstappen sobra e crava pole em casa: a classifica\u00e7\u00e3o do GP da Est\u00edria de F1 (Foto: GRANDE PR\u00caMIO com Reuters)<\/figcaption><\/figure>\n","protected":false},"excerpt":{"rendered":"<p>O GRANDE PR\u00caMIO abre o dia com o BRIEFING que vai trazer as \u00faltimas informa\u00e7\u00f5es antes da largada do GP da Est\u00edria, oitava etapa da temporada 2021 da F\u00f3rmula 1<\/p>\n","protected":false},"author":0,"featured_media":1000487346,"comment_status":"closed","ping_status":"closed","sticky":false,"template":"","format":"standard","meta":{"42wp_featured_image_caption":"","42wp_featured_image_credits":"","42wp_featured_video":"","42wp_featured_image_hidden":false,"42wp_authors_list":[],"footnotes":""},"categories":[2],"tags":[3350,147,156,642,24837,24894,24836],"42wp_author":[47110],"class_list":["post-119856","post","type-post","status-publish","format-standard","has-post-thumbnail","hentry","category-f1","tag-briefing","tag-f1","tag-f1-2021","tag-f1-ao-vivo","tag-formula-1-2","tag-gp-da-estiria-2","tag-grande-premio-2","42wp_author-fernando-silva"],"_links":{"self":[{"href":"https:\/\/grandepremio.com\/br\/wp-json\/wp\/v2\/posts\/119856","targetHints":{"allow":["GET"]}}],"collection":[{"href":"https:\/\/grandepremio.com\/br\/wp-json\/wp\/v2\/posts"}],"about":[{"href":"https:\/\/grandepremio.com\/br\/wp-json\/wp\/v2\/types\/post"}],"replies":[{"embeddable":true,"href":"https:\/\/grandepremio.com\/br\/wp-json\/wp\/v2\/comments?post=119856"}],"version-history":[{"count":0,"href":"https:\/\/grandepremio.com\/br\/wp-json\/wp\/v2\/posts\/119856\/revisions"}],"wp:featuredmedia":[{"embeddable":true,"href":"https:\/\/grandepremio.com\/br\/wp-json\/wp\/v2\/media\/1000487346"}],"wp:attachment":[{"href":"https:\/\/grandepremio.com\/br\/wp-json\/wp\/v2\/media?parent=119856"}],"wp:term":[{"taxonomy":"category","embeddable":true,"href":"https:\/\/grandepremio.com\/br\/wp-json\/wp\/v2\/categories?post=119856"},{"taxonomy":"post_tag","embeddable":true,"href":"https:\/\/grandepremio.com\/br\/wp-json\/wp\/v2\/tags?post=119856"},{"taxonomy":"42wp_author","embeddable":true,"href":"https:\/\/grandepremio.com\/br\/wp-json\/wp\/v2\/42wp_author?post=119856"}],"curies":[{"name":"wp","href":"https:\/\/api.w.org\/{rel}","templated":true}]}}