{"id":119866,"date":"2021-06-26T18:52:24","date_gmt":"2021-06-26T21:52:24","guid":{"rendered":"https:\/\/grandepremio.com\/br\/noticias\/verstappen-sobra-e-e-pole-em-casa-a-classificacao-do-gp-da-estiria-de-f1\/"},"modified":"2021-06-26T18:54:32","modified_gmt":"2021-06-26T21:54:32","slug":"verstappen-sobra-e-e-pole-em-casa-a-classificacao-do-gp-da-estiria-de-f1","status":"publish","type":"post","link":"https:\/\/grandepremio.com\/br\/f1\/verstappen-sobra-e-e-pole-em-casa-a-classificacao-do-gp-da-estiria-de-f1\/","title":{"rendered":"Verstappen sobra e \u00e9 pole em casa: a classifica\u00e7\u00e3o do GP da Est\u00edria de F1"},"content":{"rendered":"\n<figure class=\"wp-block-video\"><video class=\"video-js vjs-big-play-centered\" data-gp-vjs=\"1\" controls src=\"https:\/\/www.grandepremio.com\/br\/wp-content\/uploads\/l-videos\/Gp Noticia_260621_GPEstiria_sabado.mp4\"><\/video><figcaption>Verstappen sobra e crava pole em casa: a classifica\u00e7\u00e3o do GP da Est\u00edria de F1 (Foto: GRANDE PR\u00caMIO com Reuters)<\/figcaption><\/figure>\n\n\n\n<p class=\"wp-block-paragraph\">Max Verstappen <a href=\"https:\/\/www.grandepremio.com\/br\/f1\/noticias\/max-verstappen-volta-demolidora-red-bull-pole-em-casa-no-gp-da-estiria\/\">abusou a enorme velocidade de reta do carro da Red Bull para cravar a pole-position<\/a> do GP da Est\u00edria neste s\u00e1bado (26). O holand\u00eas foi o \u00fanico a andar em 1min03s841. Lewis Hamilton sai ao lado do rival na primeira fila, mas fez s\u00f3 o terceiro tempo. O ingl\u00eas \u00e9 ajudado pela puni\u00e7\u00e3o imposta a Valtteri Bottas, que perdeu a segunda posi\u00e7\u00e3o depois da san\u00e7\u00e3o que tomou ap\u00f3s a rodada no pit-lane durante o TL2.<\/p>\n\n\n\n<p class=\"wp-block-paragraph\"><strong>LEIA TAMB\u00c9M<br><a href=\"https:\/\/www.grandepremio.com\/br\/f1\/noticias\/max-verstappen-se-anima-pole-ritmo-forte-red-bull-ring-1a-volta-q3-foi-suficiente\/\">+\u2019Primeira volta no Q3 j\u00e1 foi o suficiente\u2019, diz Verstappen ao festejar pole<\/a><br><a href=\"https:\/\/www.grandepremio.com\/br\/f1\/noticias\/lewis-hamilton-diz-nao-ter-ritmo-para-superar-max-verstappen-gp-da-estiria-e-quer-chuva\/\">+Hamilton afirma n\u00e3o ter ritmo para bater Verstappen e torce por chuva<\/a><\/strong><br><a href=\"https:\/\/www.grandepremio.com\/br\/f1\/noticias\/verstappen-arma-bote-em-mercedes-que-tenta-de-tudo-na-estiria-mas-so-chuva-pode-salvar\/\"><strong>+Verstappen arma bote em Mercedes que tenta de tudo na Est\u00edria. Mas s\u00f3 chuva pode salvar<\/strong><\/a><\/p>\n\n\n\n<p class=\"wp-block-paragraph\">Lando Norris, um dos grandes nomes da tarde no circuito austr\u00edaco, obteve o quarto melhor tempo da sess\u00e3o e vai largar em terceiro. O prod\u00edgio brit\u00e2nico da McLaren vai dividir a segunda fila com a Red Bull de Sergio P\u00e9rez, enquanto Bottas, com a puni\u00e7\u00e3o, vai largar em quinto com a Mercedes de numeral #77, lado a lado com a AlphaTauri de Pierre Gasly.<\/p>\n\n\n\n<p class=\"wp-block-paragraph\">Charles Leclerc, com a Ferrari, vai partir em s\u00e9timo, seguido pela AlphaTauri de Yuki Tsunoda. Fernando Alonso, com a Alpine, e Lance Stroll, com a Aston Martin, fecham o top-10, que quase teve George Russell. O piloto da Williams ficou a apenas 0s008 de passar para a fase final da classifica\u00e7\u00e3o.<\/p>\n\n\n\n<p class=\"wp-block-paragraph\"><strong><strong>Conhe\u00e7a o canal do Grande Pr\u00eamio no YouTube! Clique\u00a0<a target=\"_blank\" href=\"https:\/\/youtube.com\/GrandePremioTV\" rel=\"noreferrer noopener\">aqui<\/a>.<\/strong><br><strong>Siga o Grande Pr\u00eamio no\u00a0<a target=\"_blank\" href=\"https:\/\/twitter.com\/grandepremio\" rel=\"noreferrer noopener\">Twitter\u00a0<\/a>e no\u00a0<a target=\"_blank\" href=\"https:\/\/instagram.com\/grandepremio\" rel=\"noreferrer noopener\">Instagram<\/a>!<\/strong><\/strong><br><strong><a href=\"https:\/\/www.grandepremio.com\/br\/web-stories\/f1\/grid-largada-gp-austria-formula-1-2021\/\">WEB STORIES: Como ficou o grid de largada do GP da Est\u00edria de\u00a0<\/a><a href=\"https:\/\/www.grandepremio.com\/br\/f1\/\" target=\"_blank\" rel=\"noreferrer noopener\">F\u00f3rmula 1<\/a><\/strong><br><br>O GP da Est\u00edria, oitava etapa da temporada 2021 da F\u00f3rmula 1, tem largada prevista para 10h (de Bras\u00edlia, GMT-3), com grande possibilidade de chuva. O\u00a0<strong>GRANDE PR\u00caMIO<\/strong>\u00a0acompanha tudo\u00a0<a href=\"https:\/\/www.grandepremio.com\/br\/ao-vivo\/f1\/\"><strong>AO VIVO e em TEMPO REAL<\/strong><\/a>.<\/p>\n\n\n\n<figure class=\"wp-block-embed is-type-video is-provider-youtube wp-block-embed-youtube wp-embed-aspect-16-9 wp-has-aspect-ratio\"><div class=\"wp-block-embed__wrapper\">\n<iframe loading=\"lazy\" title=\"VERSTAPPEN FAZ VOLTA DEMOLIDORA E FICA COM A POLE DO GP DA EST\u00cdRIA DE F1 | Briefing\" width=\"500\" height=\"281\" src=\"https:\/\/www.youtube.com\/embed\/QqBaIrZdOEY?feature=oembed\" frameborder=\"0\" allow=\"accelerometer; autoplay; clipboard-write; encrypted-media; gyroscope; picture-in-picture; web-share\" referrerpolicy=\"strict-origin-when-cross-origin\" allowfullscreen><\/iframe>\n<\/div><\/figure>\n","protected":false},"excerpt":{"rendered":"<p>Max Verstappen n\u00e3o deu chances a ningu\u00e9m durante a defini\u00e7\u00e3o do grid de largada do GP da Est\u00edria. O holand\u00eas conquistou a sexta pole da carreira, a segunda consecutiva em 2021 e a terceira da temporada. Mas vai ter o rival Lewis Hamilton na primeira fila<\/p>\n","protected":false},"author":0,"featured_media":1000487343,"comment_status":"closed","ping_status":"closed","sticky":false,"template":"","format":"standard","meta":{"42wp_featured_image_caption":"","42wp_featured_image_credits":"","42wp_featured_video":"","42wp_featured_image_hidden":false,"42wp_authors_list":[],"footnotes":""},"categories":[2],"tags":[147,156,642,24837,24889,2306,25081,87,203,82,1126,1128,510,3132,612],"42wp_author":[47115],"class_list":["post-119866","post","type-post","status-publish","format-standard","has-post-thumbnail","hentry","category-f1","tag-f1","tag-f1-2021","tag-f1-ao-vivo","tag-formula-1-2","tag-gp-da-estiria","tag-grid-de-largada","tag-horarios-da-f1-2","tag-lewis-hamilton","tag-max-verstappen","tag-mercedes","tag-pirelli","tag-pneus","tag-pole","tag-sergio-perez","tag-valtteri-bottas","42wp_author-evelyn-guimaraes"],"_links":{"self":[{"href":"https:\/\/grandepremio.com\/br\/wp-json\/wp\/v2\/posts\/119866","targetHints":{"allow":["GET"]}}],"collection":[{"href":"https:\/\/grandepremio.com\/br\/wp-json\/wp\/v2\/posts"}],"about":[{"href":"https:\/\/grandepremio.com\/br\/wp-json\/wp\/v2\/types\/post"}],"replies":[{"embeddable":true,"href":"https:\/\/grandepremio.com\/br\/wp-json\/wp\/v2\/comments?post=119866"}],"version-history":[{"count":0,"href":"https:\/\/grandepremio.com\/br\/wp-json\/wp\/v2\/posts\/119866\/revisions"}],"wp:featuredmedia":[{"embeddable":true,"href":"https:\/\/grandepremio.com\/br\/wp-json\/wp\/v2\/media\/1000487343"}],"wp:attachment":[{"href":"https:\/\/grandepremio.com\/br\/wp-json\/wp\/v2\/media?parent=119866"}],"wp:term":[{"taxonomy":"category","embeddable":true,"href":"https:\/\/grandepremio.com\/br\/wp-json\/wp\/v2\/categories?post=119866"},{"taxonomy":"post_tag","embeddable":true,"href":"https:\/\/grandepremio.com\/br\/wp-json\/wp\/v2\/tags?post=119866"},{"taxonomy":"42wp_author","embeddable":true,"href":"https:\/\/grandepremio.com\/br\/wp-json\/wp\/v2\/42wp_author?post=119866"}],"curies":[{"name":"wp","href":"https:\/\/api.w.org\/{rel}","templated":true}]}}