{"id":119879,"date":"2021-06-26T12:50:40","date_gmt":"2021-06-26T15:50:40","guid":{"rendered":"https:\/\/grandepremio.com\/br\/noticias\/fernando-alonso-empolga-q3-gp-da-estiria-diz-talvez-tenha-sido-classificacao-ano\/"},"modified":"2021-06-26T12:50:49","modified_gmt":"2021-06-26T15:50:49","slug":"fernando-alonso-empolga-q3-gp-da-estiria-diz-talvez-tenha-sido-classificacao-ano","status":"publish","type":"post","link":"https:\/\/grandepremio.com\/br\/f1\/fernando-alonso-empolga-q3-gp-da-estiria-diz-talvez-tenha-sido-classificacao-ano\/","title":{"rendered":"Alonso se empolga com Q3 no GP da Est\u00edria e diz: \u201cTalvez tenha sido a classifica\u00e7\u00e3o do ano\u201d"},"content":{"rendered":"\n<figure class=\"wp-block-video\"><video class=\"video-js vjs-big-play-centered\" data-gp-vjs=\"1\" controls src=\"https:\/\/www.grandepremio.com\/br\/wp-content\/uploads\/2021\/06\/Kicking-off-the-day-with-a-EURO2020-themed-penalty-shootout-for-@OconEsteban-and-@alo_oficial-\ufe0f-Who-do-you-think-won-EO31-or-FA14-St.mp4\"><\/video><\/figure>\n\n\n\n<p class=\"wp-block-paragraph\">O nono lugar de Fernando Alonso na classifica\u00e7\u00e3o deste s\u00e1bado (26) n\u00e3o soa particularmente incr\u00edvel, mas o momento \u00e9 de empolga\u00e7\u00e3o na garagem da Alpine. O espanhol foi ao Q3 horas ap\u00f3s sofrer com o carro no terceiro treino livre. Dessa forma, o pr\u00f3prio sente que a classifica\u00e7\u00e3o no Red Bull Ring pode ter sido \u201ca melhor do ano\u201d.<\/p>\n\n\n\n<p class=\"wp-block-paragraph\">\u201cEstou feliz, mas foi uma classifica\u00e7\u00e3o muito estressante\u201d, disse Alonso. \u201cHoje de manh\u00e3 t\u00ednhamos perdido nossa competitividade. Talvez tenha sido a melhor classifica\u00e7\u00e3o do ano, a volta do Q2 foi boa. Largamos amanh\u00e3 da parte limpa da pista e a\u00ed veremos se d\u00e1 para se manter nos pontos. Eu me sinto muito mais confort\u00e1vel do que no Bahrein ou em \u00cdmola\u201d, seguiu.<\/p>\n\n\n\n<p class=\"wp-block-paragraph\">\u201cFizemos alguns experimentos. N\u00f3s est\u00e1vamos com dificuldades s\u00e9rias no TL3 e fizemos mudan\u00e7as. Amanh\u00e3 pode chover, o que pode mudar tudo. S\u00f3 que, ainda assim, \u00e9 melhor largar t\u00e3o na frente quanto poss\u00edvel\u201d, destacou.<\/p>\n\n\n\n<p class=\"wp-block-paragraph\"><strong><a href=\"https:\/\/www.grandepremio.com\/br\/f1\/noticias\/max-verstappen-volta-demolidora-red-bull-pole-em-casa-no-gp-da-estiria\/\">Alonso fez o nono melhor tempo<\/a><\/strong>, mas larga em oitavo. O motivo: Yuki Tsunoda atrapalhou Valtteri Bottas e, assim, perde tr\u00eas posi\u00e7\u00f5es no grid. O espanhol ganha terreno, mas vai para o lado sujo da pista.<\/p>\n\n\n\n<p class=\"wp-block-paragraph\"><strong><strong>Conhe\u00e7a o canal do Grande Pr\u00eamio no YouTube! Clique\u00a0<a target=\"_blank\" href=\"https:\/\/youtube.com\/GrandePremioTV\" rel=\"noreferrer noopener\">aqui<\/a>.<\/strong><br><strong>Siga o Grande Pr\u00eamio no\u00a0<a target=\"_blank\" href=\"https:\/\/twitter.com\/grandepremio\" rel=\"noreferrer noopener\">Twitter\u00a0<\/a>e no\u00a0<a target=\"_blank\" href=\"https:\/\/instagram.com\/grandepremio\" rel=\"noreferrer noopener\">Instagram<\/a>!<\/strong><\/strong><\/p>\n\n\n\n<figure class=\"wp-block-image size-large\"><img decoding=\"async\" src=\"https:\/\/www.grandepremio.com\/br\/wp-content\/uploads\/2021\/06\/alpine-fernandoalonso-01-7-1024x683.jpg\" alt=\"\" class=\"wp-image-486941\"\/><figcaption>Fernando Alonso voltou ao Q3 (Foto: Alpine)<\/figcaption><\/figure>\n\n\n\n<p class=\"wp-block-paragraph\">Depois de um come\u00e7o de ano n\u00e3o muito promissor, Alonso volta a mostrar pilotagem de alto n\u00edvel. O espanhol pontuou bem tanto no Azerbaij\u00e3o quanto na Fran\u00e7a, derrotando o companheiro Esteban Ocon nas duas ocasi\u00f5es. A tend\u00eancia se mant\u00e9m no GP da Est\u00edria, com o franc\u00eas caindo ainda no Q1 e largando apenas em 17\u00b0.<\/p>\n\n\n\n<p class=\"wp-block-paragraph\">&#8220;N\u00e3o \u00e9 aceit\u00e1vel ser eliminado no Q1 e certamente n\u00e3o estou feliz com onde estamos agora\u201d, lamentou Ocon. \u201cEst\u00e1vamos sem ritmo desde hoje de manh\u00e3 e ainda n\u00e3o encontramos. Precisamos manter o foco, analisar tudo e entender o que est\u00e1 rolando. Est\u00e1 dif\u00edcil para n\u00f3s, \u00e9 simples assim. Eu n\u00e3o me sinto feliz no carro. Eu fecho a volta, sinto que dei meu m\u00e1ximo, mas o tempo n\u00e3o vem&#8221;, encerrou.<\/p>\n\n\n\n<p class=\"wp-block-paragraph\">O GP da Est\u00edria tem Max Verstappen na pole-position. Lewis Hamilton completa a primeira fila, com Lando Norris e Sergio P\u00e9rez na segunda.<\/p>\n","protected":false},"excerpt":{"rendered":"<p>Fernando Alonso fez o nono melhor tempo e larga em oitavo, sobrando na compara\u00e7\u00e3o com o companheiro Esteban Ocon. O momento \u00e9 de empolga\u00e7\u00e3o para o bicampe\u00e3o<\/p>\n","protected":false},"author":0,"featured_media":1000487308,"comment_status":"closed","ping_status":"closed","sticky":false,"template":"","format":"standard","meta":{"42wp_featured_image_caption":"","42wp_featured_image_credits":"","42wp_featured_video":"","42wp_featured_image_hidden":false,"42wp_authors_list":[],"footnotes":""},"categories":[2],"tags":[20491,302,156,176,24837,24894,2632,1763],"42wp_author":[47118],"class_list":["post-119879","post","type-post","status-publish","format-standard","has-post-thumbnail","hentry","category-f1","tag-alpine","tag-esteban-ocon","tag-f1-2021","tag-fernando-alonso","tag-formula-1-2","tag-gp-da-estiria-2","tag-q3","tag-red-bull-ring","42wp_author-vitor-fazio"],"_links":{"self":[{"href":"https:\/\/grandepremio.com\/br\/wp-json\/wp\/v2\/posts\/119879","targetHints":{"allow":["GET"]}}],"collection":[{"href":"https:\/\/grandepremio.com\/br\/wp-json\/wp\/v2\/posts"}],"about":[{"href":"https:\/\/grandepremio.com\/br\/wp-json\/wp\/v2\/types\/post"}],"replies":[{"embeddable":true,"href":"https:\/\/grandepremio.com\/br\/wp-json\/wp\/v2\/comments?post=119879"}],"version-history":[{"count":0,"href":"https:\/\/grandepremio.com\/br\/wp-json\/wp\/v2\/posts\/119879\/revisions"}],"wp:featuredmedia":[{"embeddable":true,"href":"https:\/\/grandepremio.com\/br\/wp-json\/wp\/v2\/media\/1000487308"}],"wp:attachment":[{"href":"https:\/\/grandepremio.com\/br\/wp-json\/wp\/v2\/media?parent=119879"}],"wp:term":[{"taxonomy":"category","embeddable":true,"href":"https:\/\/grandepremio.com\/br\/wp-json\/wp\/v2\/categories?post=119879"},{"taxonomy":"post_tag","embeddable":true,"href":"https:\/\/grandepremio.com\/br\/wp-json\/wp\/v2\/tags?post=119879"},{"taxonomy":"42wp_author","embeddable":true,"href":"https:\/\/grandepremio.com\/br\/wp-json\/wp\/v2\/42wp_author?post=119879"}],"curies":[{"name":"wp","href":"https:\/\/api.w.org\/{rel}","templated":true}]}}