{"id":119881,"date":"2021-06-26T12:14:58","date_gmt":"2021-06-26T15:14:58","guid":{"rendered":"https:\/\/grandepremio.com\/br\/noticias\/5o-grid-gp-da-estiria-valtteri-bottas-lamenta-punicao-classificacao-muito-forte\/"},"modified":"2021-06-26T12:15:13","modified_gmt":"2021-06-26T15:15:13","slug":"5o-grid-gp-da-estiria-valtteri-bottas-lamenta-punicao-classificacao-muito-forte","status":"publish","type":"post","link":"https:\/\/grandepremio.com\/br\/f1\/5o-grid-gp-da-estiria-valtteri-bottas-lamenta-punicao-classificacao-muito-forte\/","title":{"rendered":"5\u00ba no grid do GP da Est\u00edria, Bottas lastima puni\u00e7\u00e3o ap\u00f3s &#8220;classifica\u00e7\u00e3o muito forte&#8221;"},"content":{"rendered":"\n<figure class=\"wp-block-video\"><video class=\"video-js vjs-big-play-centered\" data-gp-vjs=\"1\" controls src=\"https:\/\/www.grandepremio.com\/br\/wp-content\/uploads\/2021\/06\/Kicking-off-the-day-with-a-EURO2020-themed-penalty-shootout-for-@OconEsteban-and-@alo_oficial-\ufe0f-Who-do-you-think-won-EO31-or-FA14-St.mp4\"><\/video><figcaption>Trivia e disputa de p\u00eanaltis: a Euro 2020 com Alonso e Ocon (V\u00eddeo: Alpine)<\/figcaption><\/figure>\n\n\n\n<p class=\"wp-block-paragraph\">Em meio a uma mar\u00e9 de m\u00e1 sorte, resultados ruins e especula\u00e7\u00f5es de demiss\u00e3o, Valtteri Bottas quase conseguiu um alento neste s\u00e1bado (26), ap\u00f3s conquistar a segunda posi\u00e7\u00e3o<a href=\"https:\/\/www.grandepremio.com\/br\/f1\/noticias\/max-verstappen-volta-demolidora-red-bull-pole-em-casa-no-gp-da-estiria\/\"> no treino classificat\u00f3rio para o GP da Est\u00edria<\/a>. Ao terminar a sess\u00e3o \u00e0 frente de Lewis Hamilton, que cronometrou o terceiro melhor tempo, o finland\u00eas quase teve algo para celebrar. Por\u00e9m, por ter sido punido em tr\u00eas posi\u00e7\u00f5es e com dois pontos na carteira por rodar bisonhamente no pit-lane durante o segundo treino livre da sexta-feira, Bottas largar\u00e1 em quinto. Ainda assim, a sensa\u00e7\u00e3o \u00e9 de que o carro #77 est\u00e1, sim, competitivo.<\/p>\n\n\n\n<p class=\"wp-block-paragraph\">\u201cSim, foi uma pena sermos punidos. Creio que largarei em quinto amanh\u00e3. Gostaria de largar em segundo, mas acho que tivemos uma classifica\u00e7\u00e3o muito forte se a compararmos com o segundo e terceiro treinos livres\u201d, comentou Bottas em entrevista ap\u00f3s o classificat\u00f3rio.<\/p>\n\n\n\n<p class=\"wp-block-paragraph\">\u201cTive algumas dificuldades com o acerto do carro. Depois que ajustamos as coisas me senti melhor e extra\u00ed o m\u00e1ximo do carro. E na primeira volta do Q3, tive um problema de tr\u00e1fego com o Tsunoda\u201d, disse.<\/p>\n\n\n\n<p class=\"wp-block-paragraph\"><strong><strong>Conhe\u00e7a o canal do Grande Pr\u00eamio no YouTube! Clique&nbsp;<a target=\"_blank\" href=\"https:\/\/youtube.com\/GrandePremioTV\" rel=\"noreferrer noopener\">aqui<\/a>.<\/strong><br><strong>Siga o Grande Pr\u00eamio no&nbsp;<a target=\"_blank\" href=\"https:\/\/twitter.com\/grandepremio\" rel=\"noreferrer noopener\">Twitter&nbsp;<\/a>e no&nbsp;<a target=\"_blank\" href=\"https:\/\/instagram.com\/grandepremio\" rel=\"noreferrer noopener\">Instagram<\/a>!<\/strong><\/strong><br><strong><a href=\"https:\/\/www.grandepremio.com\/br\/web-stories\/f1\/grid-largada-gp-austria-formula-1-2021\/\">WEB STORIES: Como ficou o grid de largada do GP da Est\u00edria de&nbsp;<\/a><a href=\"https:\/\/www.grandepremio.com\/br\/f1\/\" target=\"_blank\" rel=\"noreferrer noopener\">F\u00f3rmula 1<\/a><\/strong><\/p>\n\n\n\n<figure class=\"wp-block-image size-large\"><img decoding=\"async\" src=\"https:\/\/www.grandepremio.com\/br\/wp-content\/uploads\/2021\/06\/mercedes-valtteribottas-01-7-1024x683.jpg\" alt=\"\" class=\"wp-image-486949\"\/><figcaption>Apesar do largo sorriso, Valtteri Bottas protagonizou uma cena digna de &#8216;Os Trapalh\u00f5es&#8217; ao rodar no pit-lane e ser punido em 3 posi\u00e7\u00f5es no grid (Foto: Mercedes)<\/figcaption><\/figure>\n\n\n\n<p class=\"wp-block-paragraph\">Na tentativa de manter uma ponta de esperan\u00e7a, Bottas recorreu \u00e0 alta taxa de imprevisibilidade da atual temporada, para projetar que outras situa\u00e7\u00f5es inesperadas aconte\u00e7am para que o piloto do carro #77 possa ter um bom desempenho no Red Bull Ring.<\/p>\n\n\n\n<p class=\"wp-block-paragraph\">\u201cTalvez mais coisas aconte\u00e7am. Sab\u00edamos que t\u00ednhamos a puni\u00e7\u00e3o, ent\u00e3o pensamos que dever\u00edamos ir com nossa melhor op\u00e7\u00e3o\u201d, concluiu.<\/p>\n\n\n\n<p class=\"wp-block-paragraph\">O GP da Est\u00edria tem largada prevista para 10h (de Bras\u00edlia) deste domingo. O&nbsp;<strong>GRANDE PR\u00caMIO<\/strong>&nbsp;acompanha tudo&nbsp;<a href=\"https:\/\/www.grandepremio.com\/br\/ao-vivo\/f1\/\">AO VIVO e em TEMPO REAL<\/a>.<\/p>\n\n\n\n<figure class=\"wp-block-embed is-type-video is-provider-youtube wp-block-embed-youtube wp-embed-aspect-16-9 wp-has-aspect-ratio\"><div class=\"wp-block-embed__wrapper\">\n<iframe loading=\"lazy\" title=\"VERSTAPPEN FAZ VOLTA DEMOLIDORA E FICA COM A POLE DO GP DA EST\u00cdRIA DE F1 | Briefing\" width=\"500\" height=\"281\" src=\"https:\/\/www.youtube.com\/embed\/QqBaIrZdOEY?feature=oembed\" frameborder=\"0\" allow=\"accelerometer; autoplay; clipboard-write; encrypted-media; gyroscope; picture-in-picture; web-share\" referrerpolicy=\"strict-origin-when-cross-origin\" allowfullscreen><\/iframe>\n<\/div><\/figure>\n","protected":false},"excerpt":{"rendered":"<p>Apesar de ser o segundo mais r\u00e1pido e superar Lewis Hamilton, Valtteri Bottas largar\u00e1 em quinto por conta de puni\u00e7\u00e3o. Ainda assim, o finland\u00eas olha o lado positivo<\/p>\n","protected":false},"author":0,"featured_media":1000483929,"comment_status":"closed","ping_status":"closed","sticky":false,"template":"","format":"standard","meta":{"42wp_featured_image_caption":"","42wp_featured_image_credits":"","42wp_featured_video":"","42wp_featured_image_hidden":false,"42wp_authors_list":[],"footnotes":""},"categories":[2],"tags":[24837,25536,24894,82,24968,1763,612],"42wp_author":[47138],"class_list":["post-119881","post","type-post","status-publish","format-standard","has-post-thumbnail","hentry","category-f1","tag-formula-1-2","tag-formula-1-2021-2","tag-gp-da-estiria-2","tag-mercedes","tag-punicao-2","tag-red-bull-ring","tag-valtteri-bottas","42wp_author-lucascouto"],"_links":{"self":[{"href":"https:\/\/grandepremio.com\/br\/wp-json\/wp\/v2\/posts\/119881","targetHints":{"allow":["GET"]}}],"collection":[{"href":"https:\/\/grandepremio.com\/br\/wp-json\/wp\/v2\/posts"}],"about":[{"href":"https:\/\/grandepremio.com\/br\/wp-json\/wp\/v2\/types\/post"}],"replies":[{"embeddable":true,"href":"https:\/\/grandepremio.com\/br\/wp-json\/wp\/v2\/comments?post=119881"}],"version-history":[{"count":0,"href":"https:\/\/grandepremio.com\/br\/wp-json\/wp\/v2\/posts\/119881\/revisions"}],"wp:featuredmedia":[{"embeddable":true,"href":"https:\/\/grandepremio.com\/br\/wp-json\/wp\/v2\/media\/1000483929"}],"wp:attachment":[{"href":"https:\/\/grandepremio.com\/br\/wp-json\/wp\/v2\/media?parent=119881"}],"wp:term":[{"taxonomy":"category","embeddable":true,"href":"https:\/\/grandepremio.com\/br\/wp-json\/wp\/v2\/categories?post=119881"},{"taxonomy":"post_tag","embeddable":true,"href":"https:\/\/grandepremio.com\/br\/wp-json\/wp\/v2\/tags?post=119881"},{"taxonomy":"42wp_author","embeddable":true,"href":"https:\/\/grandepremio.com\/br\/wp-json\/wp\/v2\/42wp_author?post=119881"}],"curies":[{"name":"wp","href":"https:\/\/api.w.org\/{rel}","templated":true}]}}