{"id":119883,"date":"2021-06-26T11:59:19","date_gmt":"2021-06-26T14:59:19","guid":{"rendered":"https:\/\/grandepremio.com\/br\/noticias\/eric-granado-supera-lukas-tulovic-holanda-e-conquista-quarta-pole-seguida-motoe-2021\/"},"modified":"2021-06-26T12:07:44","modified_gmt":"2021-06-26T15:07:44","slug":"eric-granado-supera-lukas-tulovic-holanda-e-conquista-quarta-pole-seguida-motoe-2021","status":"publish","type":"post","link":"https:\/\/grandepremio.com\/br\/motociclismo\/eric-granado-supera-lukas-tulovic-holanda-e-conquista-quarta-pole-seguida-motoe-2021\/","title":{"rendered":"Granado supera Tulovic na Holanda e conquista 4\u00aa pole seguida na MotoE em 2021"},"content":{"rendered":"\n<figure class=\"wp-block-video\"><video class=\"video-js vjs-big-play-centered\" data-gp-vjs=\"1\" controls src=\"https:\/\/www.grandepremio.com\/br\/wp-content\/uploads\/2021\/06\/MarcMarquez-1.mp4\"><\/video><figcaption>Marc M\u00e1rquez sofre violenta queda durante treino do GP da Holanda (V\u00eddeo: MotoGP\/DAZN)<\/figcaption><\/figure>\n\n\n\n<p class=\"wp-block-paragraph\">Eric Granado segue dominando as classifica\u00e7\u00f5es da MotoE em 2021. Apesar de um susto durante a volta r\u00e1pida, o brasileiro marcou 1min43s114 e ficou com a quarta pole-position consecutiva na temporada.<\/p>\n\n\n\n<p class=\"wp-block-paragraph\">Lukas Tulovic ficou com a segunda posi\u00e7\u00e3o, enquanto Alessando Zaccone vinha para a pole, mas foi atrapalhado pela chuva no setor final e acabou na terceira posi\u00e7\u00e3o, fechando a primeira fila do grid.<\/p>\n\n\n\n<p class=\"wp-block-paragraph\"><strong>WEB STORIES<\/strong><br>\u21dd\u00a0<strong><a href=\"https:\/\/www.grandepremio.com\/br\/web-stories\/motogp\/fatos-curiosidades-gp-holanda-motogp\/\" target=\"_blank\" rel=\"noreferrer noopener\">Fatos e curiosidades do GP da Holanda de MotoGP<\/a><\/strong><br>\u21dd\u00a0<strong><a href=\"https:\/\/www.grandepremio.com\/br\/web-stories\/motogp\/como-esta-grid-temporada-2022-motogp\/\" target=\"_blank\" rel=\"noreferrer noopener\">Como est\u00e1 o grid da MotoGP para a temporada 2022<\/a><\/strong><br>\u21dd\u00a0<strong><a href=\"https:\/\/www.grandepremio.com\/br\/web-stories\/motogp\/grid-largada-gp-holanda-motogp-2021\/\" target=\"_blank\" rel=\"noreferrer noopener\">Confira grid de largada para GP da Holanda de MotoGP<\/a><\/strong><\/p>\n\n\n\n<figure class=\"wp-block-image size-large\"><img decoding=\"async\" src=\"https:\/\/www.grandepremio.com\/br\/wp-content\/uploads\/2021\/06\/eric-granado-01-1024x683.jpg\" alt=\"\" class=\"wp-image-487276\"\/><figcaption>Eric Granado fez pole em todas as corridas do ano (Foto: Divulga\u00e7\u00e3o\/MotoGP)<\/figcaption><\/figure>\n\n\n\n<p class=\"wp-block-paragraph\"><strong>Conhe\u00e7a o canal do Grande Pr\u00eamio no\u00a0<a href=\"https:\/\/www.youtube.com\/GrandePremioTV\">YouTube<\/a>.<br>Siga o Grande Pr\u00eamio no\u00a0<a rel=\"noreferrer noopener\" href=\"https:\/\/twitter.com\/grandepremio\" target=\"_blank\">Twitter\u00a0<\/a>e no\u00a0<a rel=\"noreferrer noopener\" href=\"https:\/\/instagram.com\/grandepremio\" target=\"_blank\">Instagram<\/a>.<\/strong><\/p>\n\n\n\n<p class=\"wp-block-paragraph\">Jord\u00ed Torres, Dominique Aegerter, Matteo Ferrari, Ferm\u00edn Aldeguer, Mattia Casadei, Corentin Perolari, Hikari Okubo fecharam o top-10 no GP da Holanda.<\/p>\n\n\n\n<p class=\"wp-block-paragraph\">A largada para o GP da Holanda, quarta etapa da MotoE, tem in\u00edcio prevista para 10h30 (de Bras\u00edlia). <a href=\"https:\/\/www.grandepremio.com\/br\/motogp\/ultimas-noticias\/\">Acompanhe a cobertura do\u00a0<strong>GRANDE PR\u00caMIO<\/strong>\u00a0sobre o Mundial de\u00a0<\/a><a href=\"https:\/\/www.grandepremio.com\/br\/motogp\/\" target=\"_blank\" rel=\"noreferrer noopener\">Motovelocidade<\/a>.<\/p>\n\n\n\n<h3 class=\"wp-block-heading\"><strong>Como foi a classifica\u00e7\u00e3o da MotoE para o GP da Holanda:<\/strong><\/h3>\n\n\n\n<p class=\"wp-block-paragraph\">A classifica\u00e7\u00e3o em Assen come\u00e7ou com sol entre nuvens e temperatura de 26\u00baC no ar, 38\u00baC na pista. A ordem de sa\u00edda dos pilotos foi definida pela posi\u00e7\u00e3o nos treinos livres combinados dos \u00faltimos dias.<\/p>\n\n\n\n<p class=\"wp-block-paragraph\">Andre Pires foi o primeiro a acelerar e fez 1min48s799. Logo depois, Jasper Iewma assumiu a ponta, com 1min46s879, e durou pouco porque Maria Herrera logo foi para o topo da tabela de tempos.<\/p>\n\n\n\n<figure class=\"wp-block-video\"><video class=\"video-js vjs-big-play-centered\" data-gp-vjs=\"1\" controls src=\"https:\/\/www.grandepremio.com\/br\/wp-content\/uploads\/2021\/06\/MotoE-Holanda-Mantovani.mp4\"><\/video><\/figure>\n\n\n\n<p class=\"wp-block-paragraph\">Kevin Zannoni entrou na pista e tomou o melhor tempo da sess\u00e3o, com 1min44s704. Andrea Mantovani foi o piloto seguinte, mas perdeu o controle na curva 5 e n\u00e3o conseguiu brigar pela pole-position. Mattia Casadei teve melhor sorte e pulou para primeiro.<\/p>\n\n\n\n<p class=\"wp-block-paragraph\">O s\u00e9timo a entrar no circuito holand\u00eas foi Xavi Cardelus, mas teve a volta cancelada por exceder os limites de pista. Corentin Perolari foi o piloto seguinte, mas subiu apenas para a segunda coloca\u00e7\u00e3o.<\/p>\n\n\n\n<p class=\"wp-block-paragraph\">Vencedor na \u00faltima etapa da MotoE, na Catalunha, Miquel Pons quase perdeu o controle da moto na sa\u00edda da curva 5 e teve a volta cancelada por sair dos boxes com a luz vermelha. Hikari Okubo foi o d\u00e9cimo piloto, mas perdeu tempo no \u00faltimo setor e acabou apenas na terceira posi\u00e7\u00e3o.<\/p>\n\n\n\n<figure class=\"wp-block-video\"><video class=\"video-js vjs-big-play-centered\" data-gp-vjs=\"1\" controls src=\"https:\/\/www.grandepremio.com\/br\/wp-content\/uploads\/2021\/06\/MotoE-Holanda-Pons.mp4\"><\/video><\/figure>\n\n\n\n<p class=\"wp-block-paragraph\">Depois de passagem pela Moto3, Ferm\u00edn Aldeguer voltou \u00e0 MotoE e acelerou bem para fazer 1min43s923, assumindo a lideran\u00e7a. A alegria durou pouco, at\u00e9 Mattia Ferrari super\u00e1-lo por 0s043. E como em toda classifica\u00e7\u00e3o da categoria el\u00e9trica, tudo mudou rapidamente, com Jord\u00ed Torres marcando 1min43s748 e pulando para primeiro.<\/p>\n\n\n\n<p class=\"wp-block-paragraph\">Lukas Tulovic abriu a \u00faltima parte do treino e marcou 1min43s188, assumindo a lideran\u00e7a. Dominique Aegerter veio na sequ\u00eancia, mas n\u00e3o conseguiu entrar na briga pela pole e ficou em segundo.<\/p>\n\n\n\n<p class=\"wp-block-paragraph\">Eric Granado foi o pen\u00faltimo a entrar na pista holandesa. Apesar de perder controle da moto no setor intermedi\u00e1rio, o brasileiro e fez 1min43s114 para assumir a pole provis\u00f3ria. Alessandro Zaccone fechou a sess\u00e3o, mas n\u00e3o conseguiu manter o controle da moto em algumas curvas, a chuva apareceu e terminou na terceira posi\u00e7\u00e3o.<\/p>\n\n\n\n<h3 class=\"wp-block-heading\"><strong>MotoE 2021, GP da Holanda, Assen, Classifica\u00e7\u00e3o:<\/strong><\/h3>\n\n\n\n<figure class=\"wp-block-table is-style-stripes\"><table><tbody><tr><td>1<\/td><td>E GRANADO<\/td><td>SRT<\/td><td>1:43.114<\/td><td>&nbsp;<\/td><\/tr><tr><td>2<\/td><td>L TULOVIC<\/td><td>Tech3<\/td><td>1:43.188<\/td><td>+0.074<\/td><\/tr><tr><td>3<\/td><td>A ZACCONE<\/td><td>Pramac<\/td><td>1:43.238<\/td><td>+0.124<\/td><\/tr><tr><td>4<\/td><td>J TORRES<\/td><td>Pons<\/td><td>1:43.478<\/td><td>+0.364<\/td><\/tr><tr><td>5<\/td><td>D ARGERTER<\/td><td>IntactGP<\/td><td>1:43.558<\/td><td>+0.444<\/td><\/tr><tr><td>6<\/td><td>M FERRARI<\/td><td>Gresini<\/td><td>1:43.876<\/td><td>+0.762<\/td><\/tr><tr><td>7<\/td><td>F ALDEGUER<\/td><td>Aspar<\/td><td>1:43.923<\/td><td>+0.809<\/td><\/tr><tr><td>8<\/td><td>M CASADEI<\/td><td>SIC<\/td><td>1:43.968<\/td><td>+0.854<\/td><\/tr><tr><td>9<\/td><td>C PEROLARI<\/td><td>Tech3<\/td><td>1:44.262<\/td><td>+1.148<\/td><\/tr><tr><td>10<\/td><td>H OKUBO<\/td><td>Ajo<\/td><td>1:44.364<\/td><td>+1.250<\/td><\/tr><tr><td>11<\/td><td>K ZANNONI<\/td><td>LCR<\/td><td>1:44.704<\/td><td>+1.590<\/td><\/tr><tr><td>12<\/td><td>M HERRERA<\/td><td>Aspar<\/td><td>1:44.951<\/td><td>+1.837<\/td><\/tr><tr><td>13<\/td><td>A MANTOVANI<\/td><td>Gresini<\/td><td>1:45.384<\/td><td>+2.270<\/td><\/tr><tr><td>14<\/td><td>J IWEMA<\/td><td>Pons<\/td><td>1:46.879<\/td><td>+3.765<\/td><\/tr><tr><td>15<\/td><td>A PIRES<\/td><td>Avintia<\/td><td>1:48.799<\/td><td>+5.685<\/td><\/tr><tr><td>16<\/td><td>X CARDEL\u00daS<\/td><td>Avintia<\/td><td>Sem tempo<\/td><td><\/td><\/tr><tr><td>17<\/td><td>Y HERN\u00c1NDEZ<\/td><td>Pramac<\/td><td>Sem tempo<\/td><td><\/td><\/tr><tr><td>18<\/td><td>M PONS<\/td><td>LCR<\/td><td>Sem tempo<\/td><td><\/td><\/tr><\/tbody><\/table><\/figure>\n","protected":false},"excerpt":{"rendered":"<p>Eric Granado at\u00e9 levou um susto na volta r\u00e1pida da classifica\u00e7\u00e3o da MotoE na Holanda, mas fez grande volta, superou os rivais e conquistou a quarta pole-position na temporada. Lukas Tulovic e Alessandro Zaccone fecham a primeira fila<\/p>\n","protected":false},"author":0,"featured_media":1000487276,"comment_status":"closed","ping_status":"closed","sticky":false,"template":"","format":"standard","meta":{"42wp_featured_image_caption":"","42wp_featured_image_credits":"","42wp_featured_video":"","42wp_featured_image_hidden":false,"42wp_authors_list":[],"footnotes":""},"categories":[28],"tags":[3463,286,1388,79,280,27919,78,490,24850,25819,26690],"42wp_author":[47135],"class_list":["post-119883","post","type-post","status-publish","format-standard","has-post-thumbnail","hentry","category-motociclismo","tag-assen","tag-eric-granado","tag-gp-da-holanda","tag-moto-gp","tag-motoe","tag-motoe-2021","tag-motogp","tag-motogp-2021","tag-motogp-fox-sports","tag-motogp-hoje","tag-pilotos-motogp","42wp_author-pedro-luis-cuenca"],"_links":{"self":[{"href":"https:\/\/grandepremio.com\/br\/wp-json\/wp\/v2\/posts\/119883","targetHints":{"allow":["GET"]}}],"collection":[{"href":"https:\/\/grandepremio.com\/br\/wp-json\/wp\/v2\/posts"}],"about":[{"href":"https:\/\/grandepremio.com\/br\/wp-json\/wp\/v2\/types\/post"}],"replies":[{"embeddable":true,"href":"https:\/\/grandepremio.com\/br\/wp-json\/wp\/v2\/comments?post=119883"}],"version-history":[{"count":0,"href":"https:\/\/grandepremio.com\/br\/wp-json\/wp\/v2\/posts\/119883\/revisions"}],"wp:featuredmedia":[{"embeddable":true,"href":"https:\/\/grandepremio.com\/br\/wp-json\/wp\/v2\/media\/1000487276"}],"wp:attachment":[{"href":"https:\/\/grandepremio.com\/br\/wp-json\/wp\/v2\/media?parent=119883"}],"wp:term":[{"taxonomy":"category","embeddable":true,"href":"https:\/\/grandepremio.com\/br\/wp-json\/wp\/v2\/categories?post=119883"},{"taxonomy":"post_tag","embeddable":true,"href":"https:\/\/grandepremio.com\/br\/wp-json\/wp\/v2\/tags?post=119883"},{"taxonomy":"42wp_author","embeddable":true,"href":"https:\/\/grandepremio.com\/br\/wp-json\/wp\/v2\/42wp_author?post=119883"}],"curies":[{"name":"wp","href":"https:\/\/api.w.org\/{rel}","templated":true}]}}