{"id":119884,"date":"2021-06-26T11:36:22","date_gmt":"2021-06-26T14:36:22","guid":{"rendered":"https:\/\/grandepremio.com\/br\/noticias\/lewis-hamilton-diz-nao-ter-ritmo-para-superar-max-verstappen-gp-da-estiria-e-quer-chuva\/"},"modified":"2021-06-26T11:36:32","modified_gmt":"2021-06-26T14:36:32","slug":"lewis-hamilton-diz-nao-ter-ritmo-para-superar-max-verstappen-gp-da-estiria-e-quer-chuva","status":"publish","type":"post","link":"https:\/\/grandepremio.com\/br\/f1\/lewis-hamilton-diz-nao-ter-ritmo-para-superar-max-verstappen-gp-da-estiria-e-quer-chuva\/","title":{"rendered":"Hamilton diz que n\u00e3o tem ritmo para superar Verstappen na Est\u00edria e torce: \u201cTalvez chova\u201d"},"content":{"rendered":"\n<figure class=\"wp-block-video\"><video class=\"video-js vjs-big-play-centered\" data-gp-vjs=\"1\" controls src=\"https:\/\/www.grandepremio.com\/br\/wp-content\/uploads\/2021\/06\/Bottas-roda-no-pit-lane-na-Austria.mp4\"><\/video><figcaption>Valtteri Bottas rodou dentro do pit-lane durante o segundo treino livre do GP da Est\u00edria da F1 (Foto: F1\/Reprodu\u00e7\u00e3o)<\/figcaption><\/figure>\n\n\n\n<p class=\"wp-block-paragraph\">O sentimento de <a href=\"https:\/\/www.grandepremio.com\/br\/f1\/noticias\/max-verstappen-volta-demolidora-red-bull-pole-em-casa-no-gp-da-estiria\/\">Lewis Hamilton depois da defini\u00e7\u00e3o do grid de largada do GP da Est\u00edria, neste s\u00e1bado (26), \u00e9 de resigna\u00e7\u00e3o<\/a>. Com valentia, o heptacampe\u00e3o lutou muito contra um Max Verstappen em forma esplendorosa e com o melhor carro da F\u00f3rmula 1 na atualidade. No fim, na \u00faltima tentativa de volta r\u00e1pida, o brit\u00e2nico n\u00e3o conseguiu melhorar seu tempo, feito em 1min04s067, 0s226 mais lento que o holand\u00eas, e ainda foi superado por Valtteri Bottas.<\/p>\n\n\n\n<p class=\"wp-block-paragraph\">Mas Hamilton vai largar em segundo depois de ser beneficiado pela puni\u00e7\u00e3o imposta a Bottas, que perdeu tr\u00eas posi\u00e7\u00f5es no grid de largada por ter rodado no pit-lane no treino livre 2, na sexta-feira.<\/p>\n\n\n\n<figure class=\"wp-block-image size-large\"><img decoding=\"async\" src=\"https:\/\/www.grandepremio.com\/br\/wp-content\/uploads\/2021\/06\/000_9D66YT-1024x697.jpg\" alt=\"\" class=\"wp-image-486843\"\/><figcaption>Lewis Hamilton diz que fez o que foi poss\u00edvel, mas deu a entender que a Red Bull est\u00e1 em outro patamar na \u00c1ustria (Foto: Joe Klamar\/AFP)<\/figcaption><\/figure>\n\n\n\n<p class=\"wp-block-paragraph\">\u201cEm primeiro lugar, parab\u00e9ns ao Max. Eles [Verstappen e Red Bull] foram muito r\u00e1pidos neste fim de semana. Tenho dado absolutamente tudo, e n\u00e3o foi a melhor das sess\u00f5es, mas, mesmo assim, seguimos na primeira fila depois da puni\u00e7\u00e3o. Fiz o que pude\u201d, afirmou o dono do carro #44 da Mercedes.<br><br><strong><strong>Conhe\u00e7a o canal do Grande Pr\u00eamio no YouTube! Clique\u00a0<a target=\"_blank\" href=\"https:\/\/youtube.com\/GrandePremioTV\" rel=\"noreferrer noopener\">aqui<\/a>.<\/strong><br><strong>Siga o Grande Pr\u00eamio no\u00a0<a target=\"_blank\" href=\"https:\/\/twitter.com\/grandepremio\" rel=\"noreferrer noopener\">Twitter\u00a0<\/a>e no\u00a0<a target=\"_blank\" href=\"https:\/\/instagram.com\/grandepremio\" rel=\"noreferrer noopener\">Instagram<\/a>!<\/strong><\/strong><br><strong><a href=\"https:\/\/www.grandepremio.com\/br\/web-stories\/f1\/grid-largada-gp-austria-formula-1-2021\/\">WEB STORIES: Como ficou o grid de largada do GP da Est\u00edria de\u00a0<\/a><a href=\"https:\/\/www.grandepremio.com\/br\/f1\/\" target=\"_blank\" rel=\"noreferrer noopener\">F\u00f3rmula 1<\/a><\/strong><\/p>\n\n\n\n<figure class=\"wp-block-embed is-type-rich is-provider-spotify wp-block-embed-spotify wp-embed-aspect-21-9 wp-has-aspect-ratio\"><div class=\"wp-block-embed__wrapper\">\n<iframe title=\"Spotify Embed: Paddockast #109 | A primeira avalia\u00e7\u00e3o dos pilotos da F1 2021\" style=\"border-radius: 12px\" width=\"100%\" height=\"152\" frameborder=\"0\" allowfullscreen allow=\"autoplay; clipboard-write; encrypted-media; fullscreen; picture-in-picture\" loading=\"lazy\" src=\"https:\/\/open.spotify.com\/embed\/episode\/64zt5By0JZONMDqRqkJlKE?si=YqNME5xgT36YHvpzLrvv2Q&amp;dl_branch=1&amp;utm_source=oembed\"><\/iframe>\n<\/div><\/figure>\n\n\n\n<p class=\"wp-block-paragraph\">No entendimento de Hamilton, a Red Bull parece ser uma advers\u00e1ria inalcan\u00e7\u00e1vel at\u00e9 agora no Red Bull Ring.<\/p>\n\n\n\n<p class=\"wp-block-paragraph\">\u201cVia de regra, eles tiveram 0s250 de vantagem sobre n\u00f3s durante todo o fim de semana, e acho que conseguimos chegar mais perto na classifica\u00e7\u00e3o. No ritmo de corrida, eles estiveram 0s25 \u00e0 nossa frente. Seria interessante ver se podemos administrar isso\u201d, salientou.<\/p>\n\n\n\n<p class=\"wp-block-paragraph\">Para a corrida, Hamilton tratou de ser realista. Mas sabe que tudo pode mudar se a previs\u00e3o do tempo se confirmar para domingo. Segundo o site especializado Weather Channel, h\u00e1 85% de chance de chuva no hor\u00e1rio da largada neste domingo.<\/p>\n\n\n\n<p class=\"wp-block-paragraph\">\u201cN\u00e3o acho que tenhamos ritmo para super\u00e1-los, certamente, mas posso apenas conseguir acompanh\u00e1-los. Vou dar tudo. Talvez chova&#8230; Quem sabe\u201d, concluiu.<\/p>\n\n\n\n<p class=\"wp-block-paragraph\">O GP da Est\u00edria tem largada prevista para 10h (de Bras\u00edlia) deste domingo. O <strong>GRANDE PR\u00caMIO<\/strong> acompanha tudo <a href=\"https:\/\/www.grandepremio.com\/br\/ao-vivo\/f1\/\">AO VIVO e em TEMPO REAL<\/a>.<\/p>\n\n\n\n<figure class=\"wp-block-embed is-type-video is-provider-youtube wp-block-embed-youtube wp-embed-aspect-16-9 wp-has-aspect-ratio\"><div class=\"wp-block-embed__wrapper\">\n<iframe loading=\"lazy\" title=\"VERSTAPPEN FAZ VOLTA DEMOLIDORA E FICA COM A POLE DO GP DA EST\u00cdRIA DE F1 | Briefing\" width=\"500\" height=\"281\" src=\"https:\/\/www.youtube.com\/embed\/QqBaIrZdOEY?feature=oembed\" frameborder=\"0\" allow=\"accelerometer; autoplay; clipboard-write; encrypted-media; gyroscope; picture-in-picture; web-share\" referrerpolicy=\"strict-origin-when-cross-origin\" allowfullscreen><\/iframe>\n<\/div><\/figure>\n","protected":false},"excerpt":{"rendered":"<p>Lewis Hamilton obteve o terceiro lugar na classifica\u00e7\u00e3o, mas vai largar em segundo no GP da Est\u00edria com a puni\u00e7\u00e3o imposta a Valtteri Bottas ainda na sexta-feira. O heptacampe\u00e3o, no entanto, \u00e9 muito realista sobre as pretens\u00f5es de vit\u00f3ria no Red Bull Ring, a n\u00e3o ser que venha a chuva e mude tudo<\/p>\n","protected":false},"author":0,"featured_media":1000486846,"comment_status":"closed","ping_status":"closed","sticky":false,"template":"","format":"standard","meta":{"42wp_featured_image_caption":"","42wp_featured_image_credits":"","42wp_featured_video":"","42wp_featured_image_hidden":false,"42wp_authors_list":[],"footnotes":""},"categories":[2],"tags":[147,156,24837,25536,24894,24836,87,203,1214],"42wp_author":[47110],"class_list":["post-119884","post","type-post","status-publish","format-standard","has-post-thumbnail","hentry","category-f1","tag-f1","tag-f1-2021","tag-formula-1-2","tag-formula-1-2021-2","tag-gp-da-estiria-2","tag-grande-premio-2","tag-lewis-hamilton","tag-max-verstappen","tag-pole-position","42wp_author-fernando-silva"],"_links":{"self":[{"href":"https:\/\/grandepremio.com\/br\/wp-json\/wp\/v2\/posts\/119884","targetHints":{"allow":["GET"]}}],"collection":[{"href":"https:\/\/grandepremio.com\/br\/wp-json\/wp\/v2\/posts"}],"about":[{"href":"https:\/\/grandepremio.com\/br\/wp-json\/wp\/v2\/types\/post"}],"replies":[{"embeddable":true,"href":"https:\/\/grandepremio.com\/br\/wp-json\/wp\/v2\/comments?post=119884"}],"version-history":[{"count":0,"href":"https:\/\/grandepremio.com\/br\/wp-json\/wp\/v2\/posts\/119884\/revisions"}],"wp:featuredmedia":[{"embeddable":true,"href":"https:\/\/grandepremio.com\/br\/wp-json\/wp\/v2\/media\/1000486846"}],"wp:attachment":[{"href":"https:\/\/grandepremio.com\/br\/wp-json\/wp\/v2\/media?parent=119884"}],"wp:term":[{"taxonomy":"category","embeddable":true,"href":"https:\/\/grandepremio.com\/br\/wp-json\/wp\/v2\/categories?post=119884"},{"taxonomy":"post_tag","embeddable":true,"href":"https:\/\/grandepremio.com\/br\/wp-json\/wp\/v2\/tags?post=119884"},{"taxonomy":"42wp_author","embeddable":true,"href":"https:\/\/grandepremio.com\/br\/wp-json\/wp\/v2\/42wp_author?post=119884"}],"curies":[{"name":"wp","href":"https:\/\/api.w.org\/{rel}","templated":true}]}}