{"id":119885,"date":"2021-06-26T11:28:32","date_gmt":"2021-06-26T14:28:32","guid":{"rendered":"https:\/\/grandepremio.com\/br\/noticias\/max-verstappen-se-anima-pole-ritmo-forte-red-bull-ring-1a-volta-q3-foi-suficiente\/"},"modified":"2021-06-26T11:28:41","modified_gmt":"2021-06-26T14:28:41","slug":"max-verstappen-se-anima-pole-ritmo-forte-red-bull-ring-1a-volta-q3-foi-suficiente","status":"publish","type":"post","link":"https:\/\/grandepremio.com\/br\/f1\/max-verstappen-se-anima-pole-ritmo-forte-red-bull-ring-1a-volta-q3-foi-suficiente\/","title":{"rendered":"Verstappen se anima com pole e ritmo no Red Bull Ring: \u201c1\u00aa volta do Q3 foi suficiente\u201d"},"content":{"rendered":"\n<figure class=\"wp-block-video\"><video class=\"video-js vjs-big-play-centered\" data-gp-vjs=\"1\" controls src=\"https:\/\/www.grandepremio.com\/br\/wp-content\/uploads\/2021\/06\/Moto2-2021-Holanda-Assen-Q2-Raul-Fernandez.mp4\"><\/video><figcaption>Ra\u00fal Fern\u00e1ndez cravou a pole para o GP da Holanda de Moto2 (V\u00eddeo: MotoGP)<\/figcaption><\/figure>\n\n\n\n<p class=\"wp-block-paragraph\">Verstappen segue com motivos para sorrir na F\u00f3rmula 1. No embalo da vit\u00f3ria no GP da Fran\u00e7a, o l\u00edder do Mundial <strong><a href=\"https:\/\/www.grandepremio.com\/br\/f1\/noticias\/max-verstappen-volta-demolidora-red-bull-pole-em-casa-no-gp-da-estiria\/\">conquistou neste s\u00e1bado (26) a pole-position<\/a><\/strong> do GP da Est\u00edria, no Red Bull Ring. O ritmo foi t\u00e3o bom que, de acordo com o holand\u00eas, nem seria necess\u00e1rio ficar melhorando as voltas durante o Q3.<\/p>\n\n\n\n<p class=\"wp-block-paragraph\">&#8220;Est\u00e1 sendo um fim de semana muito bom\u201d, disse Verstappen. \u201cO carro voltou a ser bom na classifica\u00e7\u00e3o, estava legal de pilotar, mas n\u00e3o foi f\u00e1cil lidar com o tr\u00e1fego. Ainda assim, consegui uma volta boa. Acho que a primeira volta do Q3 acabou sendo boa o suficiente. Eu tive um bom primeiro setor e estou muito feliz por fazer a pole em casa\u201d, seguiu.<\/p>\n\n\n\n<p class=\"wp-block-paragraph\">&#8220;Quando voc\u00ea olha para a pista, voc\u00ea percebe que s\u00e3o poucas curvas, mas \u00e9 bem dif\u00edcil. Na curva 1, na subida da 3, na descida da 4&#8230; \u00c9 dif\u00edcil encaixar uma volta. A primeira do Q3 n\u00e3o foi ruim, mas nunca \u00e9 f\u00e1cil. Tenho certeza de que vai ser apertado novamente amanh\u00e3&#8221;, destacou.<\/p>\n\n\n\n<figure class=\"wp-block-image size-large\"><img decoding=\"async\" src=\"https:\/\/www.grandepremio.com\/br\/wp-content\/uploads\/2021\/06\/SI202106250688_news-1024x683.jpg\" alt=\"MAX VERSTAPPEN; RED BULL; RED BULL RING;\" class=\"wp-image-487102\"\/><figcaption>Max Verstappen garantiu a pole com volta demolidora nesta tarde no Red Bull Ring (Foto: Clive Rose\/Getty Images\/Red Bull Content Pool)<\/figcaption><\/figure>\n\n\n\n<p class=\"wp-block-paragraph\">Mesmo sabendo que a primeira volta do Q3 tinha sido muito boa, Verstappen seguiu com novas tentativas e acabou com 1min03s841, na casa de 0s2 mais r\u00e1pido que Valtteri Bottas, segundo melhor. O finland\u00eas, entretanto, perde tr\u00eas posi\u00e7\u00f5es no grid e cede a primeira fila para Lewis Hamilton. Lando Norris e Sergio P\u00e9rez formam a segunda fila, com Valtteri caindo para quinto.<\/p>\n\n\n\n<p class=\"wp-block-paragraph\">A pole \u00e9 um novo cap\u00edtulo do bom momento de Verstappen na F1. O holand\u00eas venceu dois dos \u00faltimos tr\u00eas GPs e abriu vantagem de 12 pontos na lideran\u00e7a do Mundial de Pilotos.<\/p>\n\n\n\n<p class=\"wp-block-paragraph\">O GP da Est\u00edria \u00e9 o primeiro da rodada dupla da F1 no Red Bull Ring. A categoria segue no aut\u00f3dromo por mais uma semana para realizar o GP da \u00c1ustria.<\/p>\n\n\n\n<p class=\"wp-block-paragraph\"><strong><strong>Conhe\u00e7a o canal do Grande Pr\u00eamio no YouTube! Clique\u00a0<a target=\"_blank\" href=\"https:\/\/youtube.com\/GrandePremioTV\" rel=\"noreferrer noopener\">aqui<\/a>.<\/strong><br><strong>Siga o Grande Pr\u00eamio no\u00a0<a target=\"_blank\" href=\"https:\/\/twitter.com\/grandepremio\" rel=\"noreferrer noopener\">Twitter\u00a0<\/a>e no\u00a0<a target=\"_blank\" href=\"https:\/\/instagram.com\/grandepremio\" rel=\"noreferrer noopener\">Instagram<\/a>!<\/strong><\/strong><\/p>\n","protected":false},"excerpt":{"rendered":"<p>Max Verstappen nem precisaria ficar melhorando voltas ao longo do Q3. O holand\u00eas se mostrou imbat\u00edvel na classifica\u00e7\u00e3o do GP da Est\u00edria, que o deixou na pole com Lewis Hamilton em 2\u00b0<\/p>\n","protected":false},"author":0,"featured_media":1000486950,"comment_status":"closed","ping_status":"closed","sticky":false,"template":"","format":"standard","meta":{"42wp_featured_image_caption":"","42wp_featured_image_credits":"","42wp_featured_video":"","42wp_featured_image_hidden":false,"42wp_authors_list":[],"footnotes":""},"categories":[2],"tags":[156,24837,24894,87,203,82,1763],"42wp_author":[47118],"class_list":["post-119885","post","type-post","status-publish","format-standard","has-post-thumbnail","hentry","category-f1","tag-f1-2021","tag-formula-1-2","tag-gp-da-estiria-2","tag-lewis-hamilton","tag-max-verstappen","tag-mercedes","tag-red-bull-ring","42wp_author-vitor-fazio"],"_links":{"self":[{"href":"https:\/\/grandepremio.com\/br\/wp-json\/wp\/v2\/posts\/119885","targetHints":{"allow":["GET"]}}],"collection":[{"href":"https:\/\/grandepremio.com\/br\/wp-json\/wp\/v2\/posts"}],"about":[{"href":"https:\/\/grandepremio.com\/br\/wp-json\/wp\/v2\/types\/post"}],"replies":[{"embeddable":true,"href":"https:\/\/grandepremio.com\/br\/wp-json\/wp\/v2\/comments?post=119885"}],"version-history":[{"count":0,"href":"https:\/\/grandepremio.com\/br\/wp-json\/wp\/v2\/posts\/119885\/revisions"}],"wp:featuredmedia":[{"embeddable":true,"href":"https:\/\/grandepremio.com\/br\/wp-json\/wp\/v2\/media\/1000486950"}],"wp:attachment":[{"href":"https:\/\/grandepremio.com\/br\/wp-json\/wp\/v2\/media?parent=119885"}],"wp:term":[{"taxonomy":"category","embeddable":true,"href":"https:\/\/grandepremio.com\/br\/wp-json\/wp\/v2\/categories?post=119885"},{"taxonomy":"post_tag","embeddable":true,"href":"https:\/\/grandepremio.com\/br\/wp-json\/wp\/v2\/tags?post=119885"},{"taxonomy":"42wp_author","embeddable":true,"href":"https:\/\/grandepremio.com\/br\/wp-json\/wp\/v2\/42wp_author?post=119885"}],"curies":[{"name":"wp","href":"https:\/\/api.w.org\/{rel}","templated":true}]}}