{"id":119890,"date":"2021-06-26T09:51:25","date_gmt":"2021-06-26T12:51:25","guid":{"rendered":"https:\/\/grandepremio.com\/br\/noticias\/red-bull-ofensiva-lewis-hamilton-teorias-distantes-realidade\/"},"modified":"2021-06-26T09:51:33","modified_gmt":"2021-06-26T12:51:33","slug":"red-bull-ofensiva-lewis-hamilton-teorias-distantes-realidade","status":"publish","type":"post","link":"https:\/\/grandepremio.com\/br\/f1\/red-bull-ofensiva-lewis-hamilton-teorias-distantes-realidade\/","title":{"rendered":"Red Bull vai para ofensiva e diz que Hamilton tem teorias &#8220;distantes da realidade&#8221;"},"content":{"rendered":"\n<figure class=\"wp-block-video\"><video class=\"video-js vjs-big-play-centered\" data-gp-vjs=\"1\" controls src=\"https:\/\/www.grandepremio.com\/br\/wp-content\/uploads\/2021\/06\/Kicking-off-the-day-with-a-EURO2020-themed-penalty-shootout-for-@OconEsteban-and-@alo_oficial-\ufe0f-Who-do-you-think-won-EO31-or-FA14-St.mp4\"><\/video><figcaption>Trivia e disputa de p\u00eanaltis: a Euro 2020 com Alonso e Ocon (V\u00eddeo: Alpine)<\/figcaption><\/figure>\n\n\n\n<p class=\"wp-block-paragraph\">A briga pelo t\u00edtulo da temporada 2021 do Mundial de F\u00f3rmula 1 atingiu um ponto em que, ainda que Lewis Hamilton e Max Verstappen n\u00e3o estejam em guerra verbal, o heptacampe\u00e3o decidiu que consegue ir para a guerra com a Red Bull de maneira geral. E o chefe da equipe austr\u00edaca, Christian Horner, foi mais agressivo para responder o piloto durante o fim de semana do GP da Est\u00edria.<\/p>\n\n\n\n<p class=\"wp-block-paragraph\"><strong><strong>Conhe\u00e7a o canal do Grande Pr\u00eamio no YouTube! Clique\u00a0<a target=\"_blank\" href=\"https:\/\/youtube.com\/GrandePremioTV\" rel=\"noreferrer noopener\">aqui<\/a>.<\/strong><br><strong>Siga o Grande Pr\u00eamio no\u00a0<a target=\"_blank\" href=\"https:\/\/twitter.com\/grandepremio\" rel=\"noreferrer noopener\">Twitter\u00a0<\/a>e no\u00a0<a target=\"_blank\" href=\"https:\/\/instagram.com\/grandepremio\" rel=\"noreferrer noopener\">Instagram<\/a>!<\/strong><\/strong><\/p>\n\n\n\n<p class=\"wp-block-paragraph\">Ap\u00f3s ser o primeiro a falar publicamente das suspeitas da asa flex\u00edvel da Red Bull, que levou a uma restaura\u00e7\u00e3o dos testes de impacto da FIA, Hamilton j\u00e1 tratou da vantagem que a rival leva ao tirar os cobertores dos pneus antes da hora e tratou com tons de d\u00favida o aumento na pot\u00eancia final da Red Bull no GP da Fran\u00e7a da semana passada. Depois de Toto Wolff, chefe da Mercedes, tamb\u00e9m falar da evolu\u00e7\u00e3o do motor Honda, Horner, outro sujeito que n\u00e3o \u00e9 conhecido por ficar em sil\u00eancio, respondeu.<\/p>\n\n\n\n<p class=\"wp-block-paragraph\">&#8220;Escuto com interesse e algumas vezes as teorias de Lewis s\u00e3o distantes da realidade. Usamos menos arrasto e menos asas e, como resultado, voc\u00ea tende a ir mais r\u00e1pido nas retas em alguns momentos&#8221;, disse.<\/p>\n\n\n\n<p class=\"wp-block-paragraph\">Na tentativa de defender o seu astro e ainda evitar novas acusa\u00e7\u00f5es, Wolff disse que a vis\u00e3o geral de Hamilton importa, sim, porque \u00e9 uma an\u00e1lise feita dos carros rivais num \u00e2ngulo distinto, mas fez quest\u00e3o de garantir: a Red Bull n\u00e3o tem um motor novo. Sequer seria poss\u00edvel dentro dos limites do razo\u00e1vel. O que aconteceu na Fran\u00e7a foi um ajuste espec\u00edfico.<\/p>\n\n\n\n<figure class=\"wp-block-image size-large\"><img decoding=\"async\" src=\"https:\/\/www.grandepremio.com\/br\/wp-content\/uploads\/2021\/06\/000_9D33BN-e1624555399914-1024x727.jpg\" alt=\"\" class=\"wp-image-486466\"\/><figcaption>Lewis Hamilton acha mesmo que a Red Bull est\u00e1 estranha (Foto: Christian Bruna\/AFP)<\/figcaption><\/figure>\n\n\n\n<figure class=\"wp-block-embed is-type-rich is-provider-spotify wp-block-embed-spotify wp-embed-aspect-21-9 wp-has-aspect-ratio\"><div class=\"wp-block-embed__wrapper\">\n<iframe title=\"Spotify Embed: Paddockast #109 | A primeira avalia\u00e7\u00e3o dos pilotos da F1 2021\" style=\"border-radius: 12px\" width=\"100%\" height=\"152\" frameborder=\"0\" allowfullscreen allow=\"autoplay; clipboard-write; encrypted-media; fullscreen; picture-in-picture\" loading=\"lazy\" src=\"https:\/\/open.spotify.com\/embed\/episode\/64zt5By0JZONMDqRqkJlKE?utm_source=oembed\"><\/iframe>\n<\/div><figcaption>Paddockast #109: A primeira avalia\u00e7\u00e3o dos pilotos em 2021<\/figcaption><\/figure>\n\n\n\n<p class=\"wp-block-paragraph\">&#8220;O piloto est\u00e1 no carro e tem o feeling: v\u00ea tra\u00e7\u00e3o e outras coisas, e notou diferen\u00e7a nas zonas de DRS e nas que n\u00e3o tinham DRS. \u00c9 claro que a perspectiva do piloto nisso \u00e9 muito importante, especialmente Lewis porque n\u00e3o h\u00e1 ningu\u00e9m melhor que ele&#8221;, retrucou.<\/p>\n\n\n\n<p class=\"wp-block-paragraph\">&#8220;O que temos que dizer \u00e9 que \u00e9 preciso olhar para o panorama completo. N\u00e3o h\u00e1 milagre. N\u00e3o d\u00e1 para trazer um segundo motor homologado e ir 0s3 mais r\u00e1pido. Foi uma configura\u00e7\u00e3o de pouco arrasto, o carro estava muito r\u00e1pido mesmo, mais r\u00e1pido que o nosso na classifica\u00e7\u00e3o. \u00c9 o que precisamos corrigir&#8221;, analisou.<\/p>\n\n\n\n<p class=\"wp-block-paragraph\">&#8220;O motor \u00e9 homologado, s\u00f3 podemos resolver problemas de confiabilidade e limpar bugs, ent\u00e3o n\u00e3o deve haver diferen\u00e7as. A Red Bull escolheu uma configura\u00e7\u00e3o com arrasto muito baixo da asa traseira e d\u00e1 para ver que as diferen\u00e7as em Paul Ricard fizeram muito efeito. Agora \u00e9 uma quest\u00e3o de ver o que acontece aqui, mas o fato \u00e9 que eram muito fortes&#8221;, seguiu.<\/p>\n\n\n\n<p class=\"wp-block-paragraph\">&#8220;Usaram pouca asa e ainda eram competitivos nas curvas, tanto quanto n\u00f3s, o que mostra que o carro tem downforce. Precisamos fazer nosso dever de casa e continuar a melhorar, em vez de apontar para um desenho no motor. Isso tudo est\u00e1 em territ\u00f3rio da FIA e ainda \u00e9 cedo dizer isso, que o motor \u00e9 mais poderoso. Muitas coisas entram nessa conta&#8221;, finalizou.<\/p>\n\n\n\n<p class=\"wp-block-paragraph\">O GP da Est\u00edria tem largada marcada para as 10h (de Bras\u00edlia) do domingo. O <strong>GRANDE PR\u00caMIO<\/strong> acompanha tudo <strong><a href=\"https:\/\/www.grandepremio.com\/br\/f1\/ao-vivo\">AO VIVO e em TEMPO REAL<\/a><\/strong>.<\/p>\n\n\n\n<figure class=\"wp-block-embed is-type-video is-provider-youtube wp-block-embed-youtube wp-embed-aspect-16-9 wp-has-aspect-ratio\"><div class=\"wp-block-embed__wrapper\">\n<iframe loading=\"lazy\" title=\"RED BULL X MERCEDES IGUAIS E ERRO BIZARRO DE BOTTAS: A F1 NA EST\u00cdRIA | GP \u00e0s 10 + Vem a\u00ed\" width=\"500\" height=\"281\" src=\"https:\/\/www.youtube.com\/embed\/CPOikgmOx_Y?feature=oembed\" frameborder=\"0\" allow=\"accelerometer; autoplay; clipboard-write; encrypted-media; gyroscope; picture-in-picture; web-share\" referrerpolicy=\"strict-origin-when-cross-origin\" allowfullscreen><\/iframe>\n<\/div><figcaption>Red Bull x Mercedes iguais<\/figcaption><\/figure>\n","protected":false},"excerpt":{"rendered":"<p>Christian Horner, chefe da Red Bull, deu um cutuc\u00e3o com mais for\u00e7a no heptacampe\u00e3o ap\u00f3s nova sugest\u00e3o de que a equipe austr\u00edaca atua fora das regras<\/p>\n","protected":false},"author":0,"featured_media":1000446534,"comment_status":"closed","ping_status":"closed","sticky":false,"template":"","format":"standard","meta":{"42wp_featured_image_caption":"","42wp_featured_image_credits":"","42wp_featured_video":"","42wp_featured_image_hidden":false,"42wp_authors_list":[],"footnotes":""},"categories":[2],"tags":[655,156,25536,24894,24836,28285,87,82,204,4613],"42wp_author":[47120],"class_list":["post-119890","post","type-post","status-publish","format-standard","has-post-thumbnail","hentry","category-f1","tag-christian-horner","tag-f1-2021","tag-formula-1-2021-2","tag-gp-da-estiria-2","tag-grande-premio-2","tag-grandepremio","tag-lewis-hamilton","tag-mercedes","tag-red-bull","tag-spielberg","42wp_author-pedro-henrique-marum"],"_links":{"self":[{"href":"https:\/\/grandepremio.com\/br\/wp-json\/wp\/v2\/posts\/119890","targetHints":{"allow":["GET"]}}],"collection":[{"href":"https:\/\/grandepremio.com\/br\/wp-json\/wp\/v2\/posts"}],"about":[{"href":"https:\/\/grandepremio.com\/br\/wp-json\/wp\/v2\/types\/post"}],"replies":[{"embeddable":true,"href":"https:\/\/grandepremio.com\/br\/wp-json\/wp\/v2\/comments?post=119890"}],"version-history":[{"count":0,"href":"https:\/\/grandepremio.com\/br\/wp-json\/wp\/v2\/posts\/119890\/revisions"}],"wp:featuredmedia":[{"embeddable":true,"href":"https:\/\/grandepremio.com\/br\/wp-json\/wp\/v2\/media\/1000446534"}],"wp:attachment":[{"href":"https:\/\/grandepremio.com\/br\/wp-json\/wp\/v2\/media?parent=119890"}],"wp:term":[{"taxonomy":"category","embeddable":true,"href":"https:\/\/grandepremio.com\/br\/wp-json\/wp\/v2\/categories?post=119890"},{"taxonomy":"post_tag","embeddable":true,"href":"https:\/\/grandepremio.com\/br\/wp-json\/wp\/v2\/tags?post=119890"},{"taxonomy":"42wp_author","embeddable":true,"href":"https:\/\/grandepremio.com\/br\/wp-json\/wp\/v2\/42wp_author?post=119890"}],"curies":[{"name":"wp","href":"https:\/\/api.w.org\/{rel}","templated":true}]}}