{"id":119907,"date":"2021-06-25T15:13:14","date_gmt":"2021-06-25T18:13:14","guid":{"rendered":"https:\/\/grandepremio.com\/br\/noticias\/ocon-ve-sexta-feira-produtiva-da-alpine-mas-ressalta-amanha-e-o-que-vale\/"},"modified":"2021-06-25T15:13:23","modified_gmt":"2021-06-25T18:13:23","slug":"ocon-ve-sexta-feira-produtiva-da-alpine-mas-ressalta-amanha-e-o-que-vale","status":"publish","type":"post","link":"https:\/\/grandepremio.com\/br\/f1\/ocon-ve-sexta-feira-produtiva-da-alpine-mas-ressalta-amanha-e-o-que-vale\/","title":{"rendered":"Ocon v\u00ea &#8220;sexta-feira produtiva&#8221; da Alpine, mas ressalta: &#8220;Amanh\u00e3 \u00e9 o que vale&#8221;"},"content":{"rendered":"\n<figure class=\"wp-block-video\"><video class=\"video-js vjs-big-play-centered\" data-gp-vjs=\"1\" controls src=\"https:\/\/www.grandepremio.com\/br\/wp-content\/uploads\/2021\/06\/Bottas-roda-no-pit-lane-na-Austria.mp4\"><\/video><figcaption>Valtteri Bottas rodou dentro do pit-lane durante o segundo treino livre do GP da Est\u00edria da F1 (Foto: F1\/Reprodu\u00e7\u00e3o)<\/figcaption><\/figure>\n\n\n\n<p class=\"wp-block-paragraph\">Assim como aconteceu na sexta-feira do GP da Fran\u00e7a, a Alpine voltou a deixar seus carros no top-10 nas duas sess\u00f5es livres no Red Bull Ring, que abriga a etapa da Est\u00edria. No TL2, Esteban Ocon foi o terceiro mais r\u00e1pido, tendo seu parceiro de equipe Fernando Alonso dois degraus abaixo, em quinto. O franc\u00eas, inclusive, chegou at\u00e9 a liderar o segundo treino ao se colocar no topo da tabela ao ser 0s006 mais r\u00e1pido que Lewis Hamilton, mas durou pouco. Sobre isso, o dono o carro #31 disse que foi uma boa sensa\u00e7\u00e3o ouvir que era o P1 por um breve momento e elogiou o dia da equipe.<\/p>\n\n\n\n<p class=\"wp-block-paragraph\">\u201cFoi uma sexta-feira movimentada para n\u00f3s, com muitas coisas conclu\u00eddas. Ter os dois carros entre os dez primeiros \u00e9 positivo, mas \u00e9 somente sexta-feira. Precisamos seguir focados e continuar trabalhando nas \u00e1reas que podemos melhorar. No entanto, foi um dia produtivo, estamos ansiosos para amanh\u00e3. \u00c9 bom ser o terceiro na tabela de tempos e ouvir \u2018voc\u00ea \u00e9 P1\u2019 no r\u00e1dio por um breve momento. Mas foi somente o segundo treino livre, amanh\u00e3 \u00e9 o que vale&#8221;, disse Ocon.<\/p>\n\n\n\n<p class=\"wp-block-paragraph\"><strong><strong>Conhe\u00e7a o canal do Grande Pr\u00eamio no YouTube! Clique&nbsp;<a target=\"_blank\" href=\"https:\/\/youtube.com\/GrandePremioTV\" rel=\"noreferrer noopener\">aqui<\/a>.<\/strong><br><strong>Siga o Grande Pr\u00eamio no&nbsp;<a target=\"_blank\" href=\"https:\/\/twitter.com\/grandepremio\" rel=\"noreferrer noopener\">Twitter&nbsp;<\/a>e no&nbsp;<a target=\"_blank\" href=\"https:\/\/instagram.com\/grandepremio\" rel=\"noreferrer noopener\">Instagram<\/a>!<\/strong><\/strong><\/p>\n\n\n\n<figure class=\"wp-block-image size-large\"><img decoding=\"async\" src=\"https:\/\/www.grandepremio.com\/br\/wp-content\/uploads\/2021\/06\/alpine-estebanocon-01-6-1024x683.jpg\" alt=\"\" class=\"wp-image-486772\"\/><figcaption>Os dois carros da Alpine figuraram o top-10 nos dois treinos livres (Foto: Alpine)<\/figcaption><\/figure>\n\n\n\n<p class=\"wp-block-paragraph\">J\u00e1 Alonso, que vem tendo um melhor desempenho nas \u00faltimas etapas, sofreu com tr\u00eas voltas eliminadas enquanto tentava manter-se dentro dos limites de pista, principalmente nas curvas 9 e 10. Mesmo assim, o asturiano conseguiu se colocar no top-5 da segunda sess\u00e3o.<\/p>\n\n\n\n<p class=\"wp-block-paragraph\">&#8220;Hoje foi uma sexta-feira tranquila para n\u00f3s. Todos n\u00f3s esper\u00e1vamos uma sess\u00e3o de treinos com chuva, mas o tempo seguiu seco, ent\u00e3o conclu\u00edmos nosso cronograma normal. O carro se comportou bem logo de cara no primeiro treino e acho que ainda temos ritmo, j\u00e1 que n\u00e3o encaixamos tudo. Isso me d\u00e1 confian\u00e7a para a classifica\u00e7\u00e3o de amanh\u00e3, ent\u00e3o espero que possamos ter um fim de semana competitivo&#8221;, finalizou. <\/p>\n\n\n\n<p class=\"wp-block-paragraph\">A F\u00f3rmula 1 volta a acelerar neste s\u00e1bado no&nbsp;<a href=\"https:\/\/www.grandepremio.com\/br\/etapa\/f1\/gp-da-austria-formula-1-2020\/\" target=\"_blank\" rel=\"noreferrer noopener\">Red Bull Ring<\/a>. O treino livre 3 est\u00e1 marcado para 7h (de Bras\u00edlia, GMT-3), enquanto a classifica\u00e7\u00e3o acontece \u00e0s 10h. O&nbsp;<strong>GRANDE PR\u00caMIO<\/strong>&nbsp;acompanha tudo&nbsp;<strong><a href=\"https:\/\/www.grandepremio.com\/br\/ao-vivo\/f1\/gp-da-estiria-de-f1-2021-treinos-livres-ao-vivo-online-gratis-tempo-real-hoje\/\">AO VIVO e em TEMPO REAL<\/a><\/strong>.<\/p>\n\n\n\n<figure class=\"wp-block-embed is-type-video is-provider-youtube wp-block-embed-youtube wp-embed-aspect-16-9 wp-has-aspect-ratio\"><div class=\"wp-block-embed__wrapper\">\n<iframe loading=\"lazy\" title=\"F1 2021 ENTREGA ENTRETENIMENTO E EMPOLGA COM GRANDE CAMPEONATO | GP \u00c0S 10\" width=\"500\" height=\"281\" src=\"https:\/\/www.youtube.com\/embed\/DUmoVOu8hCU?feature=oembed\" frameborder=\"0\" allow=\"accelerometer; autoplay; clipboard-write; encrypted-media; gyroscope; picture-in-picture; web-share\" referrerpolicy=\"strict-origin-when-cross-origin\" allowfullscreen><\/iframe>\n<\/div><\/figure>\n\n\n\n<p class=\"wp-block-paragraph\"><\/p>\n","protected":false},"excerpt":{"rendered":"<p>Em dia de treinos livres do GP da Est\u00edria, os dois pilotos da Alpine, Esteban Ocon e Fernando Alonso, se colocaram no top-10 em ambas as sess\u00f5es. No ent\u00e3o, o franc\u00eas mostrou cautela ao dizer que a classifica\u00e7\u00e3o &#8220;\u00e9 o que vale&#8221; <\/p>\n","protected":false},"author":0,"featured_media":1000486940,"comment_status":"closed","ping_status":"closed","sticky":false,"template":"","format":"standard","meta":{"42wp_featured_image_caption":"","42wp_featured_image_credits":"","42wp_featured_video":"","42wp_featured_image_hidden":false,"42wp_authors_list":[],"footnotes":""},"categories":[2],"tags":[20491,302,176,24837,25536,24894,24836],"42wp_author":[47139],"class_list":["post-119907","post","type-post","status-publish","format-standard","has-post-thumbnail","hentry","category-f1","tag-alpine","tag-esteban-ocon","tag-fernando-alonso","tag-formula-1-2","tag-formula-1-2021-2","tag-gp-da-estiria-2","tag-grande-premio-2","42wp_author-ana-cerveira"],"_links":{"self":[{"href":"https:\/\/grandepremio.com\/br\/wp-json\/wp\/v2\/posts\/119907","targetHints":{"allow":["GET"]}}],"collection":[{"href":"https:\/\/grandepremio.com\/br\/wp-json\/wp\/v2\/posts"}],"about":[{"href":"https:\/\/grandepremio.com\/br\/wp-json\/wp\/v2\/types\/post"}],"replies":[{"embeddable":true,"href":"https:\/\/grandepremio.com\/br\/wp-json\/wp\/v2\/comments?post=119907"}],"version-history":[{"count":0,"href":"https:\/\/grandepremio.com\/br\/wp-json\/wp\/v2\/posts\/119907\/revisions"}],"wp:featuredmedia":[{"embeddable":true,"href":"https:\/\/grandepremio.com\/br\/wp-json\/wp\/v2\/media\/1000486940"}],"wp:attachment":[{"href":"https:\/\/grandepremio.com\/br\/wp-json\/wp\/v2\/media?parent=119907"}],"wp:term":[{"taxonomy":"category","embeddable":true,"href":"https:\/\/grandepremio.com\/br\/wp-json\/wp\/v2\/categories?post=119907"},{"taxonomy":"post_tag","embeddable":true,"href":"https:\/\/grandepremio.com\/br\/wp-json\/wp\/v2\/tags?post=119907"},{"taxonomy":"42wp_author","embeddable":true,"href":"https:\/\/grandepremio.com\/br\/wp-json\/wp\/v2\/42wp_author?post=119907"}],"curies":[{"name":"wp","href":"https:\/\/api.w.org\/{rel}","templated":true}]}}