{"id":11991,"date":"2026-02-18T04:34:20","date_gmt":"2026-02-18T07:34:20","guid":{"rendered":"https:\/\/grandepremio.com\/br\/noticias\/formula-1-abre-2a-semana-testes-coletivos-quarta-feira-calor-bahrein\/"},"modified":"2026-02-18T04:44:07","modified_gmt":"2026-02-18T07:44:07","slug":"formula-1-abre-2a-semana-testes-coletivos-quarta-feira-calor-bahrein","status":"publish","type":"post","link":"https:\/\/grandepremio.com\/br\/f1\/formula-1-abre-2a-semana-testes-coletivos-quarta-feira-calor-bahrein\/","title":{"rendered":"F\u00f3rmula 1 abre 2\u00aa semana de testes coletivos em quarta-feira de calor no Bahrein"},"content":{"rendered":"\n<p class=\"wp-block-paragraph\"> A <strong>F\u00f3rmula 1<\/strong> inicia nesta quarta-feira (18) a segunda semana de testes coletivos da pr\u00e9-temporada 2026, no <strong>Bahrein<\/strong>, e os pilotos ter\u00e3o um dia de temperaturas um pouco mais baixas que as vistas na primeira bateria. O tempo, contudo, fica firme ao longo de toda a atividade, que come\u00e7a pela manh\u00e3 e vai at\u00e9 a noite em <strong>Sakhir<\/strong>. Confira o que diz a meteorologia.<\/p>\n\n\n\n<p class=\"wp-block-paragraph\">A atividade come\u00e7ou \u00e0s 10h locais (4h de Bras\u00edlia, GMT-3), com term\u00f4metros em 21\u00b0C, asfalto em 31\u00b0C e umidade relativa do ar alta, em 72% \u2014 o que aumenta a sensa\u00e7\u00e3o t\u00e9rmica. Na segunda hora, de acordo com o servi\u00e7o de meteorologia <em>AccuWeather<\/em>, a expectativa \u00e9 de term\u00f4metros em 23\u00b0C, com sensa\u00e7\u00e3o t\u00e9rmica em 26\u00b0C.<\/p>\n\n\n\n<p class=\"wp-block-paragraph\">Os ventos, por sua vez, sopram bem mais amenos, a 7 km\/h de velocidade m\u00e9dia a sul, com rajadas de at\u00e9 13 km\/h.<\/p>\n\n\n\n<p class=\"wp-block-paragraph\">A primeira parte termina \u00e0s 14h locais (8h de Bras\u00edlia), e a nebulosidade diminui, deixando o c\u00e9u praticamente limpo. Os term\u00f4metros chegam a 24\u00b0C com sensa\u00e7\u00e3o t\u00e9rmica ainda alta, em 28\u00b0C, em fun\u00e7\u00e3o da umidade relativa superior a 50\u00b0C. As rajadas diminuem para 11 km\/h.<\/p>\n\n\n\n<figure class=\"wp-block-image size-large\"><img decoding=\"async\" src=\"https:\/\/www.grandepremio.com\/br\/wp-content\/uploads\/2026\/02\/testes-pre-temporada-f1-2026-alpine-pierre-gasly-01-1200x800.jpg\" alt=\"\" class=\"wp-image-1058336\"\/><figcaption class=\"wp-element-caption\">Pierre Gasly: pilotos ter\u00e3o pela frente dia quente no Bahrein (Foto: Alpine)<\/figcaption><\/figure>\n\n\n\n<p class=\"wp-block-paragraph\">A sess\u00e3o recome\u00e7a \u00e0s 15h locais (9h de Bras\u00edlia), e a previs\u00e3o indica term\u00f4metros em 25\u00b0C, agora mais pr\u00f3xima da sensa\u00e7\u00e3o t\u00e9rmica, em 27\u00b0C, enquanto a umidade relativa do ar baixa para 45\u00b0C. Os ventos, a sul-sudeste, permanecem brandos: 6km\/h de velocidade m\u00e9dia.<\/p>\n\n\n\n<p class=\"wp-block-paragraph\">Conforme a noite chega, os ventos aumentam consideravelmente, com rajadas de at\u00e9 19 km\/h a leste-nordeste. Os term\u00f4metros baixam para 22\u00b0C, com umidade em 63%.<\/p>\n\n\n\n<p class=\"wp-block-paragraph\">A F\u00f3rmula 1 realiza a segunda bateria de testes coletivos da pr\u00e9-temporada 2026 de 18 a 20 de fevereiro, no Bahrein. O <strong>GRANDE PR\u00caMIO <\/strong>acompanha todas as atividades<strong> AO VIVO<\/strong> e <strong>EM TEMPO REAL<\/strong> e traz a an\u00e1lise ao final de cada dia no <strong>BRIEFING<\/strong>.<\/p>\n\n\n\n<p class=\"wp-block-paragraph\">\u25b6\ufe0f\u00a0<strong>Inscreva-se nos dois canais do GRANDE PR\u00caMIO no YouTube:\u00a0<a href=\"https:\/\/www.youtube.com\/channel\/UC9OlHEgxoaY6QY6nWPoiqQg?sub_confirmation=1\" target=\"_blank\" rel=\"noreferrer noopener\">GP<\/a>\u00a0|\u00a0<a href=\"https:\/\/www.youtube.com\/channel\/UC9csiS6q_C3C0FYhyr1rnFA?sub_confirmation=1\" target=\"_blank\" rel=\"noreferrer noopener\">GPTV<\/a><\/strong><\/p>\n\n\n\n<h2 class=\"wp-block-heading\" id=\"h-f1-hoje-saiba-aqui-as-noticias-mais-importantes-do-dia-da-formula-1\"><strong>F1 hoje: saiba aqui as not\u00edcias mais importantes do dia da F\u00f3rmula 1<\/strong><\/h2>\n\n\n\n<p class=\"wp-block-paragraph\">\u25b6\ufe0f\u00a0<strong><a href=\"https:\/\/www.grandepremio.com\/br\/f1\/noticias\/f1-desagrada-pilotos-em-cheio-e-inicia-nova-era-sob-desconfianca-e-medo-do-fracasso\/\">F1 desagrada pilotos em cheio e inicia nova era sob desconfian\u00e7a e medo do fracasso<\/a><\/strong><br>\u25b6\ufe0f\u00a0<a href=\"https:\/\/www.grandepremio.com\/br\/f1\/noticias\/red-bull-ignora-criticas-max-verstappen-f1-2026-objetivo-nao-e-deixa-lo-feliz\/\"><\/a><strong><a href=\"https:\/\/www.grandepremio.com\/br\/f1\/noticias\/red-bull-confirma-saida-diretor-design-apos-20-anos-parte-nosso-sucesso\/\">Red Bull confirma sa\u00edda de diretor de design ap\u00f3s 20 anos: \u201cParte do nosso sucesso\u201d<\/a><\/strong><\/p>\n","protected":false},"excerpt":{"rendered":"<p>Os term\u00f4metros chegam a 25\u00b0C, mas a umidade alta aumenta a sensa\u00e7\u00e3o de calor, que fica perto dos 30\u00b0C. Confira a previs\u00e3o do tempo para a quarta-feira da F1 no Bahrein<\/p>\n","protected":false},"author":0,"featured_media":1001059390,"comment_status":"closed","ping_status":"closed","sticky":false,"template":"","format":"standard","meta":{"42wp_featured_image_caption":"","42wp_featured_image_credits":"","42wp_featured_video":"","42wp_featured_image_hidden":false,"42wp_authors_list":[],"footnotes":""},"categories":[2],"tags":[1667,26271,5273,147,29516,29148,180,31425,28995,1491,28285,30840,35129,2717,31470,1881,42831],"42wp_author":[47147],"class_list":["post-11991","post","type-post","status-publish","format-standard","has-post-thumbnail","hentry","category-f1","tag-bahrein","tag-calendario-f1","tag-classificacao-f1","tag-f1","tag-f1-2026","tag-f1-hoje","tag-formula-1","tag-formula-1-2026","tag-formula-1-hoje","tag-grande-premio","tag-grandepremio","tag-horarios-f1","tag-onde-assistir-f1","tag-pre-temporada","tag-temporada-2026-f1","tag-testes-coletivos","tag-testes-coletivos-bahrein","42wp_author-luana-marino"],"_links":{"self":[{"href":"https:\/\/grandepremio.com\/br\/wp-json\/wp\/v2\/posts\/11991","targetHints":{"allow":["GET"]}}],"collection":[{"href":"https:\/\/grandepremio.com\/br\/wp-json\/wp\/v2\/posts"}],"about":[{"href":"https:\/\/grandepremio.com\/br\/wp-json\/wp\/v2\/types\/post"}],"replies":[{"embeddable":true,"href":"https:\/\/grandepremio.com\/br\/wp-json\/wp\/v2\/comments?post=11991"}],"version-history":[{"count":0,"href":"https:\/\/grandepremio.com\/br\/wp-json\/wp\/v2\/posts\/11991\/revisions"}],"wp:featuredmedia":[{"embeddable":true,"href":"https:\/\/grandepremio.com\/br\/wp-json\/wp\/v2\/media\/1001059390"}],"wp:attachment":[{"href":"https:\/\/grandepremio.com\/br\/wp-json\/wp\/v2\/media?parent=11991"}],"wp:term":[{"taxonomy":"category","embeddable":true,"href":"https:\/\/grandepremio.com\/br\/wp-json\/wp\/v2\/categories?post=11991"},{"taxonomy":"post_tag","embeddable":true,"href":"https:\/\/grandepremio.com\/br\/wp-json\/wp\/v2\/tags?post=11991"},{"taxonomy":"42wp_author","embeddable":true,"href":"https:\/\/grandepremio.com\/br\/wp-json\/wp\/v2\/42wp_author?post=11991"}],"curies":[{"name":"wp","href":"https:\/\/api.w.org\/{rel}","templated":true}]}}