{"id":119912,"date":"2021-06-25T13:15:51","date_gmt":"2021-06-25T16:15:51","guid":{"rendered":"https:\/\/grandepremio.com\/br\/noticias\/valtteri-bottas-punido-por-rodada-no-pit-lane-perde-3-posicoes-grid-gp-da-estiria\/"},"modified":"2021-06-25T13:37:39","modified_gmt":"2021-06-25T16:37:39","slug":"valtteri-bottas-punido-por-rodada-no-pit-lane-perde-3-posicoes-grid-gp-da-estiria","status":"publish","type":"post","link":"https:\/\/grandepremio.com\/br\/f1\/valtteri-bottas-punido-por-rodada-no-pit-lane-perde-3-posicoes-grid-gp-da-estiria\/","title":{"rendered":"Bottas \u00e9 punido por rodada no pit-lane e perde 3 posi\u00e7\u00f5es no grid do GP da Est\u00edria"},"content":{"rendered":"\n<figure class=\"wp-block-video\"><video class=\"video-js vjs-big-play-centered\" data-gp-vjs=\"1\" controls src=\"https:\/\/www.grandepremio.com\/br\/wp-content\/uploads\/2021\/06\/Bottas-roda-no-pit-lane-na-Austria.mp4\"><\/video><\/figure>\n\n\n\n<p class=\"wp-block-paragraph\">A fase de Valtteri Bottas \u00e9 daquelas em que quase tudo d\u00e1 errado. O finland\u00eas, que vive sua pior temporada desde que se uniu \u00e0 Mercedes, em 2017, tem outro motivo para lamentar neste ano pra l\u00e1 de complicado. <a href=\"https:\/\/www.grandepremio.com\/br\/f1\/noticias\/max-verstappen-lidera-daniel-ricciardo-vai-bem-valtteri-bottas-roda-pit-lane-tl2-gp-da-estiria\/\">Pouco mais de duas horas depois<\/a> de ter <a href=\"https:\/\/www.grandepremio.com\/br\/video\/f1\/em-incidente-bizarro-valtteri-bottas-roda-no-pit-lane-durante-tl2-do-gp-da-estiria\/\">perdido o controle da sua Mercedes e rodado na sa\u00edda do pit-lane durante o segundo treino livre<\/a> nesta sexta-feira (25), a dire\u00e7\u00e3o de prova do GP da Est\u00edria anunciou a puni\u00e7\u00e3o a Bottas: 3 posi\u00e7\u00f5es no grid de largada na corrida. A san\u00e7\u00e3o a Valtteri, no entanto, pode entrar na conta da Mercedes. Isso porque a equipe determinou que os pilotos, para ganhar mais velocidade na sa\u00edda do pit-lane, sa\u00edssem em segunda marcha e n\u00e3o em primeira.<\/p>\n\n\n\n<p class=\"wp-block-paragraph\">Bottas sa\u00eda do box da&nbsp;<a href=\"https:\/\/www.grandepremio.com\/br\/equipe\/f1\/2020\/mercedes-amg-motorsport\/\" target=\"_blank\" rel=\"noreferrer noopener\">Mercedes<\/a>&nbsp;com novo jogo de pneu duro, foi liberado e avan\u00e7ou poucos metros at\u00e9 rodar sozinho na frente do espa\u00e7o da McLaren. Para contextualizar, apenas a&nbsp;<a href=\"https:\/\/www.grandepremio.com\/br\/equipe\/f1\/2020\/red-bull-racing\/\" target=\"_blank\" rel=\"noreferrer noopener\">Red Bull<\/a>&nbsp;est\u00e1 entre Mercedes e McLaren no pit-lane. Na horizontal, o finland\u00eas precisou da ajuda dos mec\u00e2nicos da equipe inglesa para seguir em frente. A McLaren reclamou, inclusive, para o diretor-t\u00e9cnico Michael Masi, dizendo que havia sido \u201crid\u00edculo\u201d e poderia ter atropelado um membro da equipe.<\/p>\n\n\n\n<p class=\"wp-block-paragraph\">Os comiss\u00e1rios, no fim das contas, consideraram o incidente potencialmente perigoso. Mas a puni\u00e7\u00e3o tamb\u00e9m foi resultado de um procedimento incomum: a Mercedes buscava melhorar sua velocidade de sa\u00edda dos boxes e usava a segunda marcha ao inv\u00e9s da primeira, fato revelado pelo pr\u00f3prio piloto durante depoimento na torre de controle.<\/p>\n\n\n\n<figure class=\"wp-block-image size-large\"><img decoding=\"async\" src=\"https:\/\/www.grandepremio.com\/br\/wp-content\/uploads\/2021\/06\/E4u3N2sXMAYRcQK-1024x576.jpg\" alt=\"VALTTERI BOTTAS; MERCEDES; GP DA EST\u00cdRIA; TL2;\" class=\"wp-image-486778\"\/><figcaption>Valtteri Bottas conseguiu rodar no pit-lane durante o treino livre. O finland\u00eas foi punido pela dire\u00e7\u00e3o de prova (Foto: Reprodu\u00e7\u00e3o)<\/figcaption><\/figure>\n\n\n\n<p class=\"wp-block-paragraph\"><strong><strong>Conhe\u00e7a o canal do Grande Pr\u00eamio no YouTube! Clique&nbsp;<a target=\"_blank\" href=\"https:\/\/youtube.com\/GrandePremioTV\" rel=\"noreferrer noopener\">aqui<\/a>.<\/strong><br><strong>Siga o Grande Pr\u00eamio no&nbsp;<a target=\"_blank\" href=\"https:\/\/twitter.com\/grandepremio\" rel=\"noreferrer noopener\">Twitter&nbsp;<\/a>e no&nbsp;<a target=\"_blank\" href=\"https:\/\/instagram.com\/grandepremio\" rel=\"noreferrer noopener\">Instagram<\/a>!<\/strong><\/strong><\/p>\n\n\n\n<p class=\"wp-block-paragraph\">\u201cQuando Bottas se afastou da sua posi\u00e7\u00e3o designada no pit-stop, ele perdeu o controle do carro ao virar para a pista [dentro do pit-lane], rodou e parou na pista, perto dos boxes da McLaren\u201d, diz o comunicado emitido pela dire\u00e7\u00e3o de prova.<\/p>\n\n\n\n<p class=\"wp-block-paragraph\">\u201cDurante a audi\u00eancia, Bottas afirmou que, no passado, eles vinham perdendo tempo na sa\u00edda dos boxes. Ent\u00e3o, eles [a Mercedes] tentaram algo novo, que foi sair em segunda marcha. Como resultado, o giro da roda foi muito maior e, o resultado, inesperado. Portanto, ele n\u00e3o conseguiu controlar o carro corretamente para a pista mais r\u00e1pida. Isso deve ser considerado uma dire\u00e7\u00e3o potencialmente perigosa, especialmente porque havia pessoas ao redor no pit-lane\u201d, acrescentou o comunicado.<\/p>\n\n\n\n<p class=\"wp-block-paragraph\">Al\u00e9m das 3 posi\u00e7\u00f5es no grid de largada do GP da Est\u00edria, Bottas ter\u00e1 acrescidos dois pontos na sua carteira de puni\u00e7\u00f5es, algo v\u00e1lido pelos pr\u00f3ximos 12 meses.<\/p>\n\n\n\n<p class=\"wp-block-paragraph\">Antes de tomar conhecimento da san\u00e7\u00e3o, <a href=\"https:\/\/www.grandepremio.com\/br\/f1\/noticias\/valtteri-bottas-erro-normal-pit-lane-ficaria-surpreso-punicao\/\">Bottas disse que ficaria surpreso se fosse punido<\/a>. \u201cEu rodei. Tentamos algo diferente na sa\u00edda do box, vari\u00e1veis do que costumamos fazer com a tra\u00e7\u00e3o das rodas. Foi por isso que rodei. Ficaria surpreso se tivesse [puni\u00e7\u00e3o]. \u00c9 um erro normal que pode acontecer&#8221;, explicou.<\/p>\n\n\n\n<p class=\"wp-block-paragraph\">O fim de semana da Mercedes come\u00e7ou complicado no Red Bull Ring. Lewis Hamlton, em que pese ter registrado a volta mais r\u00e1pida do dia \u2014 o tempo, no entanto, foi deletado pela dire\u00e7\u00e3o de prova porque o heptacampe\u00e3o excedeu os limites de pista da curva 10 \u2014, reclamou da falta de velocidade nos trechos de reta e, ao mesmo tempo, apontou a Red Bull, do rival Max Verstappen, como &#8220;dif\u00edcil de ser batida no fim de semana&#8221;.<\/p>\n\n\n\n<p class=\"wp-block-paragraph\">A F\u00f3rmula 1 volta a acelerar neste s\u00e1bado no&nbsp;<a href=\"https:\/\/www.grandepremio.com\/br\/etapa\/f1\/gp-da-austria-formula-1-2020\/\" target=\"_blank\" rel=\"noreferrer noopener\">Red Bull Ring<\/a>. O treino livre 3 est\u00e1 marcado para 7h (de Bras\u00edlia, GMT-3), enquanto a classifica\u00e7\u00e3o acontece \u00e0s 10h. O&nbsp;<strong>GRANDE PR\u00caMIO<\/strong>&nbsp;acompanha tudo&nbsp;<strong><a href=\"https:\/\/www.grandepremio.com\/br\/ao-vivo\/f1\/gp-da-estiria-de-f1-2021-treinos-livres-ao-vivo-online-gratis-tempo-real-hoje\/\">AO VIVO e em TEMPO REAL<\/a><\/strong>.<\/p>\n\n\n\n<figure class=\"wp-block-embed is-type-video is-provider-youtube wp-block-embed-youtube wp-embed-aspect-16-9 wp-has-aspect-ratio\"><div class=\"wp-block-embed__wrapper\">\n<iframe loading=\"lazy\" title=\"RED BULL X MERCEDES IGUAIS E ERRO BIZARRO DE BOTTAS: A F1 NA EST\u00cdRIA | GP \u00e0s 10 + Vem a\u00ed\" width=\"500\" height=\"281\" src=\"https:\/\/www.youtube.com\/embed\/CPOikgmOx_Y?feature=oembed\" frameborder=\"0\" allow=\"accelerometer; autoplay; clipboard-write; encrypted-media; gyroscope; picture-in-picture; web-share\" referrerpolicy=\"strict-origin-when-cross-origin\" allowfullscreen><\/iframe>\n<\/div><\/figure>\n","protected":false},"excerpt":{"rendered":"<p>Que fase vive Valtteri Bottas! O finland\u00eas foi punido pela dire\u00e7\u00e3o de prova em 3 posi\u00e7\u00f5es no grid de largada do GP da Est\u00edria depois de ter rodado no pit-lane durante o segundo treino no Red Bull Ring<\/p>\n","protected":false},"author":0,"featured_media":1000486788,"comment_status":"closed","ping_status":"closed","sticky":false,"template":"","format":"standard","meta":{"42wp_featured_image_caption":"","42wp_featured_image_credits":"","42wp_featured_video":"","42wp_featured_image_hidden":false,"42wp_authors_list":[],"footnotes":""},"categories":[2],"tags":[147,156,24837,25536,24894,4026,24968,612],"42wp_author":[47110],"class_list":["post-119912","post","type-post","status-publish","format-standard","has-post-thumbnail","hentry","category-f1","tag-f1","tag-f1-2021","tag-formula-1-2","tag-formula-1-2021-2","tag-gp-da-estiria-2","tag-pit-lane","tag-punicao-2","tag-valtteri-bottas","42wp_author-fernando-silva"],"_links":{"self":[{"href":"https:\/\/grandepremio.com\/br\/wp-json\/wp\/v2\/posts\/119912","targetHints":{"allow":["GET"]}}],"collection":[{"href":"https:\/\/grandepremio.com\/br\/wp-json\/wp\/v2\/posts"}],"about":[{"href":"https:\/\/grandepremio.com\/br\/wp-json\/wp\/v2\/types\/post"}],"replies":[{"embeddable":true,"href":"https:\/\/grandepremio.com\/br\/wp-json\/wp\/v2\/comments?post=119912"}],"version-history":[{"count":0,"href":"https:\/\/grandepremio.com\/br\/wp-json\/wp\/v2\/posts\/119912\/revisions"}],"wp:featuredmedia":[{"embeddable":true,"href":"https:\/\/grandepremio.com\/br\/wp-json\/wp\/v2\/media\/1000486788"}],"wp:attachment":[{"href":"https:\/\/grandepremio.com\/br\/wp-json\/wp\/v2\/media?parent=119912"}],"wp:term":[{"taxonomy":"category","embeddable":true,"href":"https:\/\/grandepremio.com\/br\/wp-json\/wp\/v2\/categories?post=119912"},{"taxonomy":"post_tag","embeddable":true,"href":"https:\/\/grandepremio.com\/br\/wp-json\/wp\/v2\/tags?post=119912"},{"taxonomy":"42wp_author","embeddable":true,"href":"https:\/\/grandepremio.com\/br\/wp-json\/wp\/v2\/42wp_author?post=119912"}],"curies":[{"name":"wp","href":"https:\/\/api.w.org\/{rel}","templated":true}]}}