{"id":119939,"date":"2021-06-25T04:15:00","date_gmt":"2021-06-25T07:15:00","guid":{"rendered":"https:\/\/grandepremio.com\/br\/noticias\/pierre-gasly-se-anima-com-gps-na-austria-mas-preve-classificacao-apertada\/"},"modified":"2021-06-24T19:57:56","modified_gmt":"2021-06-24T22:57:56","slug":"pierre-gasly-se-anima-com-gps-na-austria-mas-preve-classificacao-apertada","status":"publish","type":"post","link":"https:\/\/grandepremio.com\/br\/f1\/pierre-gasly-se-anima-com-gps-na-austria-mas-preve-classificacao-apertada\/","title":{"rendered":"Gasly se anima com GPs na \u00c1ustria, mas prev\u00ea &#8220;classifica\u00e7\u00e3o apertada&#8221;"},"content":{"rendered":"\n<figure class=\"wp-block-video\"><video class=\"video-js vjs-big-play-centered\" data-gp-vjs=\"1\" controls src=\"https:\/\/www.grandepremio.com\/br\/wp-content\/uploads\/l-videos\/Gp Noticia_200621_GPFran\u00e7a_domingo.mp4\"><\/video><figcaption>Verstappen arrisca na estrat\u00e9gia e bate Hamilton: os melhores momentos do GP da Fran\u00e7a (GRANDE PR\u00caMIO com Reuters)<\/figcaption><\/figure>\n\n\n\n<p class=\"wp-block-paragraph\">Duas semanas depois do p\u00f3dio no Azerbaij\u00e3o,\u00a0<a href=\"https:\/\/www.grandepremio.com\/br\/piloto\/pierre-gasly\/\" target=\"_blank\" rel=\"noreferrer noopener\">Pierre Gasly<\/a>\u00a0voltou a apresentar uma atua\u00e7\u00e3o s\u00f3lida no GP da Fran\u00e7a, em que terminou a corrida na s\u00e9tima posi\u00e7\u00e3o. Agora, para os GPs na \u00c1ustria, o franc\u00eas espera por uma classifica\u00e7\u00e3o ainda mais apertada devido \u00e0 natureza do circuito, que recebe, uma vez mais, duas provas da F\u00f3rmula 1, tal como 2020.<\/p>\n\n\n\n<p class=\"wp-block-paragraph\">&#8220;J\u00e1 vimos no ano passado que com duas corridas na mesma pista e, especialmente pelo circuito ser muito curto, voc\u00ea tem que procurar melhorar de um fim de semana para o outro&#8221;, disse Gasly.<\/p>\n\n\n\n<p class=\"wp-block-paragraph\">&#8220;Dois fins de semana consecutivos significa dizer que teremos de otimizar o desempenho dos carros e, claro, descobrir como chegar ao limite. Isso quer dizer que a classifica\u00e7\u00e3o, principalmente, ser\u00e1 muito apertada&#8221;, acrescentou. <\/p>\n\n\n\n<p class=\"wp-block-paragraph\"><strong>LEIA TAMB\u00c9M<\/strong><br>+<strong><a href=\"https:\/\/www.grandepremio.com\/br\/f1\/noticias\/opiniao-gp-mercedes-prova-do-proprio-veneno-e-da-a-red-bull-status-de-forca-a-ser-batida\/\">Opini\u00e3o GP:\u00a0<\/a><a href=\"https:\/\/www.grandepremio.com\/br\/equipe\/f1\/2020\/mercedes-amg-motorsport\/\" target=\"_blank\" rel=\"noreferrer noopener\">Mercedes<\/a>\u00a0prova do pr\u00f3prio veneno e p\u00f5e Red Bull como for\u00e7a a ser batida<\/strong><br>+<strong><a href=\"https:\/\/www.grandepremio.com\/br\/web-stories\/f1\/classificacao-campeonato-formula-1-2021-gp-franca\/\">WEB STORIES: A classifica\u00e7\u00e3o da\u00a0<\/a><a href=\"https:\/\/www.grandepremio.com\/br\/f1\/\" target=\"_blank\" rel=\"noreferrer noopener\">F\u00f3rmula 1<\/a>\u00a0<a href=\"https:\/\/www.grandepremio.com\/br\/web-stories\/f1\/classificacao-campeonato-formula-1-2021-gp-franca\/\">depois do GP da Fran\u00e7a, s\u00e9tima etapa da temporada 2021<\/a><\/strong><\/p>\n\n\n\n<figure class=\"wp-block-image size-large\"><img decoding=\"async\" src=\"https:\/\/www.grandepremio.com\/br\/wp-content\/uploads\/2021\/06\/alphatauri-pierregasly-02-5-1024x694.jpg\" alt=\"\" class=\"wp-image-485533\"\/><figcaption>Pierre Gasly antes da largada para o GP da Fran\u00e7a (Foto: Red Bull Pool Content\/Getty Images)<\/figcaption><\/figure>\n\n\n\n<p class=\"wp-block-paragraph\">Com a pista sendo um circuito em casa para as equipes do &#8216;guarda-chuva&#8217; da Red Bull, Gasly sabe que as expectativas ser\u00e3o altas para a AlphaTauri, mas se mostra ansioso para a corrida mais uma vez com torcida.<\/p>\n\n\n\n<p class=\"wp-block-paragraph\">&#8220;Na \u00c1ustria, terminei em s\u00e9timo e em 15\u00ba nas duas corridas no ano passado&#8221;, explicou ele.&nbsp;\u201cDepois da minha corrida em casa na Fran\u00e7a, agora uma semana depois \u00e9 um circuito em casa para todos n\u00f3s como equipe da Red Bull. Muito se espera de n\u00f3s l\u00e1: da Red Bull, da AlphaTauri e de todos os parceiros da equipe.<\/p>\n\n\n\n<figure class=\"wp-block-embed is-type-rich is-provider-spotify wp-block-embed-spotify wp-embed-aspect-21-9 wp-has-aspect-ratio\"><div class=\"wp-block-embed__wrapper\">\n<iframe title=\"Spotify Embed: Paddockast #108- As \u2018asas da disc\u00f3rdia\u2019 na briga pelo t\u00edtulo da F1\" style=\"border-radius: 12px\" width=\"100%\" height=\"152\" frameborder=\"0\" allowfullscreen allow=\"autoplay; clipboard-write; encrypted-media; fullscreen; picture-in-picture\" loading=\"lazy\" src=\"https:\/\/open.spotify.com\/embed\/episode\/5IGAmJqWbYHbesnWACLd6X?utm_source=oembed\"><\/iframe>\n<\/div><\/figure>\n\n\n\n<p class=\"wp-block-paragraph\">&#8220;O p\u00fablico ser\u00e1 permitido. e acho que ser\u00e1 uma boa sensa\u00e7\u00e3o ter grandes multid\u00f5es ao redor de uma pista de corrida. Mal posso esperar, ser\u00e3o dois fins de semana emocionantes&#8221;, seguiu.<\/p>\n\n\n\n<p class=\"wp-block-paragraph\">Gasly vive uma temporada forte at\u00e9 agora e, atualmente, se encontra em oitavo lugar no Mundial de Pilotos.\u00a0O franc\u00eas de 25 anos espera manter essa boa fase tamb\u00e9m na \u00c1ustria.<\/p>\n\n\n\n<p class=\"wp-block-paragraph\">\u201cS\u00e3o dois GPs importantes para n\u00f3s e espero que possamos continuar a ter um desempenho forte, como temos feito at\u00e9 agora, marcando pontos em todas as corridas, exceto na primeira etapa da temporada&#8221;, concluiu.<\/p>\n\n\n\n<p class=\"wp-block-paragraph\"><strong><strong>Conhe\u00e7a o canal do Grande Pr\u00eamio no YouTube! Clique\u00a0<a target=\"_blank\" href=\"https:\/\/youtube.com\/GrandePremioTV\" rel=\"noreferrer noopener\">aqui<\/a>.<\/strong><br><strong>Siga o Grande Pr\u00eamio no\u00a0<a target=\"_blank\" href=\"https:\/\/twitter.com\/grandepremio\" rel=\"noreferrer noopener\">Twitter\u00a0<\/a>e no\u00a0<a target=\"_blank\" href=\"https:\/\/instagram.com\/grandepremio\" rel=\"noreferrer noopener\">Instagram<\/a>!<\/strong><\/strong><\/p>\n\n\n\n<figure class=\"wp-block-embed is-type-video is-provider-youtube wp-block-embed-youtube wp-embed-aspect-16-9 wp-has-aspect-ratio\"><div class=\"wp-block-embed__wrapper\">\n<iframe loading=\"lazy\" title=\"F1 2021 ENTREGA ENTRETENIMENTO E EMPOLGA COM GRANDE CAMPEONATO | GP \u00c0S 10\" width=\"500\" height=\"281\" src=\"https:\/\/www.youtube.com\/embed\/DUmoVOu8hCU?feature=oembed\" frameborder=\"0\" allow=\"accelerometer; autoplay; clipboard-write; encrypted-media; gyroscope; picture-in-picture; web-share\" referrerpolicy=\"strict-origin-when-cross-origin\" allowfullscreen><\/iframe>\n<\/div><\/figure>\n","protected":false},"excerpt":{"rendered":"<p>Depois de um bom GP da Fran\u00e7a, Pierre Gasly, da AlphaTauri, se diz animado para os GPs na \u00c1ustria, mas ressalta: a classifica\u00e7\u00e3o vai ser apertada <\/p>\n","protected":false},"author":0,"featured_media":1000485532,"comment_status":"closed","ping_status":"closed","sticky":false,"template":"","format":"standard","meta":{"42wp_featured_image_caption":"","42wp_featured_image_credits":"","42wp_featured_video":"","42wp_featured_image_hidden":false,"42wp_authors_list":[],"footnotes":""},"categories":[2],"tags":[524,24837,25536,24888,24894,676],"42wp_author":[47139],"class_list":["post-119939","post","type-post","status-publish","format-standard","has-post-thumbnail","hentry","category-f1","tag-alphatauri","tag-formula-1-2","tag-formula-1-2021-2","tag-gp-da-austria-2","tag-gp-da-estiria-2","tag-pierre-gasly","42wp_author-ana-cerveira"],"_links":{"self":[{"href":"https:\/\/grandepremio.com\/br\/wp-json\/wp\/v2\/posts\/119939","targetHints":{"allow":["GET"]}}],"collection":[{"href":"https:\/\/grandepremio.com\/br\/wp-json\/wp\/v2\/posts"}],"about":[{"href":"https:\/\/grandepremio.com\/br\/wp-json\/wp\/v2\/types\/post"}],"replies":[{"embeddable":true,"href":"https:\/\/grandepremio.com\/br\/wp-json\/wp\/v2\/comments?post=119939"}],"version-history":[{"count":0,"href":"https:\/\/grandepremio.com\/br\/wp-json\/wp\/v2\/posts\/119939\/revisions"}],"wp:featuredmedia":[{"embeddable":true,"href":"https:\/\/grandepremio.com\/br\/wp-json\/wp\/v2\/media\/1000485532"}],"wp:attachment":[{"href":"https:\/\/grandepremio.com\/br\/wp-json\/wp\/v2\/media?parent=119939"}],"wp:term":[{"taxonomy":"category","embeddable":true,"href":"https:\/\/grandepremio.com\/br\/wp-json\/wp\/v2\/categories?post=119939"},{"taxonomy":"post_tag","embeddable":true,"href":"https:\/\/grandepremio.com\/br\/wp-json\/wp\/v2\/tags?post=119939"},{"taxonomy":"42wp_author","embeddable":true,"href":"https:\/\/grandepremio.com\/br\/wp-json\/wp\/v2\/42wp_author?post=119939"}],"curies":[{"name":"wp","href":"https:\/\/api.w.org\/{rel}","templated":true}]}}