{"id":119942,"date":"2021-06-24T17:59:56","date_gmt":"2021-06-24T20:59:56","guid":{"rendered":"https:\/\/grandepremio.com\/br\/noticias\/wgp-o-chilique-de-valtteri-bottas-a-defesa-de-luxo-de-lewis-hamilton-e-a-volta-de-marc-marquez\/"},"modified":"2021-06-24T18:00:08","modified_gmt":"2021-06-24T21:00:08","slug":"wgp-o-chilique-de-valtteri-bottas-a-defesa-de-luxo-de-lewis-hamilton-e-a-volta-de-marc-marquez","status":"publish","type":"post","link":"https:\/\/grandepremio.com\/br\/grande-premio\/wgp-o-chilique-de-valtteri-bottas-a-defesa-de-luxo-de-lewis-hamilton-e-a-volta-de-marc-marquez\/","title":{"rendered":"WGP: O chilique de Bottas, a defesa de luxo de Hamilton e a volta de M\u00e1rquez"},"content":{"rendered":"\n<p class=\"wp-block-paragraph\">Mais um fim de semana chega com grandes competi\u00e7\u00f5es do esporte a motor. A MotoGP e a F\u00f3rmula 1 desembarcam na Holanda e Est\u00edria, respectivamente. E enquanto Marc M\u00e1rquez recebe um &#8216;carinho&#8217; com a vit\u00f3ria no GP da Alemanha, na \u00faltima semana, parece que a situa\u00e7\u00e3o de Valtteri Bottas est\u00e1 cada vez mais complicada na Mercedes, embora ele conte com a defesa de Lewis Hamilton.<\/p>\n\n\n\n<p class=\"wp-block-paragraph\">Outro ponto importante debatido no <strong>WGP<\/strong> foi a respeito do posicionamento de Sebastian Vettel sobre a decis\u00e3o da UEFA ap\u00f3s o jogo entre Alemanha e Hungria pela Eurocopa. A Alemanha quis iluminar o est\u00e1dio de Munique com o arco-\u00edris, s\u00edmbolo da causa \u00e0 causa LGBTQIA+, e a entidade barrou a iniciativa para celebrar o M\u00eas do Orgulho LGBTQIA+. <a href=\"https:\/\/www.grandepremio.com\/br\/f1\/noticias\/sebastian-vettel-critica-uefa-veto-apoio-lgbtqia-na-alemanha-nao-ofendia-ninguem\/\" target=\"_blank\" rel=\"noreferrer noopener\">Vettel afirmou que a a\u00e7\u00e3o &#8220;n\u00e3o iria ofender ningu\u00e9m&#8221;<\/a>.<\/p>\n\n\n\n<p class=\"wp-block-paragraph\"><strong><strong>Conhe\u00e7a o canal do Grande Pr\u00eamio no YouTube! Clique&nbsp;<a target=\"_blank\" href=\"https:\/\/youtube.com\/GrandePremioTV\" rel=\"noreferrer noopener\">aqui<\/a>.<\/strong><br><strong>Siga o Grande Pr\u00eamio no&nbsp;<a target=\"_blank\" href=\"https:\/\/twitter.com\/grandepremio\" rel=\"noreferrer noopener\">Twitter&nbsp;<\/a>e no&nbsp;<a target=\"_blank\" href=\"https:\/\/instagram.com\/grandepremio\" rel=\"noreferrer noopener\">Instagram<\/a>!<\/strong><\/strong><br><strong><a href=\"https:\/\/www.grandepremio.com\/br\/f1\/noticias\/lewis-hamilton-mostra-preocupacao-casa-cheia-silverstone-prematuro\/\">LEIA TAMB\u00c9M:<\/a>&nbsp;Hamilton&nbsp;<a href=\"https:\/\/www.grandepremio.com\/br\/f1\/noticias\/lewis-hamilton-mostra-preocupacao-casa-cheia-silverstone-prematuro\/\">mostra preocupa\u00e7\u00e3o com casa cheia em<\/a>&nbsp;<a href=\"https:\/\/www.grandepremio.com\/br\/etapa\/f1\/gp-da-inglaterra-formula-1-2020\/\" target=\"_blank\" rel=\"noreferrer noopener\">Silverstone<\/a>:&nbsp;<a href=\"https:\/\/www.grandepremio.com\/br\/f1\/noticias\/lewis-hamilton-mostra-preocupacao-casa-cheia-silverstone-prematuro\/\">\u201cUm pouco prematuro\u201d<\/a><\/strong><\/p>\n\n\n\n<figure class=\"wp-block-image size-large\"><img decoding=\"async\" src=\"https:\/\/www.grandepremio.com\/br\/wp-content\/uploads\/2021\/06\/E4ZxMTgXwAQo_Uj-1024x683.jpg\" alt=\"ASTON MARTIN; SEBASTIAN VETTEL; ARCO-\u00cdRIS;\" class=\"wp-image-486371\"\/><figcaption>Sebastian Vettel correu com o arco-\u00edris no halo em Paul Ricard (Foto: Aston Martin)<\/figcaption><\/figure>\n\n\n\n<p class=\"wp-block-paragraph\">Al\u00e9m disso, apresentado por Evelyn Guimar\u00e3es, com coment\u00e1rios de Juliana Tesser e Ana Paula Cerveira, al\u00e9m da produ\u00e7\u00e3o de Rodrigo Berton, o <strong>WGP <\/strong>debateu tamb\u00e9m sobre a continuidade da guerra entre Red Bull e Mercedes sobre as asas flex\u00edveis, a VR46 na MotoGP, Maverick Vi\u00f1ales e o clim\u00e3o na Yamaha, a estreia da W Series e muito mais. <\/p>\n\n\n\n<p class=\"wp-block-paragraph\"><strong>Confira o WGP:<\/strong><\/p>\n\n\n<p>[twitchtv url=&#8221;https:\/\/www.twitch.tv\/videos\/1066185496&#8243;]<\/p>\n","protected":false},"excerpt":{"rendered":"<p>Enquanto Marc M\u00e1rquez recebe um &#8216;carinho&#8217; ap\u00f3s sua vit\u00f3ria no GP da Alemanha, Valtteri Bottas, na Mercedes, vive uma situa\u00e7\u00e3o completamente diferente. Tudo isso virou pauta no WGP desta quinta-feira (24)<\/p>\n","protected":false},"author":0,"featured_media":1000485312,"comment_status":"closed","ping_status":"closed","sticky":false,"template":"","format":"standard","meta":{"42wp_featured_image_caption":"","42wp_featured_image_credits":"","42wp_featured_video":"","42wp_featured_image_hidden":false,"42wp_authors_list":[],"footnotes":""},"categories":[4],"tags":[24837,25536,24836,78,490,27473],"42wp_author":[47139],"class_list":["post-119942","post","type-post","status-publish","format-standard","has-post-thumbnail","hentry","category-grande-premio","tag-formula-1-2","tag-formula-1-2021-2","tag-grande-premio-2","tag-motogp","tag-motogp-2021","tag-wgp","42wp_author-ana-cerveira"],"_links":{"self":[{"href":"https:\/\/grandepremio.com\/br\/wp-json\/wp\/v2\/posts\/119942","targetHints":{"allow":["GET"]}}],"collection":[{"href":"https:\/\/grandepremio.com\/br\/wp-json\/wp\/v2\/posts"}],"about":[{"href":"https:\/\/grandepremio.com\/br\/wp-json\/wp\/v2\/types\/post"}],"replies":[{"embeddable":true,"href":"https:\/\/grandepremio.com\/br\/wp-json\/wp\/v2\/comments?post=119942"}],"version-history":[{"count":0,"href":"https:\/\/grandepremio.com\/br\/wp-json\/wp\/v2\/posts\/119942\/revisions"}],"wp:featuredmedia":[{"embeddable":true,"href":"https:\/\/grandepremio.com\/br\/wp-json\/wp\/v2\/media\/1000485312"}],"wp:attachment":[{"href":"https:\/\/grandepremio.com\/br\/wp-json\/wp\/v2\/media?parent=119942"}],"wp:term":[{"taxonomy":"category","embeddable":true,"href":"https:\/\/grandepremio.com\/br\/wp-json\/wp\/v2\/categories?post=119942"},{"taxonomy":"post_tag","embeddable":true,"href":"https:\/\/grandepremio.com\/br\/wp-json\/wp\/v2\/tags?post=119942"},{"taxonomy":"42wp_author","embeddable":true,"href":"https:\/\/grandepremio.com\/br\/wp-json\/wp\/v2\/42wp_author?post=119942"}],"curies":[{"name":"wp","href":"https:\/\/api.w.org\/{rel}","templated":true}]}}