{"id":119989,"date":"2021-06-23T08:14:23","date_gmt":"2021-06-23T11:14:23","guid":{"rendered":"https:\/\/grandepremio.com\/br\/noticias\/sergio-perez-livre-brigar-max-verstappen-evita-papel-auxiliar-muito-cedo\/"},"modified":"2021-06-23T08:14:37","modified_gmt":"2021-06-23T11:14:37","slug":"sergio-perez-livre-brigar-max-verstappen-evita-papel-auxiliar-muito-cedo","status":"publish","type":"post","link":"https:\/\/grandepremio.com\/br\/f1\/sergio-perez-livre-brigar-max-verstappen-evita-papel-auxiliar-muito-cedo\/","title":{"rendered":"P\u00e9rez se v\u00ea livre para brigar com Verstappen e evita papel de auxiliar: \u201cMuito cedo para isso\u201d"},"content":{"rendered":"\n<figure class=\"wp-block-video\"><video class=\"video-js vjs-big-play-centered\" data-gp-vjs=\"1\" controls src=\"https:\/\/www.grandepremio.com\/br\/wp-content\/uploads\/l-videos\/Gp Noticia_200621_GPFran\u00e7a_domingo.mp4\"><\/video><figcaption>Verstappen arrisca na estrat\u00e9gia e bate Hamilton: os melhores momentos do GP da Fran\u00e7a (GRANDE PR\u00caMIO com Reuters)<\/figcaption><\/figure>\n\n\n\n<p class=\"wp-block-paragraph\">Sergio P\u00e9rez acredita que ainda \u00e9 cedo para assumir o papel de auxiliar de Max Verstappen. Na vis\u00e3o do mexicano, ele \u00e9 livre para brigar com o companheiro de Red Bull e, com apenas sete corridas disputadas at\u00e9 aqui, n\u00e3o h\u00e1 raz\u00e3o para ser apenas uma escada para o holand\u00eas.<\/p>\n\n\n\n<p class=\"wp-block-paragraph\">Vencedor do GP do Azerbaij\u00e3o, <a href=\"https:\/\/www.grandepremio.com\/br\/f1\/classificacao\/\" target=\"_blank\" rel=\"noreferrer noopener\">P\u00e9rez soma 84 pontos, 47 a menos que Verstappen, que lidera o campeonato<\/a>. O mexicano tem, tamb\u00e9m, 35 tentos a menos que Lewis Hamilton, o segundo na classifica\u00e7\u00e3o.<\/p>\n\n\n\n<figure class=\"wp-block-image size-large\"><img decoding=\"async\" src=\"https:\/\/www.grandepremio.com\/br\/wp-content\/uploads\/2021\/06\/SI202106190107_news-1-1024x683.jpg\" alt=\"Sergio P\u00e9rez, Red Bull,\" class=\"wp-image-484752\"\/><figcaption>Sergio P\u00e9rez considera que est\u00e1 livre para brigar com Max Verstappen (Foto: Divulga\u00e7\u00e3o\/Red Bull Content Pool)<\/figcaption><\/figure>\n\n\n\n<p class=\"wp-block-paragraph\"><strong><strong>Conhe\u00e7a o canal do Grande Pr\u00eamio no YouTube! Clique\u00a0<a target=\"_blank\" href=\"https:\/\/youtube.com\/GrandePremioTV\" rel=\"noreferrer noopener\">aqui<\/a>.<\/strong><br><strong>Siga o Grande Pr\u00eamio no\u00a0<a target=\"_blank\" href=\"https:\/\/twitter.com\/grandepremio\" rel=\"noreferrer noopener\">Twitter\u00a0<\/a>e no\u00a0<a target=\"_blank\" href=\"https:\/\/instagram.com\/grandepremio\" rel=\"noreferrer noopener\">Instagram<\/a>!<\/strong><\/strong><\/p>\n\n\n\n<p class=\"wp-block-paragraph\">\u201cBom, acho que n\u00e3o tem nada no meu contrato que diz que n\u00e3o posso correr contra Max\u201d, disse P\u00e9rez ao site RacingNews365. \u201cAcho que a equipe mostrou que temos apoio total dos dois lados. E, obviamente, quanto mais confian\u00e7a e quanto mais eles perceberem que estamos fazendo as coisas certas, mais essa confian\u00e7a vai crescer dos dois lados e, no momento, acho que trabalhamos muito bem juntos. Ainda temos um longo ano pela frente, ent\u00e3o s\u00f3 preciso manter a cabe\u00e7a baixa, continuar progredindo e ver at\u00e9 onde podemos ir\u201d, seguiu.<\/p>\n\n\n\n<p class=\"wp-block-paragraph\">P\u00e9rez ressaltou que tem uma boa rela\u00e7\u00e3o com Verstappen e admitiu que ficou impressionado quando o companheiro de Red Bull foi parabeniz\u00e1-lo pela vit\u00f3ria no GP do Azerbaij\u00e3o.<\/p>\n\n\n\n<p class=\"wp-block-paragraph\">\u201cFiquei bastante impressionado com Max. Na pista, n\u00e3o h\u00e1 nada para acrescentar no qu\u00e3o bom e completo sabemos que ele \u00e9 atualmente. Ele est\u00e1 aqui h\u00e1 algum tempo, d\u00e1 para ver que ele foca nas coisas certas e tamb\u00e9m no carro\u201d, comentou. \u201cTemos uma boa rela\u00e7\u00e3o, podemos compartilhar nossas informa\u00e7\u00f5es, empurrar um ao outro. E ele \u00e9 bem tranquilo fora do carro. Acho que temos uma \u00f3tima rela\u00e7\u00e3o nesse sentido\u201d, sublinhou.<\/p>\n\n\n\n<p class=\"wp-block-paragraph\">Questionado se vai aceitar o papel de apoiar Verstappen na briga pelo t\u00edtulo da F\u00f3rmula 1, P\u00e9rez respondeu: \u201cBom, tenho de dar o meu melhor por mim mesmo, foram s\u00f3 seis corridas na temporada\u201d.<\/p>\n\n\n\n<p class=\"wp-block-paragraph\">\u201cTemos de continuar entregando um fim de semana depois do outro e tentar somar o m\u00e1ximo de pontos poss\u00edvel. \u00c9 muito cedo para isso. Estamos s\u00f3 na sexta corrida e te, muito campeonato pela frente. Voc\u00ea sabe que n\u00f3s tamb\u00e9m queremos vencer o Mundial de Construtores. Ent\u00e3o, sim, estamos trabalhando muito duro juntos\u201d, concluiu.<\/p>\n\n\n\n<figure class=\"wp-block-embed is-type-video is-provider-youtube wp-block-embed-youtube wp-embed-aspect-16-9 wp-has-aspect-ratio\"><div class=\"wp-block-embed__wrapper\">\n<iframe loading=\"lazy\" title=\"F1 2021 ENTREGA ENTRETENIMENTO E EMPOLGA COM GRANDE CAMPEONATO | GP \u00c0S 10\" width=\"500\" height=\"281\" src=\"https:\/\/www.youtube.com\/embed\/DUmoVOu8hCU?feature=oembed\" frameborder=\"0\" allow=\"accelerometer; autoplay; clipboard-write; encrypted-media; gyroscope; picture-in-picture; web-share\" referrerpolicy=\"strict-origin-when-cross-origin\" allowfullscreen><\/iframe>\n<\/div><\/figure>\n","protected":false},"excerpt":{"rendered":"<p>Mexicano exaltou o companheiro de Red Bull e avaliou que, quanto mais confian\u00e7a a equipe tiver nos dois, mais livres eles estar\u00e3o para brigar entre si na F\u00f3rmula 1<\/p>\n","protected":false},"author":0,"featured_media":1000485157,"comment_status":"closed","ping_status":"closed","sticky":false,"template":"","format":"standard","meta":{"42wp_featured_image_caption":"","42wp_featured_image_credits":"","42wp_featured_video":"","42wp_featured_image_hidden":false,"42wp_authors_list":[],"footnotes":""},"categories":[2],"tags":[147,156,24837,25536,26868,203,204,24863],"42wp_author":[47113],"class_list":["post-119989","post","type-post","status-publish","format-standard","has-post-thumbnail","hentry","category-f1","tag-f1","tag-f1-2021","tag-formula-1-2","tag-formula-1-2021-2","tag-formula-1-classificacao-2020","tag-max-verstappen","tag-red-bull","tag-sergio-perez-2","42wp_author-juliana-tesser"],"_links":{"self":[{"href":"https:\/\/grandepremio.com\/br\/wp-json\/wp\/v2\/posts\/119989","targetHints":{"allow":["GET"]}}],"collection":[{"href":"https:\/\/grandepremio.com\/br\/wp-json\/wp\/v2\/posts"}],"about":[{"href":"https:\/\/grandepremio.com\/br\/wp-json\/wp\/v2\/types\/post"}],"replies":[{"embeddable":true,"href":"https:\/\/grandepremio.com\/br\/wp-json\/wp\/v2\/comments?post=119989"}],"version-history":[{"count":0,"href":"https:\/\/grandepremio.com\/br\/wp-json\/wp\/v2\/posts\/119989\/revisions"}],"wp:featuredmedia":[{"embeddable":true,"href":"https:\/\/grandepremio.com\/br\/wp-json\/wp\/v2\/media\/1000485157"}],"wp:attachment":[{"href":"https:\/\/grandepremio.com\/br\/wp-json\/wp\/v2\/media?parent=119989"}],"wp:term":[{"taxonomy":"category","embeddable":true,"href":"https:\/\/grandepremio.com\/br\/wp-json\/wp\/v2\/categories?post=119989"},{"taxonomy":"post_tag","embeddable":true,"href":"https:\/\/grandepremio.com\/br\/wp-json\/wp\/v2\/tags?post=119989"},{"taxonomy":"42wp_author","embeddable":true,"href":"https:\/\/grandepremio.com\/br\/wp-json\/wp\/v2\/42wp_author?post=119989"}],"curies":[{"name":"wp","href":"https:\/\/api.w.org\/{rel}","templated":true}]}}