{"id":120015,"date":"2021-06-22T04:45:00","date_gmt":"2021-06-22T07:45:00","guid":{"rendered":"https:\/\/grandepremio.com\/br\/noticias\/presidente-da-fia-diz-que-f1-nao-precisa-de-corridas-de-classificacao-mas-que-vale-testar\/"},"modified":"2021-06-21T18:28:43","modified_gmt":"2021-06-21T21:28:43","slug":"presidente-da-fia-diz-que-f1-nao-precisa-de-corridas-de-classificacao-mas-que-vale-testar","status":"publish","type":"post","link":"https:\/\/grandepremio.com\/br\/f1\/presidente-da-fia-diz-que-f1-nao-precisa-de-corridas-de-classificacao-mas-que-vale-testar\/","title":{"rendered":"Presidente da FIA diz que F1 n\u00e3o precisa de corridas de classifica\u00e7\u00e3o, mas que vale testar"},"content":{"rendered":"\n<figure class=\"wp-block-video\"><video class=\"video-js vjs-big-play-centered\" data-gp-vjs=\"1\" controls src=\"https:\/\/www.grandepremio.com\/br\/wp-content\/uploads\/l-videos\/Gp Noticia_200621_GPFran\u00e7a_domingo.mp4\"><\/video><figcaption>Verstappen arrisca na estrat\u00e9gia e bate Hamilton: os melhores momentos do GP da Fran\u00e7a (GRANDE PR\u00caMIO com Reuters)<\/figcaption><\/figure>\n\n\n\n<p class=\"wp-block-paragraph\">A F\u00f3rmula 1 decidiu inovar em 2021 e <a href=\"https:\/\/www.grandepremio.com\/br\/f1\/noticias\/f1-corridas-classificacao-pontuacao-tres-etapas-temporada-2021\/\">vai testar um novo formato para a defini\u00e7\u00e3o do grid de largada dos GPs<\/a>. Os circuitos de Silverstone e Monza v\u00e3o sediar nesta temporada os ensaios da corrida de classifica\u00e7\u00e3o. Essa \u00e9 uma tentativa de melhorar o espet\u00e1culo e proporcionar um toque de imprevisibilidade \u00e0s etapas. A decis\u00e3o de aceitar a ideia foi un\u00e2nime entre equipes, F1 e FIA (Federa\u00e7\u00e3o Internacional de Automobilismo), mas h\u00e1 quem ainda tor\u00e7a o nariz para a proposta. Jean Todt, presidente da entidade m\u00e1xima do esporte, entende que a F\u00f3rmula 1 n\u00e3o precisa desse artif\u00edcio, embora compreenda que \u00e9 importante entender o que pode ser melhorado no Mundial.<\/p>\n\n\n\n<p class=\"wp-block-paragraph\">&#8220;Antes de tudo, n\u00f3s n\u00e3o podemos chamar isso de corrida. Para mim, a corrida \u00e9 a de domingo. Se voc\u00ea me perguntar se sou um grande f\u00e3 desse formato, a resposta \u00e9 n\u00e3o&#8221;, afirmou o dirigente ao ser questionado sobre o assunto durante o GP da Fran\u00e7a, no \u00faltimo fim de semana.<\/p>\n\n\n\n<p class=\"wp-block-paragraph\">&#8220;N\u00e3o acho que a F1 precise de algo assim. Por\u00e9m, por outro lado, se as pessoas querem tentar algo novo, n\u00e3o vai prejudicar o GP de domingo. Ser\u00e1 apenas uma forma diferente de ter uma corrida no domingo e n\u00e3o custa nada tentar.&#8221;<\/p>\n\n\n\n<p class=\"wp-block-paragraph\"><strong>Conhe\u00e7a o canal do Grande Pr\u00eamio no YouTube! Clique\u00a0<a target=\"_blank\" href=\"https:\/\/youtube.com\/GrandePremioTV\" rel=\"noreferrer noopener\">aqui<\/a>.<\/strong><br><strong>Siga o Grande Pr\u00eamio no\u00a0<a target=\"_blank\" href=\"https:\/\/twitter.com\/grandepremio\" rel=\"noreferrer noopener\">Twitter\u00a0<\/a>e no\u00a0<a target=\"_blank\" href=\"https:\/\/instagram.com\/grandepremio\" rel=\"noreferrer noopener\">Instagram<\/a>!<\/strong><\/p>\n\n\n\n<figure class=\"wp-block-image size-large\"><img decoding=\"async\" src=\"https:\/\/www.grandepremio.com\/br\/wp-content\/uploads\/2020\/08\/000_1W82VZ-1024x609.jpg\" alt=\"\" class=\"wp-image-402330\"\/><figcaption>Silverstone ser\u00e1 palco da primeira corrida sprint de 2021 (Foto: AFP)<\/figcaption><\/figure>\n\n\n\n<p class=\"wp-block-paragraph\">&#8220;Estou curioso para ver como ser\u00e1, mas tenho certeza de que n\u00e3o vai prejudicar a prova de domingo. As pessoas podem dizer que foi mais interessante no s\u00e1bado que no domingo, mas esse n\u00e3o \u00e9 um grande risco para a imagem e para a credibilidade do campeonato&#8221;, completou.<\/p>\n\n\n\n<p class=\"wp-block-paragraph\">A F\u00f3rmula 1 pretende testar esse formato em tr\u00eas finais de semana de corrida em 2021: os GPs da Inglaterra e da It\u00e1lia est\u00e3o confirmados \u2013 resta apenas um, que pode ser o da etapa brasileira, em Interlagos.<br><br>Para isso, a programa\u00e7\u00e3o ser\u00e1 diferente: na sexta-feira, os pilotos disputam o primeiro treino livre pela manh\u00e3 e, \u00e0 tarde, realizando a classifica\u00e7\u00e3o como \u00e9 atualmente, dividida em tr\u00eas fases, que determinam as posi\u00e7\u00f5es de largada para a corrida de classifica\u00e7\u00e3o, que acontece na tarde do s\u00e1bado e que ter\u00e1 100 km. Pela manh\u00e3, por\u00e9m, ser\u00e1 do conduzido o segundo treino livre. O resultado dessa prova sprint, que render pontos ao top-3, vai estabelecer o grid do GP.<\/p>\n\n\n\n<figure class=\"wp-block-embed is-type-video is-provider-youtube wp-block-embed-youtube wp-embed-aspect-16-9 wp-has-aspect-ratio\"><div class=\"wp-block-embed__wrapper\">\n<iframe loading=\"lazy\" title=\"GP DA FRAN\u00c7A DE F1 \u00c9 PONTO DE VIRADA EM CAMPEONATO COM CARA DA RED BULL | GP \u00c0S 10\" width=\"500\" height=\"281\" src=\"https:\/\/www.youtube.com\/embed\/z8cTewDBrz4?feature=oembed\" frameborder=\"0\" allow=\"accelerometer; autoplay; clipboard-write; encrypted-media; gyroscope; picture-in-picture; web-share\" referrerpolicy=\"strict-origin-when-cross-origin\" allowfullscreen><\/iframe>\n<\/div><\/figure>\n","protected":false},"excerpt":{"rendered":"<p>Presidente da FIA, Jean Todt at\u00e9 deseja dar uma chance \u00e0s corridas de classifica\u00e7\u00e3o, que ser\u00e3o testadas neste ano, mas afirmou que a F\u00f3rmula 1 n\u00e3o precisa desse artif\u00edcio para se tornar mais atraente para o p\u00fablico <\/p>\n","protected":false},"author":0,"featured_media":1000443706,"comment_status":"closed","ping_status":"closed","sticky":false,"template":"","format":"standard","meta":{"42wp_featured_image_caption":"","42wp_featured_image_credits":"","42wp_featured_video":"","42wp_featured_image_hidden":false,"42wp_authors_list":[],"footnotes":""},"categories":[2],"tags":[969,103,24837,387,305],"42wp_author":[47115],"class_list":["post-120015","post","type-post","status-publish","format-standard","has-post-thumbnail","hentry","category-f1","tag-corrida","tag-fia","tag-formula-1-2","tag-jean-todt","tag-testes","42wp_author-evelyn-guimaraes"],"_links":{"self":[{"href":"https:\/\/grandepremio.com\/br\/wp-json\/wp\/v2\/posts\/120015","targetHints":{"allow":["GET"]}}],"collection":[{"href":"https:\/\/grandepremio.com\/br\/wp-json\/wp\/v2\/posts"}],"about":[{"href":"https:\/\/grandepremio.com\/br\/wp-json\/wp\/v2\/types\/post"}],"replies":[{"embeddable":true,"href":"https:\/\/grandepremio.com\/br\/wp-json\/wp\/v2\/comments?post=120015"}],"version-history":[{"count":0,"href":"https:\/\/grandepremio.com\/br\/wp-json\/wp\/v2\/posts\/120015\/revisions"}],"wp:featuredmedia":[{"embeddable":true,"href":"https:\/\/grandepremio.com\/br\/wp-json\/wp\/v2\/media\/1000443706"}],"wp:attachment":[{"href":"https:\/\/grandepremio.com\/br\/wp-json\/wp\/v2\/media?parent=120015"}],"wp:term":[{"taxonomy":"category","embeddable":true,"href":"https:\/\/grandepremio.com\/br\/wp-json\/wp\/v2\/categories?post=120015"},{"taxonomy":"post_tag","embeddable":true,"href":"https:\/\/grandepremio.com\/br\/wp-json\/wp\/v2\/tags?post=120015"},{"taxonomy":"42wp_author","embeddable":true,"href":"https:\/\/grandepremio.com\/br\/wp-json\/wp\/v2\/42wp_author?post=120015"}],"curies":[{"name":"wp","href":"https:\/\/api.w.org\/{rel}","templated":true}]}}