{"id":120035,"date":"2021-06-21T09:27:11","date_gmt":"2021-06-21T12:27:11","guid":{"rendered":"https:\/\/grandepremio.com\/br\/noticias\/pol-espargaro-planeja-copiar-marc-marquez-performance-honda-unica-maneira\/"},"modified":"2021-06-21T09:27:28","modified_gmt":"2021-06-21T12:27:28","slug":"pol-espargaro-planeja-copiar-marc-marquez-performance-honda-unica-maneira","status":"publish","type":"post","link":"https:\/\/grandepremio.com\/br\/motogp\/pol-espargaro-planeja-copiar-marc-marquez-performance-honda-unica-maneira\/","title":{"rendered":"Pol Espargar\u00f3 planeja copiar Marc M\u00e1rquez por performance com Honda: \u201c\u00danica maneira\u201d"},"content":{"rendered":"\n<figure class=\"wp-block-video\"><video class=\"video-js vjs-big-play-centered\" data-gp-vjs=\"1\" controls src=\"https:\/\/www.grandepremio.com\/br\/wp-content\/uploads\/l-videos\/2021-06-20_MotoGP_GPAlemanha_domingo_editado.mp4\"><\/video><figcaption>Como foi o GP da Alemanha de MotoGP vencido por Marc M\u00e1rquez (V\u00eddeo: GRANDE PR\u00caMIO com Reuters)<\/figcaption><\/figure>\n\n\n\n<p class=\"wp-block-paragraph\">Pol Espargar\u00f3 entregou os pontos e decidiu que copiar Marc M\u00e1rquez \u00e9 o \u00fanico jeito de ser competitivo com a moto da Honda. O irm\u00e3o de Aleix saiu do <a href=\"https:\/\/www.grandepremio.com\/br\/motogp\/noticias\/marc-marquez-segura-miguel-oliveira-abocanha-vitoria-gp-alemanha-fabio-quartararo-terceiro\/\" target=\"_blank\" rel=\"noreferrer noopener\">GP da Alemanha de domingo (20)<\/a> decepcionado por ter completado a corrida com 14s7 de atraso para o companheiro de equipe, que venceu pela primeira vez desde a fratura no bra\u00e7o sofrida no in\u00edcio do campeonato passado.<\/p>\n\n\n\n<p class=\"wp-block-paragraph\">Vindo da KTM, Pol apostava em uma boa performance com a RC213V, mas, at\u00e9 agora, ainda n\u00e3o conseguiu acertar a m\u00e3o. O ca\u00e7ula dos irm\u00e3os de Granollers vinha tentando um caminho pr\u00f3prio, mas saiu da corrida em Sachsenring com a certeza de que precisa copiar M\u00e1rquez.<\/p>\n\n\n\n<p class=\"wp-block-paragraph\"><strong>WEB STORY<\/strong><br>\u21dd&nbsp;<strong><a href=\"https:\/\/www.grandepremio.com\/br\/web-stories\/motogp\/como-terminou-gp-alemanha-motogp-2021\/\" target=\"_blank\" rel=\"noreferrer noopener\">Como terminou o GP da Alemanha de MotoGP de 2021<\/a><\/strong><\/p>\n\n\n\n<figure class=\"wp-block-image size-large\"><img decoding=\"async\" src=\"https:\/\/www.grandepremio.com\/br\/wp-content\/uploads\/2021\/06\/Copy-of-RD8_Sachsenring_Espargaro_2021-2-3-1024x683.jpg\" alt=\"\" class=\"wp-image-485799\"\/><figcaption>Pol Espargar\u00f3 lamentou atraso em rela\u00e7\u00e3o a Marc M\u00e1rquez em Sachsenring (Foto: Repsol)<\/figcaption><\/figure>\n\n\n\n<p class=\"wp-block-paragraph\"><strong>LEIA TAMB\u00c9M<\/strong><br>\u21dd\u00a0<strong><a href=\"https:\/\/www.grandepremio.com\/br\/motogp\/noticias\/marc-marquez-agarra-chance-interrompe-calvario-manter-reinado-sachsenring\/\" target=\"_blank\" rel=\"noreferrer noopener\">Marc M\u00e1rquez agarra chance e interrompe calv\u00e1rio para manter reinado em Sachsenring<\/a><\/strong><br>\u21dd\u00a0<strong><a href=\"https:\/\/www.grandepremio.com\/br\/motogp\/noticias\/fabio-quartararo-amplia-lideranca-motogp-podio-alemanha-confira-classificacao\/\" target=\"_blank\" rel=\"noreferrer noopener\">Quartararo amplia lideran\u00e7a na MotoGP com p\u00f3dio na Alemanha. Confira classifica\u00e7\u00e3o<\/a><\/strong><\/p>\n\n\n\n<p class=\"wp-block-paragraph\">Passadas as primeiras oito etapas da temporada 2021, Espargar\u00f3 soma 35 pontos, seis a menos que M\u00e1rquez, que perdeu as duas primeiras etapas do ano.<\/p>\n\n\n\n<p class=\"wp-block-paragraph\">\u201cHonestamente, eu estava seguindo a minha linha [com o acerto da moto], pois eu senti que era boa, mas a corrida de hoje\u2026 No tempo de ataque, n\u00e3o fui t\u00e3o mal, fui r\u00e1pido, mesmo em termos de ritmo de corrida. Mas depois do resultado de hoje, n\u00e3o \u00e9 como se Marc estivesse vencendo por causa da moto, mas digo isso para entender que preciso fazer o que ele est\u00e1 fazendo, preciso usar exatamente a mesma moto\u201d, seguiu.<\/p>\n\n\n\n<p class=\"wp-block-paragraph\">\u201cAssim, poderei entender exatamente como ele faz e como eu preciso pilotar essa moto no n\u00edvel 100% que ele pilota\u201d, ponderou. \u201cHoje foi a primeira vez que eu [terminei] tanto tempo [atr\u00e1s] do meu companheiro de equipe. Acho que nunca levei 14s do meu companheiro de equipe e isso abriu meus olhos\u201d, frisou.<\/p>\n\n\n\n<p class=\"wp-block-paragraph\">\u201cPreciso trabalhar mais duro, preciso copiar o que ele est\u00e1 fazendo, pois ele me mostrou que essa moto pode vencer e eu n\u00e3o fui capaz disso. Ent\u00e3o, a partir de agora, vou tentar estar mais pr\u00f3ximo dele do que estive at\u00e9 aqui\u201d, avisou.<\/p>\n\n\n\n<p class=\"wp-block-paragraph\">Pol reconheceu, ainda, que o plano de copiar Marc acaba por eliminar desculpas por falta de performance.<\/p>\n\n\n\n<p class=\"wp-block-paragraph\">\u201cA partir de agora, vou simplesmente tentar copiar o acerto do Marc, o chassi do Marc \u2015 pois ele est\u00e1 usando um diferente \u2015 e copiar a linha dele\u201d, afirmou. \u201cN\u00e3o estamos longe em termos de ritmo, de tempo de volta, mas essa corrida \u00e9 um passo e, com certeza, estou feliz por toda a equipe e todos os caras que trabalharam tanto, at\u00e9 mesmo por Marc. Mas o ponto \u00e9 que Marc, certamente, mostrou a performance da moto hoje e preciso estar nesse n\u00edvel\u201d, defendeu.<\/p>\n\n\n\n<p class=\"wp-block-paragraph\">\u201cA \u00fanica maneira que vejo \u00e9 copiar o acerto, a moto e o chassi o mais cedo poss\u00edvel e seguir a linha dele. A partir da\u00ed, n\u00e3o h\u00e1 desculpas, preciso fazer o que ele faz ou sou lento demais para esta moto. \u00c9 isso\u201d, concluiu.<\/p>\n\n\n\n<p class=\"wp-block-paragraph\">A MotoGP volta \u00e0 a\u00e7\u00e3o j\u00e1 no pr\u00f3ximo fim de semana, com a nona etapa do calend\u00e1rio, o GP da Holanda, em&nbsp;<a href=\"https:\/\/www.grandepremio.com\/br\/etapa\/motogp\/gp-da-holanda-2021\/\" target=\"_blank\" rel=\"noreferrer noopener\">Assen<\/a>.&nbsp;<a href=\"https:\/\/www.grandepremio.com\/br\/motogp\/ultimas-noticias\/\">Acompanhe a cobertura do&nbsp;<strong>GRANDE PR\u00caMIO<\/strong>&nbsp;sobre o Mundial de&nbsp;<\/a><a href=\"https:\/\/www.grandepremio.com\/br\/motogp\/\" target=\"_blank\" rel=\"noreferrer noopener\">Motovelocidade<\/a>.<\/p>\n\n\n\n<p class=\"wp-block-paragraph\"><strong>Conhe\u00e7a o canal do Grande Pr\u00eamio no&nbsp;<a href=\"https:\/\/www.youtube.com\/GrandePremioTV\">YouTube<\/a>.<br>Siga o Grande Pr\u00eamio no&nbsp;<a rel=\"noreferrer noopener\" href=\"https:\/\/twitter.com\/grandepremio\" target=\"_blank\">Twitter&nbsp;<\/a>e no&nbsp;<a rel=\"noreferrer noopener\" href=\"https:\/\/instagram.com\/grandepremio\" target=\"_blank\">Instagram<\/a>.<\/strong><\/p>\n","protected":false},"excerpt":{"rendered":"<p>O catal\u00e3o saiu do GP da Alemanha incomodado com os mais de 14s que levou do companheiro de equipe. O irm\u00e3o de Aleix considerou que copiar o acerto, o chassi e as linhas do hexacampe\u00e3o \u00e9 o \u00fanico jeito de conseguiu performance com a RC213V<\/p>\n","protected":false},"author":0,"featured_media":1000485798,"comment_status":"closed","ping_status":"closed","sticky":false,"template":"","format":"standard","meta":{"42wp_featured_image_caption":"","42wp_featured_image_credits":"","42wp_featured_video":"","42wp_featured_image_hidden":false,"42wp_authors_list":[],"footnotes":""},"categories":[8],"tags":[983,130,79,78,490,25819,28345,26690,24995,3346],"42wp_author":[47113],"class_list":["post-120035","post","type-post","status-publish","format-standard","has-post-thumbnail","hentry","category-motogp","tag-alemanha","tag-honda","tag-moto-gp","tag-motogp","tag-motogp-2021","tag-motogp-hoje","tag-motogp-horarios","tag-pilotos-motogp","tag-pol-espargaro-2","tag-sachsenring","42wp_author-juliana-tesser"],"_links":{"self":[{"href":"https:\/\/grandepremio.com\/br\/wp-json\/wp\/v2\/posts\/120035","targetHints":{"allow":["GET"]}}],"collection":[{"href":"https:\/\/grandepremio.com\/br\/wp-json\/wp\/v2\/posts"}],"about":[{"href":"https:\/\/grandepremio.com\/br\/wp-json\/wp\/v2\/types\/post"}],"replies":[{"embeddable":true,"href":"https:\/\/grandepremio.com\/br\/wp-json\/wp\/v2\/comments?post=120035"}],"version-history":[{"count":0,"href":"https:\/\/grandepremio.com\/br\/wp-json\/wp\/v2\/posts\/120035\/revisions"}],"wp:featuredmedia":[{"embeddable":true,"href":"https:\/\/grandepremio.com\/br\/wp-json\/wp\/v2\/media\/1000485798"}],"wp:attachment":[{"href":"https:\/\/grandepremio.com\/br\/wp-json\/wp\/v2\/media?parent=120035"}],"wp:term":[{"taxonomy":"category","embeddable":true,"href":"https:\/\/grandepremio.com\/br\/wp-json\/wp\/v2\/categories?post=120035"},{"taxonomy":"post_tag","embeddable":true,"href":"https:\/\/grandepremio.com\/br\/wp-json\/wp\/v2\/tags?post=120035"},{"taxonomy":"42wp_author","embeddable":true,"href":"https:\/\/grandepremio.com\/br\/wp-json\/wp\/v2\/42wp_author?post=120035"}],"curies":[{"name":"wp","href":"https:\/\/api.w.org\/{rel}","templated":true}]}}