{"id":120038,"date":"2021-06-21T07:54:13","date_gmt":"2021-06-21T10:54:13","guid":{"rendered":"https:\/\/grandepremio.com\/br\/noticias\/marc-marquez-lembra-lesao-preocupacao-minha-vida-nao-competicao\/"},"modified":"2021-06-21T07:54:18","modified_gmt":"2021-06-21T10:54:18","slug":"marc-marquez-lembra-lesao-preocupacao-minha-vida-nao-competicao","status":"publish","type":"post","link":"https:\/\/grandepremio.com\/br\/motogp\/marc-marquez-lembra-lesao-preocupacao-minha-vida-nao-competicao\/","title":{"rendered":"Marc M\u00e1rquez lembra les\u00e3o e preocupa\u00e7\u00e3o &#8220;pela minha vida, n\u00e3o pela competi\u00e7\u00e3o&#8221;"},"content":{"rendered":"\n<figure class=\"wp-block-video\"><video class=\"video-js vjs-big-play-centered\" data-gp-vjs=\"1\" controls src=\"https:\/\/www.grandepremio.com\/br\/wp-content\/uploads\/l-videos\/2021-06-20_MotoGP_GPAlemanha_domingo_editado.mp4\"><\/video><figcaption>Como foi o GP da Alemanha de MotoGP vencido por Marc M\u00e1rquez (V\u00eddeo: GRANDE PR\u00caMIO com Reuters)<\/figcaption><\/figure>\n\n\n\n<p class=\"wp-block-paragraph\">Marc M\u00e1rquez teve medo de n\u00e3o voltar a vencer na MotoGP, mas, mais do que isso, ficou preocupado de n\u00e3o voltar a ter uma vida normal. Ap\u00f3s <a href=\"https:\/\/www.grandepremio.com\/br\/motogp\/noticias\/marc-marquez-segura-miguel-oliveira-abocanha-vitoria-gp-alemanha-fabio-quartararo-terceiro\/\" target=\"_blank\" rel=\"noreferrer noopener\">conquistar o triunfo no GP da Alemanha de domingo (20)<\/a>, espanhol recordou que os meses de setembro, outubro e novembro do ano passado foram especialmente dif\u00edceis.<\/p>\n\n\n\n<p class=\"wp-block-paragraph\">O mais velho dos irm\u00e3os M\u00e1rquez quebrou o bra\u00e7o direito em um acidente na primeira etapa da temporada passada. O espanhol foi, ent\u00e3o, operado para estabilizar o osso, mas uma tentativa de acelerar o retorno \u00e0s pistas acabou causando danos \u00e0 placa de tit\u00e2nio, que teve de ser substitu\u00edda em uma segunda cirurgia, poucas semanas ap\u00f3s a primeira.<\/p>\n\n\n\n<p class=\"wp-block-paragraph\"><strong>WEB STORY<\/strong><br>\u21dd\u00a0<strong><a href=\"https:\/\/www.grandepremio.com\/br\/web-stories\/motogp\/como-terminou-gp-alemanha-motogp-2021\/\" target=\"_blank\" rel=\"noreferrer noopener\">Como terminou o GP da Alemanha de MotoGP de 2021<\/a><\/strong><\/p>\n\n\n\n<figure class=\"wp-block-image size-large\"><img decoding=\"async\" src=\"https:\/\/www.grandepremio.com\/br\/wp-content\/uploads\/2021\/06\/SI202106200288_hires_jpeg_24bit_rgb-1024x683.jpg\" alt=\"\" class=\"wp-image-485274\"\/><figcaption>Marc M\u00e1rquez recordou que teve medo dos efeitos da les\u00e3o (Foto: Red Bull Content Pool)<\/figcaption><\/figure>\n\n\n\n<p class=\"wp-block-paragraph\"><strong>LEIA TAMB\u00c9M<\/strong><br>\u21dd\u00a0<strong><a href=\"https:\/\/www.grandepremio.com\/br\/motogp\/noticias\/marc-marquez-agarra-chance-interrompe-calvario-manter-reinado-sachsenring\/\" target=\"_blank\" rel=\"noreferrer noopener\">Marc M\u00e1rquez agarra chance e interrompe calv\u00e1rio para manter reinado em Sachsenring<\/a><\/strong><br>\u21dd\u00a0<strong><a href=\"https:\/\/www.grandepremio.com\/br\/motogp\/noticias\/fabio-quartararo-amplia-lideranca-motogp-podio-alemanha-confira-classificacao\/\" target=\"_blank\" rel=\"noreferrer noopener\">Quartararo amplia lideran\u00e7a na MotoGP com p\u00f3dio na Alemanha. Confira classifica\u00e7\u00e3o<\/a><\/strong><\/p>\n\n\n\n<p class=\"wp-block-paragraph\">A nova interven\u00e7\u00e3o, por\u00e9m, teve problemas. Al\u00e9m de n\u00e3o consolidar o osso, a opera\u00e7\u00e3o resultou tamb\u00e9m em uma infec\u00e7\u00e3o, o que for\u00e7ou uma nova cirurgia, em dezembro, com outra equipe m\u00e9dica. Foi s\u00f3 a partir da\u00ed que o quadro de Marc come\u00e7ou a avan\u00e7ar.<\/p>\n\n\n\n<p class=\"wp-block-paragraph\">Questionado se teve medo de n\u00e3o voltar a vencer na MotoGP, M\u00e1rquez respondeu: \u201cClaro. Em setembro, outubro e novembro, tive medo. Mas mais do que n\u00e3o voltar a vencer, estava preocupado com a evolu\u00e7\u00e3o do meu bra\u00e7o\u201d.<\/p>\n\n\n\n<p class=\"wp-block-paragraph\">\u201cTinha menos for\u00e7a e uma infec\u00e7\u00e3o dentro do meu corpo. N\u00f3s \u00edamos atrasando ao inv\u00e9s de avan\u00e7ar. Eu estava preocupado pela minha vida, n\u00e3o pela competi\u00e7\u00e3o\u201d, admitiu. \u201cMas, desde a terceira cirurgia, tudo se normalizou mais, mas esta \u00faltima parte do ano foi muito dif\u00edcil para mim\u201d, frisou.<\/p>\n\n\n\n<p class=\"wp-block-paragraph\">Depois do GP da Holanda do pr\u00f3ximo fim de semana, a MotoGP entra de f\u00e9rias at\u00e9 o in\u00edcio de agosto, e Marc planeja usar esse tempo para efetivamente descansar.<\/p>\n\n\n\n<p class=\"wp-block-paragraph\">\u201cAs f\u00e9rias s\u00e3o importantes, como o trabalho, mas preciso de duas semanas para descansar e desconectar, porque j\u00e1 s\u00e3o dois invernos que n\u00e3o tenho f\u00e9rias por causa das cirurgias e da fisioterapia. Preciso, ainda que n\u00e3o chegue preparado na \u00c1ustria\u201d, concluiu.<\/p>\n\n\n\n<p class=\"wp-block-paragraph\">A MotoGP volta \u00e0 a\u00e7\u00e3o j\u00e1 no pr\u00f3ximo fim de semana, com a nona etapa do calend\u00e1rio, o GP da Holanda, em\u00a0<a href=\"https:\/\/www.grandepremio.com\/br\/etapa\/motogp\/gp-da-holanda-2021\/\" target=\"_blank\" rel=\"noreferrer noopener\">Assen<\/a>.\u00a0<a href=\"https:\/\/www.grandepremio.com\/br\/motogp\/ultimas-noticias\/\">Acompanhe a cobertura do\u00a0<strong>GRANDE PR\u00caMIO<\/strong>\u00a0sobre o Mundial de\u00a0<\/a><a href=\"https:\/\/www.grandepremio.com\/br\/motogp\/\" target=\"_blank\" rel=\"noreferrer noopener\">Motovelocidade<\/a>.<\/p>\n\n\n\n<p class=\"wp-block-paragraph\"><strong>Conhe\u00e7a o canal do Grande Pr\u00eamio no\u00a0<a href=\"https:\/\/www.youtube.com\/GrandePremioTV\">YouTube<\/a>.<br>Siga o Grande Pr\u00eamio no\u00a0<a rel=\"noreferrer noopener\" href=\"https:\/\/twitter.com\/grandepremio\" target=\"_blank\">Twitter\u00a0<\/a>e no\u00a0<a rel=\"noreferrer noopener\" href=\"https:\/\/instagram.com\/grandepremio\" target=\"_blank\">Instagram<\/a>.<\/strong><\/p>\n","protected":false},"excerpt":{"rendered":"<p>O piloto da Honda afirmou que os meses de setembro, outubro e novembro foram muito dif\u00edceis, j\u00e1 que a recupera\u00e7\u00e3o da fratura n\u00e3o avan\u00e7ava e a infec\u00e7\u00e3o no bra\u00e7o tampouco. Espanhol considerou que a terceira cirurgia foi a que estabilizou as coisas<\/p>\n","protected":false},"author":0,"featured_media":1000485309,"comment_status":"closed","ping_status":"closed","sticky":false,"template":"","format":"standard","meta":{"42wp_featured_image_caption":"","42wp_featured_image_credits":"","42wp_featured_video":"","42wp_featured_image_hidden":false,"42wp_authors_list":[],"footnotes":""},"categories":[8],"tags":[983,24996,79,78,490,25819,28345,26690,3346],"42wp_author":[47113],"class_list":["post-120038","post","type-post","status-publish","format-standard","has-post-thumbnail","hentry","category-motogp","tag-alemanha","tag-marc-marquez-2","tag-moto-gp","tag-motogp","tag-motogp-2021","tag-motogp-hoje","tag-motogp-horarios","tag-pilotos-motogp","tag-sachsenring","42wp_author-juliana-tesser"],"_links":{"self":[{"href":"https:\/\/grandepremio.com\/br\/wp-json\/wp\/v2\/posts\/120038","targetHints":{"allow":["GET"]}}],"collection":[{"href":"https:\/\/grandepremio.com\/br\/wp-json\/wp\/v2\/posts"}],"about":[{"href":"https:\/\/grandepremio.com\/br\/wp-json\/wp\/v2\/types\/post"}],"replies":[{"embeddable":true,"href":"https:\/\/grandepremio.com\/br\/wp-json\/wp\/v2\/comments?post=120038"}],"version-history":[{"count":0,"href":"https:\/\/grandepremio.com\/br\/wp-json\/wp\/v2\/posts\/120038\/revisions"}],"wp:featuredmedia":[{"embeddable":true,"href":"https:\/\/grandepremio.com\/br\/wp-json\/wp\/v2\/media\/1000485309"}],"wp:attachment":[{"href":"https:\/\/grandepremio.com\/br\/wp-json\/wp\/v2\/media?parent=120038"}],"wp:term":[{"taxonomy":"category","embeddable":true,"href":"https:\/\/grandepremio.com\/br\/wp-json\/wp\/v2\/categories?post=120038"},{"taxonomy":"post_tag","embeddable":true,"href":"https:\/\/grandepremio.com\/br\/wp-json\/wp\/v2\/tags?post=120038"},{"taxonomy":"42wp_author","embeddable":true,"href":"https:\/\/grandepremio.com\/br\/wp-json\/wp\/v2\/42wp_author?post=120038"}],"curies":[{"name":"wp","href":"https:\/\/api.w.org\/{rel}","templated":true}]}}