{"id":120042,"date":"2021-06-21T04:30:00","date_gmt":"2021-06-21T07:30:00","guid":{"rendered":"https:\/\/grandepremio.com\/br\/noticias\/fabio-quartararo-destaca-dificuldades-alemanha-comemora-podio-muito-importante\/"},"modified":"2021-06-20T21:48:24","modified_gmt":"2021-06-21T00:48:24","slug":"fabio-quartararo-destaca-dificuldades-alemanha-comemora-podio-muito-importante","status":"publish","type":"post","link":"https:\/\/grandepremio.com\/br\/motogp\/fabio-quartararo-destaca-dificuldades-alemanha-comemora-podio-muito-importante\/","title":{"rendered":"Quartararo destaca dificuldades na Alemanha e comemora p\u00f3dio &#8220;muito importante&#8221;"},"content":{"rendered":"\n<figure class=\"wp-block-video\"><video class=\"video-js vjs-big-play-centered\" data-gp-vjs=\"1\" controls src=\"https:\/\/www.grandepremio.com\/br\/wp-content\/uploads\/2021\/06\/MotoGP-2021-Alemanha-Sachsenring-Marc-Marquez.mp4\"><\/video><figcaption>Marc M\u00e1rquez n\u00e3o escondeu emo\u00e7\u00e3o com vit\u00f3ria na Alemanha (V\u00eddeo: MotoGP)<\/figcaption><\/figure>\n\n\n\n<p class=\"wp-block-paragraph\">Fabio Quartararo largou na primeira fila e terminou no p\u00f3dio, mas nunca esteve em condi\u00e7\u00f5es de brigar pela vit\u00f3ria no GP da Alemanha. Depois dar partir mal, o piloto da Yamaha precisou recuperar posi\u00e7\u00f5es durante a corrida e chegou tarde para tirar vantagem de Marc M\u00e1rquez nas voltas finais.<\/p>\n\n\n\n<p class=\"wp-block-paragraph\">Apesar de longe da vit\u00f3ria, o franc\u00eas segue na lideran\u00e7a da MotoGP em 2021 e comemorou o resultado em Sachsenring, especialmente pelas dificuldades enfrentadas durante o fim de semana e por ampliar a vantagem na lideran\u00e7a do campeonato para 22 pontos contra Johann Zarco.<\/p>\n\n\n\n<p class=\"wp-block-paragraph\">&#8220;Estou feliz com esse p\u00f3dio. Sinceramente, \u00e9 como ouro. N\u00f3s sofremos durante todo o fim de semana e est\u00e1vamos conscientes disso na equipe. Durante a manh\u00e3, o ritmo era bom, mas n\u00e3o o suficiente para vencer&#8221;, disse Quartararo.<\/p>\n\n\n\n<figure class=\"wp-block-image size-large\"><img decoding=\"async\" src=\"https:\/\/www.grandepremio.com\/br\/wp-content\/uploads\/2021\/06\/MEYMm__GIB0251-2-1024x683.jpg\" alt=\"\" class=\"wp-image-485381\"\/><figcaption>Quartararo esteve envolvido em v\u00e1rias disputas ao longo da prova (Foto: Yamaha)<\/figcaption><\/figure>\n\n\n\n<p class=\"wp-block-paragraph\"><strong>LEIA TAMB\u00c9M<\/strong><br>\u21dd\u00a0<strong><a href=\"https:\/\/www.grandepremio.com\/br\/web-stories\/motogp\/como-terminou-gp-alemanha-motogp-2021\/\" target=\"_blank\" rel=\"noreferrer noopener\">Como terminou o GP da Alemanha de MotoGP de 2021<\/a><\/strong><br>\u21dd <strong><a href=\"https:\/\/www.grandepremio.com\/br\/motogp\/noticias\/marc-marquez-agarra-chance-interrompe-calvario-manter-reinado-sachsenring\/\">Marc M\u00e1rquez agarra chance e interrompe calv\u00e1rio para manter reinado em Sachsenring<\/a><\/strong><br>\u21dd\u00a0<strong><a href=\"https:\/\/www.grandepremio.com\/br\/motogp\/noticias\/fabio-quartararo-amplia-lideranca-motogp-podio-alemanha-confira-classificacao\/\" target=\"_blank\" rel=\"noreferrer noopener\">Quartararo amplia lideran\u00e7a na MotoGP com p\u00f3dio na Alemanha. Confira classifica\u00e7\u00e3o<\/a><\/strong><\/p>\n\n\n\n<p class=\"wp-block-paragraph\">&#8220;\u00c9 porque que eu sinto que esse p\u00f3dio \u00e9 t\u00e3o importante, pois lutei at\u00e9 o fim. Dei o m\u00e1ximo e acho que isso \u00e9 muito importante para a equipe porque sofremos muito. Essa corrida foi dura para n\u00f3s&#8221;, seguiu.<\/p>\n\n\n\n<p class=\"wp-block-paragraph\">Quartararo ainda comentou sobre a pr\u00f3xima etapa, o GP da Holanda, j\u00e1 no fim de semana seguinte. &#8220;Estou ansioso para Assen, uma das minhas pistas preferidas. A moto vai estar fant\u00e1stica l\u00e1, ent\u00e3o mal posso esperar porque vou curtir muito&#8221;, finalizou.<\/p>\n\n\n\n<p class=\"wp-block-paragraph\">A MotoGP volta \u00e0 a\u00e7\u00e3o j\u00e1 no pr\u00f3ximo fim de semana, com a nona etapa do calend\u00e1rio, o GP da Holanda, em\u00a0<a href=\"https:\/\/www.grandepremio.com\/br\/etapa\/motogp\/gp-da-holanda-2021\/\" target=\"_blank\" rel=\"noreferrer noopener\">Assen<\/a>.\u00a0<a href=\"https:\/\/www.grandepremio.com\/br\/motogp\/ultimas-noticias\/\">Acompanhe a cobertura do\u00a0<strong>GRANDE PR\u00caMIO<\/strong>\u00a0sobre o Mundial de\u00a0<\/a><a href=\"https:\/\/www.grandepremio.com\/br\/motogp\/\" target=\"_blank\" rel=\"noreferrer noopener\">Motovelocidade<\/a>.<\/p>\n","protected":false},"excerpt":{"rendered":"<p>Fabio Quartararo sofreu durante o GP da Alemanha, mas ainda conseguiu chegar no p\u00f3dio e ampliar a vantagem na lideran\u00e7a da MotoGP. Por isso, o terceiro lugar em Sachsenring foi t\u00e3o comemorado pelo franc\u00eas da Yamaha<\/p>\n","protected":false},"author":0,"featured_media":1000485380,"comment_status":"closed","ping_status":"closed","sticky":false,"template":"","format":"standard","meta":{"42wp_featured_image_caption":"","42wp_featured_image_credits":"","42wp_featured_video":"","42wp_featured_image_hidden":false,"42wp_authors_list":[],"footnotes":""},"categories":[8],"tags":[27212,24854,26496,27000,969,110,1504,79,78,490,24850,25819,26690,3346,172],"42wp_author":[47135],"class_list":["post-120042","post","type-post","status-publish","format-standard","has-post-thumbnail","hentry","category-motogp","tag-calendario-motogp-2021","tag-classificacao-motogp-2","tag-classificacao-motogp-2020","tag-classificacao-motogp-2021","tag-corrida","tag-fabio-quartararo","tag-gp-da-alemanha","tag-moto-gp","tag-motogp","tag-motogp-2021","tag-motogp-fox-sports","tag-motogp-hoje","tag-pilotos-motogp","tag-sachsenring","tag-yamaha","42wp_author-pedro-luis-cuenca"],"_links":{"self":[{"href":"https:\/\/grandepremio.com\/br\/wp-json\/wp\/v2\/posts\/120042","targetHints":{"allow":["GET"]}}],"collection":[{"href":"https:\/\/grandepremio.com\/br\/wp-json\/wp\/v2\/posts"}],"about":[{"href":"https:\/\/grandepremio.com\/br\/wp-json\/wp\/v2\/types\/post"}],"replies":[{"embeddable":true,"href":"https:\/\/grandepremio.com\/br\/wp-json\/wp\/v2\/comments?post=120042"}],"version-history":[{"count":0,"href":"https:\/\/grandepremio.com\/br\/wp-json\/wp\/v2\/posts\/120042\/revisions"}],"wp:featuredmedia":[{"embeddable":true,"href":"https:\/\/grandepremio.com\/br\/wp-json\/wp\/v2\/media\/1000485380"}],"wp:attachment":[{"href":"https:\/\/grandepremio.com\/br\/wp-json\/wp\/v2\/media?parent=120042"}],"wp:term":[{"taxonomy":"category","embeddable":true,"href":"https:\/\/grandepremio.com\/br\/wp-json\/wp\/v2\/categories?post=120042"},{"taxonomy":"post_tag","embeddable":true,"href":"https:\/\/grandepremio.com\/br\/wp-json\/wp\/v2\/tags?post=120042"},{"taxonomy":"42wp_author","embeddable":true,"href":"https:\/\/grandepremio.com\/br\/wp-json\/wp\/v2\/42wp_author?post=120042"}],"curies":[{"name":"wp","href":"https:\/\/api.w.org\/{rel}","templated":true}]}}