{"id":120070,"date":"2021-06-20T15:05:33","date_gmt":"2021-06-20T18:05:33","guid":{"rendered":"https:\/\/grandepremio.com\/br\/noticias\/alonso-comemora-melhora-da-alpine-e-sai-da-franca-feliz-com-4-pontos-no-bolso\/"},"modified":"2021-06-20T15:05:38","modified_gmt":"2021-06-20T18:05:38","slug":"alonso-comemora-melhora-da-alpine-e-sai-da-franca-feliz-com-4-pontos-no-bolso","status":"publish","type":"post","link":"https:\/\/grandepremio.com\/br\/f1\/alonso-comemora-melhora-da-alpine-e-sai-da-franca-feliz-com-4-pontos-no-bolso\/","title":{"rendered":"Alonso comemora melhora da Alpine e sai da Fran\u00e7a \u201cfeliz com 4 pontos no bolso\u201d"},"content":{"rendered":"\n<figure class=\"wp-block-embed aligncenter is-type-video is-provider-youtube wp-block-embed-youtube wp-embed-aspect-16-9 wp-has-aspect-ratio\"><div class=\"wp-block-embed__wrapper\">\n<iframe loading=\"lazy\" title=\"VERSTAPPEN PASSA HAMILTON NO FIM E VENCE GP DA FRAN\u00c7A DE F1 | Briefing\" width=\"500\" height=\"281\" src=\"https:\/\/www.youtube.com\/embed\/RWZ4BWuNytE?feature=oembed\" frameborder=\"0\" allow=\"accelerometer; autoplay; clipboard-write; encrypted-media; gyroscope; picture-in-picture; web-share\" referrerpolicy=\"strict-origin-when-cross-origin\" allowfullscreen><\/iframe>\n<\/div><\/figure>\n\n\n\n<p class=\"wp-block-paragraph\">De volta \u00e0 F\u00f3rmula 1 neste ano, Fernando Alonso pode at\u00e9 sonhar com os tempos em que ganhava corrida. O espanhol, no entanto, sabe que a realidade da Alpine est\u00e1 distante do lugar mais alto do p\u00f3dio e, por isso, faz quest\u00e3o de comemorar cada ponto. Neste domingo (20), no <strong><a href=\"https:\/\/www.grandepremio.com\/br\/f1\/noticias\/max-verstappen-vence-duelo-com-lewis-hamilton-triunfa-otimo-gp-da-franca\/\" target=\"_blank\" rel=\"noreferrer noopener\">GP da Fran\u00e7a<\/a><\/strong>, o bicampe\u00e3o mundial comemorou a evolu\u00e7\u00e3o do carro e oitava coloca\u00e7\u00e3o na corrida.\u00a0<\/p>\n\n\n\n<p class=\"wp-block-paragraph\">Alonso largou na nona posi\u00e7\u00e3o e, se escondendo o jogo ou n\u00e3o, se dizia <strong><a href=\"https:\/\/www.grandepremio.com\/br\/f1\/noticias\/alonso-encara-realidade-da-alpine-com-9o-no-grid-na-franca-os-pontos-vao-custar-caro\/\" target=\"_blank\" rel=\"noreferrer noopener\">preocupado com o ritmo das equipes que estavam ao seu redor<\/a><\/strong>. Bem verdade, que as McLaren que o cercavam na largada foram para frente e terminaram na quinta e na sexta coloca\u00e7\u00e3o. Ainda assim, diante do desgaste excessivo dos pneus m\u00e9dios na primeira parte da prova, a coloca\u00e7\u00e3o final foi satisfat\u00f3ria para o espanhol.<\/p>\n\n\n\n<p class=\"wp-block-paragraph\">\u201cEstou feliz com 4 pontos no bolso. Come\u00e7amos em nono e terminamos em oitavo e, ao todo, executamos a corrida como quer\u00edamos, ent\u00e3o estou feliz com o resultado de hoje\u201d, disse o #14. \u201cN\u00e3o esper\u00e1vamos que os pneus se degradassem como aconteceu e os nossos pneus m\u00e9dios n\u00e3o duraram muito no in\u00edcio da corrida. Fiquei um pouco preocupado, mas quando mudamos para a duros mostramos um ritmo forte e levamos isso at\u00e9 o final.\u201d<\/p>\n\n\n\n<p class=\"wp-block-paragraph\">Para Alonso, a evolu\u00e7\u00e3o do A52 \u00e9 not\u00f3ria. Depois da falta de ritmo que o deixou em 13\u00ba lugar em M\u00f4naco, ele terminou sexto no Azerbaij\u00e3o e agora em oitavo na Fran\u00e7a. Al\u00e9m da pr\u00f3pria evolu\u00e7\u00e3o do carro, o pr\u00f3prio piloto confessa estar mais adaptado ao estilo de pilotagem diferente de quando guiava na F1.<\/p>\n\n\n\n<div class=\"wp-block-image\"><figure class=\"aligncenter size-large\"><img decoding=\"async\" src=\"https:\/\/www.grandepremio.com\/br\/wp-content\/uploads\/2021\/06\/E4KAW2TXoAA30Y8-1024x768.jpeg\" alt=\"Fernando Alonso, Alpine,\" class=\"wp-image-485410\"\/><figcaption>De novo nos pontos, Alonso garantiu que Alpine est\u00e1 mais pr\u00f3xima da pr\u00f3pria realidade na F1 (Foto: Reprodu\u00e7\u00e3o\/Twitter\/@alpinef1team)<\/figcaption><\/figure><\/div>\n\n\n\n<p class=\"wp-block-paragraph\"><strong>Conhe\u00e7a o canal do Grande Pr\u00eamio no&nbsp;<a href=\"https:\/\/www.youtube.com\/GrandePremioTV\">YouTube<\/a>.<br>Siga o Grande Pr\u00eamio no&nbsp;<a rel=\"noreferrer noopener\" href=\"https:\/\/twitter.com\/grandepremio\" target=\"_blank\">Twitter&nbsp;<\/a>e no&nbsp;<a rel=\"noreferrer noopener\" href=\"https:\/\/instagram.com\/grandepremio\" target=\"_blank\">Instagram<\/a>.<\/strong><\/p>\n\n\n\n<p class=\"wp-block-paragraph\">O asturiano ainda conseguiu brigar na parte final da corrida e, com algumas voltas a mais do que as 53 previstas, poderia at\u00e9 conseguir um melhor resultado para a equipe. Na opini\u00e3o do piloto, Pierre Gasly, em s\u00e9timo de AlphaTauri, e mesmo Daniel Ricciardo, em sexto, de McLaren, seriam alvos em mais alguns giros.<\/p>\n\n\n\n<p class=\"wp-block-paragraph\">\u201cParecia que poder\u00edamos ultrapassar Gasly e Ricciardo nas \u00faltimas voltas. Tivemos desempenhos semelhantes em alguns circuitos. Acho que podemos ficar um pouco mais relaxados porque esta \u00e9 nossa posi\u00e7\u00e3o real\u201d, disse o espanhol.<\/p>\n\n\n\n<p class=\"wp-block-paragraph\">A Alpine, que n\u00e3o contou com os pontos do tamb\u00e9m franc\u00eas Esteban Ocon, o 14\u00ba, em Le Castellet, aparece na s\u00e9tima coloca\u00e7\u00e3o de Construtores, com 29 pontos, 11 a menos que a Aston Martin. Alonso e Ocon, em 11\u00ba e 12\u00ba, acumulam 17 e 12 pontos respectivamente.<\/p>\n\n\n\n<figure class=\"wp-block-embed aligncenter is-type-rich is-provider-spotify wp-block-embed-spotify wp-embed-aspect-21-9 wp-has-aspect-ratio\"><div class=\"wp-block-embed__wrapper\">\n<iframe title=\"Spotify Embed: FERRARI E HAMILTON V\u00c3O DESAFIAR ANTONELLI E MERCEDES NA CASA DA RED BULL? | Paddock GP\" style=\"border-radius: 12px\" width=\"100%\" height=\"152\" frameborder=\"0\" allowfullscreen allow=\"autoplay; clipboard-write; encrypted-media; fullscreen; picture-in-picture\" loading=\"lazy\" src=\"https:\/\/open.spotify.com\/embed\/show\/5OBbp8MzxQymoyneX4IviF?utm_source=oembed\"><\/iframe>\n<\/div><\/figure>\n","protected":false},"excerpt":{"rendered":"<p>Piloto espanhol se dizia apreensivo com largada na 9\u00aa coloca\u00e7\u00e3o, mas conseguiu brigar por posi\u00e7\u00f5es ao longo da corrida em Paul Ricard e terminar em 8\u00ba, de novo na zona de pontua\u00e7\u00e3o<\/p>\n","protected":false},"author":0,"featured_media":1000485411,"comment_status":"closed","ping_status":"closed","sticky":false,"template":"","format":"standard","meta":{"42wp_featured_image_caption":"","42wp_featured_image_credits":"","42wp_featured_video":"","42wp_featured_image_hidden":false,"42wp_authors_list":[],"footnotes":""},"categories":[2],"tags":[20491,302,147,176,25050,12829],"42wp_author":[47126],"class_list":["post-120070","post","type-post","status-publish","format-standard","has-post-thumbnail","hentry","category-f1","tag-alpine","tag-esteban-ocon","tag-f1","tag-fernando-alonso","tag-gp-da-franca","tag-ocon","42wp_author-andre-avelar"],"_links":{"self":[{"href":"https:\/\/grandepremio.com\/br\/wp-json\/wp\/v2\/posts\/120070","targetHints":{"allow":["GET"]}}],"collection":[{"href":"https:\/\/grandepremio.com\/br\/wp-json\/wp\/v2\/posts"}],"about":[{"href":"https:\/\/grandepremio.com\/br\/wp-json\/wp\/v2\/types\/post"}],"replies":[{"embeddable":true,"href":"https:\/\/grandepremio.com\/br\/wp-json\/wp\/v2\/comments?post=120070"}],"version-history":[{"count":0,"href":"https:\/\/grandepremio.com\/br\/wp-json\/wp\/v2\/posts\/120070\/revisions"}],"wp:featuredmedia":[{"embeddable":true,"href":"https:\/\/grandepremio.com\/br\/wp-json\/wp\/v2\/media\/1000485411"}],"wp:attachment":[{"href":"https:\/\/grandepremio.com\/br\/wp-json\/wp\/v2\/media?parent=120070"}],"wp:term":[{"taxonomy":"category","embeddable":true,"href":"https:\/\/grandepremio.com\/br\/wp-json\/wp\/v2\/categories?post=120070"},{"taxonomy":"post_tag","embeddable":true,"href":"https:\/\/grandepremio.com\/br\/wp-json\/wp\/v2\/tags?post=120070"},{"taxonomy":"42wp_author","embeddable":true,"href":"https:\/\/grandepremio.com\/br\/wp-json\/wp\/v2\/42wp_author?post=120070"}],"curies":[{"name":"wp","href":"https:\/\/api.w.org\/{rel}","templated":true}]}}