{"id":120076,"date":"2021-06-20T14:07:27","date_gmt":"2021-06-20T17:07:27","guid":{"rendered":"https:\/\/grandepremio.com\/br\/noticias\/fora-dos-pontos-na-franca-sainz-e-leclerc-reclamam-de-desgastes-dos-pneus-da-ferrari\/"},"modified":"2021-06-20T14:07:32","modified_gmt":"2021-06-20T17:07:32","slug":"fora-dos-pontos-na-franca-sainz-e-leclerc-reclamam-de-desgastes-dos-pneus-da-ferrari","status":"publish","type":"post","link":"https:\/\/grandepremio.com\/br\/f1\/fora-dos-pontos-na-franca-sainz-e-leclerc-reclamam-de-desgastes-dos-pneus-da-ferrari\/","title":{"rendered":"Fora dos pontos na Fran\u00e7a, Sainz e Leclerc reclamam de desgastes dos pneus da Ferrari"},"content":{"rendered":"\n<figure class=\"wp-block-embed aligncenter is-type-video is-provider-youtube wp-block-embed-youtube wp-embed-aspect-16-9 wp-has-aspect-ratio\"><div class=\"wp-block-embed__wrapper\">\n<iframe loading=\"lazy\" title=\"VERSTAPPEN PASSA HAMILTON NO FIM E VENCE GP DA FRAN\u00c7A DE F1 | Briefing\" width=\"500\" height=\"281\" src=\"https:\/\/www.youtube.com\/embed\/RWZ4BWuNytE?feature=oembed\" frameborder=\"0\" allow=\"accelerometer; autoplay; clipboard-write; encrypted-media; gyroscope; picture-in-picture; web-share\" referrerpolicy=\"strict-origin-when-cross-origin\" allowfullscreen><\/iframe>\n<\/div><\/figure>\n\n\n\n<p class=\"wp-block-paragraph\">O desempenho da Ferrari que j\u00e1 estava ruim ap\u00f3s a classifica\u00e7\u00e3o, ficou ainda pior neste domingo (20), depois do <strong><a href=\"https:\/\/www.grandepremio.com\/br\/f1\/noticias\/max-verstappen-vence-duelo-com-lewis-hamilton-triunfa-otimo-gp-da-franca\/\" target=\"_blank\" rel=\"noreferrer noopener\">GP da Fran\u00e7a<\/a><\/strong>. Nem Carlos Sainz, nem Charles Leclerc chegaram sequer \u00e0 zona de pontua\u00e7\u00e3o da prova em Paul Ricard e sa\u00edram na bronca com o desgaste dos pneus de seus carros. O espanhol foi o 11\u00ba, enquanto o monegasco s\u00f3 o 16\u00ba.<\/p>\n\n\n\n<p class=\"wp-block-paragraph\">A Ferrari ainda que tentou estrat\u00e9gias diferentes com os seus pilotos, mas tamb\u00e9m nenhuma das duas deu certo ao longo das 53 voltas. Sainz, que havia largado em at\u00e9 uma convincente quinta coloca\u00e7\u00e3o, fez uma parada nos boxes; Leclerc, que saiu de s\u00e9timo, fez duas paradas, que tampouco funcionaram.<\/p>\n\n\n\n<p class=\"wp-block-paragraph\">Em um r\u00e1pido comunicado no site oficial, a escuderia italiana tratou de dizer que os dois pilotos sofreram com alto n\u00edvel de degrada\u00e7\u00e3o da borracha a partir j\u00e1 da d\u00e9cima volta. Por mais que os dois estivessem patinando na pista, sem muita ader\u00eancia, partiram para estrat\u00e9gias diferentes tentando mirar em pelo menos um bom resultado.<\/p>\n\n\n\n<p class=\"wp-block-paragraph\">Sainz, mesmo em seu primeiro ano com o macac\u00e3o vermelho, n\u00e3o poupou cr\u00edticas e endureceu o tom nas declara\u00e7\u00f5es depois da corrida.<\/p>\n\n\n\n<figure class=\"wp-block-image size-large\"><img decoding=\"async\" src=\"https:\/\/www.grandepremio.com\/br\/wp-content\/uploads\/2021\/06\/210072-scuderia-ferrari-french-gp-2021-sunday1-1024x683.jpg\" alt=\"Ferrari, Leclerc, GP da Fran\u00e7a 2021,\" class=\"wp-image-485319\"\/><figcaption>Leclerc tentou duas paradas, mas tamb\u00e9m n\u00e3o foi feliz com a Ferrari no GP da Fran\u00e7a (Foto: Divulga\u00e7\u00e3o\/Ferrari)<\/figcaption><\/figure>\n\n\n\n<p class=\"wp-block-paragraph\"><strong>Conhe\u00e7a o canal do Grande Pr\u00eamio no\u00a0<a href=\"https:\/\/www.youtube.com\/GrandePremioTV\">YouTube<\/a>.<br>Siga o Grande Pr\u00eamio no\u00a0<a rel=\"noreferrer noopener\" href=\"https:\/\/twitter.com\/grandepremio\" target=\"_blank\">Twitter\u00a0<\/a>e no\u00a0<a rel=\"noreferrer noopener\" href=\"https:\/\/instagram.com\/grandepremio\" target=\"_blank\">Instagram<\/a>.<\/strong><\/p>\n\n\n\n<p class=\"wp-block-paragraph\">\u201c\u00c9 bastante claro e evidente que hoje devemos ter feito algo realmente errado para estar t\u00e3o longe do ritmo\u201d, come\u00e7ou o #55. \u201cLutamos com os pneus dianteiros, com a granula\u00e7\u00e3o, com a degrada\u00e7\u00e3o duas vezes mais que nossos concorrentes.\u201d&nbsp;<\/p>\n\n\n\n<p class=\"wp-block-paragraph\">Para o espanhol, h\u00e1 uma clara limita\u00e7\u00e3o na forma como a equipe lida com o desgaste do pneus, o que j\u00e1 apareceu em outras corridas. Ainda segundo o piloto, a diferen\u00e7a de ritmo para a McLaren estava na casa dos dois segundos na parte final da prova. A receita ent\u00e3o estaria em baixar a cabe\u00e7a e tentar contornar o problema para as pr\u00f3ximas etapas.<\/p>\n\n\n\n<h2 class=\"wp-block-heading\">Reclama\u00e7\u00e3o de l\u00e1 e de c\u00e1<\/h2>\n\n\n\n<p class=\"wp-block-paragraph\">H\u00e1 mais tempo com o macac\u00e3o vermelho, Leclerc tamb\u00e9m foi na mesma linha do companheiro. O #16 inclusive classificou a corrida em Le Castellet como a mais dif\u00edcil em seus tr\u00eas anos na escuderia italiana e quatro na categoria. O piloto confirmou que o carro era competitivo em n\u00e3o mais de dez voltas, quando o desgaste de pneus passou a ser ainda mais inc\u00f4modo.&nbsp;<\/p>\n\n\n\n<p class=\"wp-block-paragraph\">\u201cFoi uma das corridas mais dif\u00edceis da minha carreira na F1. Tenho lutado muito. Ambos os carros t\u00eam lutado muito\u201d, disse Leclerc. \u201cTentamos a segunda parada mesmo sabendo que estar\u00edamos fora dos pontos de qualquer maneira. Experimentamos o que era poss\u00edvel e foi bastante complicado. Foi uma corrida muito ruim para n\u00f3s. Precisamos entender.\u201d&nbsp;<\/p>\n\n\n\n<p class=\"wp-block-paragraph\">Apesar do resultado na Fran\u00e7a, a Ferrari ainda aparece na quarta coloca\u00e7\u00e3o do Mundial de Construtores, com 94 pontos, 16 a menos que a McLaren. Na tabela de Pilotos, Leclerc (52) e Sainz (42) s\u00e3o respectivamente o sexto e s\u00e9timo colocados.<\/p>\n\n\n\n<figure class=\"wp-block-embed aligncenter is-type-rich is-provider-spotify wp-block-embed-spotify wp-embed-aspect-21-9 wp-has-aspect-ratio\"><div class=\"wp-block-embed__wrapper\">\n<iframe title=\"Spotify Embed: VERSTAPPEN QUER FICAR NA RED BULL. E SAINZ DE OLHO NA AUDI \u00c9 AMEA\u00c7A A BORTOLETO? | WGP\" style=\"border-radius: 12px\" width=\"100%\" height=\"152\" frameborder=\"0\" allowfullscreen allow=\"autoplay; clipboard-write; encrypted-media; fullscreen; picture-in-picture\" loading=\"lazy\" src=\"https:\/\/open.spotify.com\/embed\/show\/5OBbp8MzxQymoyneX4IviF?utm_source=oembed\"><\/iframe>\n<\/div><\/figure>\n","protected":false},"excerpt":{"rendered":"<p>Espanhol e monegasco partiram para estrat\u00e9gias diferentes de pit-stops no circuito de Paul Ricard, mas nem assim conseguiram al\u00e9m do 11\u00ba e do 16\u00ba lugares respectivamente. Escuderia italiana ainda \u00e9 a quarta colocada no Mundial de Construtores<\/p>\n","protected":false},"author":0,"featured_media":1000485318,"comment_status":"closed","ping_status":"closed","sticky":false,"template":"","format":"standard","meta":{"42wp_featured_image_caption":"","42wp_featured_image_credits":"","42wp_featured_video":"","42wp_featured_image_hidden":false,"42wp_authors_list":[],"footnotes":""},"categories":[2],"tags":[147,207,25050,2780,1128,7672],"42wp_author":[47126],"class_list":["post-120076","post","type-post","status-publish","format-standard","has-post-thumbnail","hentry","category-f1","tag-f1","tag-ferrari","tag-gp-da-franca","tag-leclerc","tag-pneus","tag-sainz","42wp_author-andre-avelar"],"_links":{"self":[{"href":"https:\/\/grandepremio.com\/br\/wp-json\/wp\/v2\/posts\/120076","targetHints":{"allow":["GET"]}}],"collection":[{"href":"https:\/\/grandepremio.com\/br\/wp-json\/wp\/v2\/posts"}],"about":[{"href":"https:\/\/grandepremio.com\/br\/wp-json\/wp\/v2\/types\/post"}],"replies":[{"embeddable":true,"href":"https:\/\/grandepremio.com\/br\/wp-json\/wp\/v2\/comments?post=120076"}],"version-history":[{"count":0,"href":"https:\/\/grandepremio.com\/br\/wp-json\/wp\/v2\/posts\/120076\/revisions"}],"wp:featuredmedia":[{"embeddable":true,"href":"https:\/\/grandepremio.com\/br\/wp-json\/wp\/v2\/media\/1000485318"}],"wp:attachment":[{"href":"https:\/\/grandepremio.com\/br\/wp-json\/wp\/v2\/media?parent=120076"}],"wp:term":[{"taxonomy":"category","embeddable":true,"href":"https:\/\/grandepremio.com\/br\/wp-json\/wp\/v2\/categories?post=120076"},{"taxonomy":"post_tag","embeddable":true,"href":"https:\/\/grandepremio.com\/br\/wp-json\/wp\/v2\/tags?post=120076"},{"taxonomy":"42wp_author","embeddable":true,"href":"https:\/\/grandepremio.com\/br\/wp-json\/wp\/v2\/42wp_author?post=120076"}],"curies":[{"name":"wp","href":"https:\/\/api.w.org\/{rel}","templated":true}]}}