{"id":120080,"date":"2021-06-20T13:42:12","date_gmt":"2021-06-20T16:42:12","guid":{"rendered":"https:\/\/grandepremio.com\/br\/noticias\/marc-marquez-agarra-chance-interrompe-calvario-manter-reinado-sachsenring\/"},"modified":"2021-06-20T13:42:17","modified_gmt":"2021-06-20T16:42:17","slug":"marc-marquez-agarra-chance-interrompe-calvario-manter-reinado-sachsenring","status":"publish","type":"post","link":"https:\/\/grandepremio.com\/br\/motogp\/marc-marquez-agarra-chance-interrompe-calvario-manter-reinado-sachsenring\/","title":{"rendered":"Marc M\u00e1rquez agarra chance e interrompe calv\u00e1rio para manter reinado em Sachsenring"},"content":{"rendered":"\n<figure class=\"wp-block-video\"><video class=\"video-js vjs-big-play-centered\" data-gp-vjs=\"1\" controls src=\"https:\/\/www.grandepremio.com\/br\/wp-content\/uploads\/2021\/06\/MotoGP-2021-Alemanha-Sachsenring-Marc-Marquez2-1.mp4\"><\/video><figcaption>Marc M\u00e1rquez passou 581 dias sem vencer (V\u00eddeo: MotoGP)<\/figcaption><\/figure>\n\n\n\n<p class=\"wp-block-paragraph\">A espera foi longa, mas a atua\u00e7\u00e3o corajosa fez valer a pena. Depois de 581 dias longe do p\u00f3dio da MotoGP, Marc M\u00e1rquez voltou a sentir o sabor da cava espanhola para <a href=\"https:\/\/www.grandepremio.com\/br\/motogp\/noticias\/marc-marquez-segura-miguel-oliveira-abocanha-vitoria-gp-alemanha-fabio-quartararo-terceiro\/\" target=\"_blank\" rel=\"noreferrer noopener\">alcan\u00e7ar a 11\u00aa vit\u00f3ria consecutiva em Sachsenring<\/a> \u2015 a oitava na classe rainha do Mundial de Motovelocidade.<\/p>\n\n\n\n<p class=\"wp-block-paragraph\">M\u00e1rquez \u00e9 sempre favorito no tra\u00e7ado da Sax\u00f4nia, mas, desta vez, ele n\u00e3o era a escolha \u00f3bvia para quem gosta de palpitar. Desde que quebrou o bra\u00e7o direito em uma forte queda no GP da Espanha de 2020, o espanhol de 28 anos n\u00e3o tinha mais sido o mesmo piloto de sempre. E com motivo, claro. Marc passou por tr\u00eas cirurgias, ficou nove meses afastado da MotoGP e, quando enfim voltou, se viu mais distante dos ponteiros do que ele pr\u00f3prio esperava.<\/p>\n\n\n\n<p class=\"wp-block-paragraph\"><strong>WEB STORY<\/strong><br>\u21dd\u00a0<strong><a href=\"https:\/\/www.grandepremio.com\/br\/web-stories\/motogp\/como-terminou-gp-alemanha-motogp-2021\/\" target=\"_blank\" rel=\"noreferrer noopener\">Como terminou o GP da Alemanha de MotoGP de 2021<\/a><\/strong><\/p>\n\n\n\n<figure class=\"wp-block-image size-large\"><img decoding=\"async\" src=\"https:\/\/www.grandepremio.com\/br\/wp-content\/uploads\/2021\/06\/SI202106200279_hires_jpeg_24bit_rgb-1024x683.jpg\" alt=\"\" class=\"wp-image-485273\"\/><figcaption>Marc M\u00e1rquez agradeceu o apoio que recebeu ao longo do per\u00edodo da les\u00e3o (Foto: Red Bull Content Pool)<\/figcaption><\/figure>\n\n\n\n<p class=\"wp-block-paragraph\"><strong>Conhe\u00e7a o canal do Grande Pr\u00eamio no\u00a0<a href=\"https:\/\/www.youtube.com\/GrandePremioTV\">YouTube<\/a>.<br>Siga o Grande Pr\u00eamio no\u00a0<a rel=\"noreferrer noopener\" href=\"https:\/\/twitter.com\/grandepremio\" target=\"_blank\">Twitter\u00a0<\/a>e no\u00a0<a rel=\"noreferrer noopener\" href=\"https:\/\/instagram.com\/grandepremio\" target=\"_blank\">Instagram<\/a>.<\/strong><\/p>\n\n\n\n<p class=\"wp-block-paragraph\">Com Marc fora de combate por 15 GPs, a Honda praticamente conheceu o ostracismo e viveu o maior jejum de vit\u00f3rias desde que voltou \u00e0 classe rainha do Mundial de Motovelocidade, em 1982. A uni\u00e3o dessas duas circunst\u00e2ncias tornou o espanhol quase irreconhec\u00edvel. Nos cinco GPs que disputou antes da corrida deste fim de semana, o filho de Roser e Juli\u00e0 tinha como melhor resultado o s\u00e9timo lugar de Portim\u00e3o. Al\u00e9m disso, tr\u00eas abandonos precederam o desembarque na regi\u00e3o de Dresden.<\/p>\n\n\n\n<p class=\"wp-block-paragraph\">Mas ele tinha uma carta na manga: a canhotinha Sachsenring. Al\u00e9m de um hist\u00f3rico glorioso, o tra\u00e7ado alem\u00e3o \u00e9 anti-hor\u00e1rio, com dez de suas 13 curvas para a esquerda. Essa configura\u00e7\u00e3o \u00e9 a favorita de Marc, mas, mesmo que n\u00e3o fosse, o n\u00famero reduzido de curvas para a direita seria uma facilidade f\u00edsica.<\/p>\n\n\n\n<p class=\"wp-block-paragraph\">No s\u00e1bado, caiu a s\u00e9rie de poles, e o pr\u00f3prio Marc anunciou que a invencibilidade cairia no domingo. Mas n\u00e3o foi assim. Com uma largada forte, M\u00e1rquez tomou o segundo lugar ainda no in\u00edcio da disputa e teve em Aleix Espargar\u00f3 o rival mais forte.<\/p>\n\n\n\n<p class=\"wp-block-paragraph\">S\u00f3 que a amea\u00e7a de chuva apareceu como aliada. Enquanto os demais titubearam para saber quais eram, afinal, as condi\u00e7\u00f5es de pista ap\u00f3s a bandeira branca entrar em cena, Marc foi corajoso, optou por encarar o risco e acelerou firme para quebrar o pelot\u00e3o e escapar na lideran\u00e7a.<\/p>\n\n\n\n<p class=\"wp-block-paragraph\">Um dos protagonistas do fim de semana, Miguel Oliveira foi o advers\u00e1rio mais duro na metade final da disputa, mas M\u00e1rquez teve sempre a resposta na m\u00e3o para manter a diferen\u00e7a. No fim, recebeu a bandeirada com 1s610 de frente para o portugu\u00eas da KTM, com Fabio Quartararo aparecendo para fechar o p\u00f3dio.<\/p>\n\n\n\n<p class=\"wp-block-paragraph\">Mas n\u00e3o, a vit\u00f3ria na Alemanha n\u00e3o \u00e9 sin\u00f4nimo do fim das dificuldades. Nem dele, nem da Honda. A RC213V ainda tem defici\u00eancias importantes \u2015 como bem indica o fato de que Pol Espargar\u00f3, a segunda melhor Honda, terminou em d\u00e9cimo, 14s769 atr\u00e1s de Marc, e Takaaki Nakagami em 13\u00ba, mais de 19s atr\u00e1s \u2015 e isso n\u00e3o pode e nem deve ser apagado com a vit\u00f3ria deste domingo. Uma moto mais afinada vai permitir que tamb\u00e9m Marc n\u00e3o tenha de estar o tempo todo acima do limite. E isso, em uma an\u00e1lise at\u00e9 bastante simples, vai expor o hexacampe\u00e3o a um risco menor.<\/p>\n\n\n\n<p class=\"wp-block-paragraph\">Mas o resultado esportivo n\u00e3o \u00e9 a \u00fanica coisa que importa. Marc tem 90 pontos de atraso para Quartararo, o l\u00edder do Mundial, nem ele se v\u00ea como um jogador importante na disputa pelo t\u00edtulo, mas a vit\u00f3ria \u00e9 vital para a pessoa.<\/p>\n\n\n\n<p class=\"wp-block-paragraph\">\u201cEssa vit\u00f3ria \u00e9 importante para o homem Marc. O piloto Marc est\u00e1 de volta, mas ainda n\u00e3o \u00e9 o piloto que era\u201d, reconheceu. \u201cVamos ver se no futuro consigo voltar como quero. Hoje foi um dia importante para o piloto, mas tamb\u00e9m para a Honda\u201d, frisou.<\/p>\n\n\n\n<figure class=\"wp-block-image size-large\"><img decoding=\"async\" src=\"https:\/\/www.grandepremio.com\/br\/wp-content\/uploads\/2021\/06\/SI202106200244_hires_jpeg_24bit_rgb-1024x683.jpg\" alt=\"\" class=\"wp-image-485033\"\/><figcaption>Vit\u00f3ria de Marc M\u00e1rquez tamb\u00e9m encerrou longo jejum da Honda (Foto: Red Bull Content Pool)<\/figcaption><\/figure>\n\n\n\n<p class=\"wp-block-paragraph\"><strong>LEIA TAMB\u00c9M<\/strong><br>\u21dd\u00a0<strong><a href=\"https:\/\/www.grandepremio.com\/br\/motogp\/noticias\/fabio-quartararo-amplia-lideranca-motogp-podio-alemanha-confira-classificacao\/\" target=\"_blank\" rel=\"noreferrer noopener\">Quartararo amplia lideran\u00e7a na MotoGP com p\u00f3dio na Alemanha. Confira classifica\u00e7\u00e3o<\/a><\/strong><\/p>\n\n\n\n<p class=\"wp-block-paragraph\">Desde que voltou, Marc foi muito honesto em reconhecer que errou ao tentar abreviar a aus\u00eancia e em admitir que n\u00e3o estava na melhor forma. Hoje, ele mais uma vez foi transparente ao falar do tanto que sofreu.<\/p>\n\n\n\n<p class=\"wp-block-paragraph\">Marc apontou uma conversa como Mick Doohan como um aspecto importante nesse processo, j\u00e1 que foi no ex-piloto da Honda que encontrou a confian\u00e7a de que tinha luz no fim do t\u00fanel. O australiano conheceu o inferno por conta de uma s\u00e9ria les\u00e3o na perna, mas voltou e se tornou pentacampe\u00e3o das 500cc. M\u00e1rquez pediu ajuda, pediu para conversar, e Mick lhe estendeu a m\u00e3o em um momento de necessidade.<\/p>\n\n\n\n<p class=\"wp-block-paragraph\">Hoje, M\u00e1rquez, que nem \u00e9 muito afeito a mostrar emo\u00e7\u00f5es, chorou. E tamb\u00e9m fez chorar. A les\u00e3o de 2020 e todos os altos e baixos que vieram depois, mostraram que o piloto, por mais talentoso, vitorioso e especial que seja, \u00e9 humano como todos n\u00f3s. Ent\u00e3o n\u00e3o \u00e9 dif\u00edcil entender o que ele sentiu. Marc precisava do carinho de uma vit\u00f3ria, da sensa\u00e7\u00e3o de que era capaz de voltar ao topo do p\u00f3dio para se reconhecer como o competidor de antes e para ter a motiva\u00e7\u00e3o de seguir adiante.<\/p>\n\n\n\n<p class=\"wp-block-paragraph\">Agora, neste exato momento, n\u00e3o importante tanto assim o que vai acontecer na Holanda, palco do GP do pr\u00f3ximo fim de semana. Talvez ele n\u00e3o ven\u00e7a. Talvez n\u00e3o v\u00e1 nem ao p\u00f3dio. Pode ser at\u00e9 que ele abandone. Mas o GP da Alemanha \u00e9 a prova que ele precisava de que \u00e9 poss\u00edvel vencer outra vez. Quando a forma f\u00edsica enfim chegar, o irm\u00e3o de \u00c1lex voltar\u00e1 a ser o mesmo de antes. E a concorr\u00eancia vai ter de lutar.<\/p>\n\n\n\n<p class=\"wp-block-paragraph\">A MotoGP volta \u00e0 a\u00e7\u00e3o j\u00e1 no pr\u00f3ximo fim de semana, com a nona etapa do calend\u00e1rio, o GP da Holanda, em\u00a0<a href=\"https:\/\/www.grandepremio.com\/br\/etapa\/motogp\/gp-da-holanda-2021\/\" target=\"_blank\" rel=\"noreferrer noopener\">Assen<\/a>.\u00a0<a href=\"https:\/\/www.grandepremio.com\/br\/motogp\/ultimas-noticias\/\">Acompanhe a cobertura do\u00a0<strong>GRANDE PR\u00caMIO<\/strong>\u00a0sobre o Mundial de\u00a0<\/a><a href=\"https:\/\/www.grandepremio.com\/br\/motogp\/\" target=\"_blank\" rel=\"noreferrer noopener\">Motovelocidade<\/a>.<\/p>\n","protected":false},"excerpt":{"rendered":"<p>581 dias depois, o hexacampe\u00e3o da MotoGP voltou a provar o sabor da vit\u00f3ria colocando no m\u00ednimo um ponto e v\u00edrgula na ang\u00fastia dos \u00faltimos meses. A hist\u00f3ria do GP da Alemanha \u00e9 daquelas que ser\u00e1 lembrada por anos e anos<\/p>\n","protected":false},"author":0,"featured_media":1000485272,"comment_status":"closed","ping_status":"closed","sticky":false,"template":"","format":"standard","meta":{"42wp_featured_image_caption":"","42wp_featured_image_credits":"","42wp_featured_video":"","42wp_featured_image_hidden":false,"42wp_authors_list":[],"footnotes":""},"categories":[8],"tags":[983,24996,79,78,490,25819,28345,26690,3346],"42wp_author":[47113],"class_list":["post-120080","post","type-post","status-publish","format-standard","has-post-thumbnail","hentry","category-motogp","tag-alemanha","tag-marc-marquez-2","tag-moto-gp","tag-motogp","tag-motogp-2021","tag-motogp-hoje","tag-motogp-horarios","tag-pilotos-motogp","tag-sachsenring","42wp_author-juliana-tesser"],"_links":{"self":[{"href":"https:\/\/grandepremio.com\/br\/wp-json\/wp\/v2\/posts\/120080","targetHints":{"allow":["GET"]}}],"collection":[{"href":"https:\/\/grandepremio.com\/br\/wp-json\/wp\/v2\/posts"}],"about":[{"href":"https:\/\/grandepremio.com\/br\/wp-json\/wp\/v2\/types\/post"}],"replies":[{"embeddable":true,"href":"https:\/\/grandepremio.com\/br\/wp-json\/wp\/v2\/comments?post=120080"}],"version-history":[{"count":0,"href":"https:\/\/grandepremio.com\/br\/wp-json\/wp\/v2\/posts\/120080\/revisions"}],"wp:featuredmedia":[{"embeddable":true,"href":"https:\/\/grandepremio.com\/br\/wp-json\/wp\/v2\/media\/1000485272"}],"wp:attachment":[{"href":"https:\/\/grandepremio.com\/br\/wp-json\/wp\/v2\/media?parent=120080"}],"wp:term":[{"taxonomy":"category","embeddable":true,"href":"https:\/\/grandepremio.com\/br\/wp-json\/wp\/v2\/categories?post=120080"},{"taxonomy":"post_tag","embeddable":true,"href":"https:\/\/grandepremio.com\/br\/wp-json\/wp\/v2\/tags?post=120080"},{"taxonomy":"42wp_author","embeddable":true,"href":"https:\/\/grandepremio.com\/br\/wp-json\/wp\/v2\/42wp_author?post=120080"}],"curies":[{"name":"wp","href":"https:\/\/api.w.org\/{rel}","templated":true}]}}