{"id":120094,"date":"2021-06-20T10:56:45","date_gmt":"2021-06-20T13:56:45","guid":{"rendered":"https:\/\/grandepremio.com\/br\/noticias\/fabio-quartararo-amplia-lideranca-motogp-podio-alemanha-confira-classificacao\/"},"modified":"2021-06-20T10:56:50","modified_gmt":"2021-06-20T13:56:50","slug":"fabio-quartararo-amplia-lideranca-motogp-podio-alemanha-confira-classificacao","status":"publish","type":"post","link":"https:\/\/grandepremio.com\/br\/motogp\/fabio-quartararo-amplia-lideranca-motogp-podio-alemanha-confira-classificacao\/","title":{"rendered":"Quartararo amplia lideran\u00e7a na MotoGP com p\u00f3dio na Alemanha. Confira classifica\u00e7\u00e3o"},"content":{"rendered":"\n<figure class=\"wp-block-video\"><video class=\"video-js vjs-big-play-centered\" data-gp-vjs=\"1\" controls src=\"https:\/\/www.grandepremio.com\/br\/wp-content\/uploads\/2021\/06\/MotoGP-2021-Alemanha-Sachsenring-Marc-Marquez.mp4\"><\/video><figcaption>Marc M\u00e1rquez n\u00e3o escondeu emo\u00e7\u00e3o com vit\u00f3ria na Alemanha (V\u00eddeo: MotoGP)<\/figcaption><\/figure>\n\n\n\n<p class=\"wp-block-paragraph\">Fabio Quartararo <a href=\"https:\/\/www.grandepremio.com\/br\/motogp\/noticias\/marc-marquez-segura-miguel-oliveira-abocanha-vitoria-gp-alemanha-fabio-quartararo-terceiro\/\">chegou \u00e0 segunda corrida consecutiva sem vit\u00f3rias<\/a> na temporada 2021 da MotoGP, mas isso n\u00e3o o preocupa. Com o terceiro lugar no GP da Alemanha, o piloto da Yamaha chegou a 131 pontos e ampliou a vantagem na lideran\u00e7a do certame.<\/p>\n\n\n\n<p class=\"wp-block-paragraph\">Depois de largar na pole, Johann Zarco desmanchou durante a corrida, terminando apenas na oitava coloca\u00e7\u00e3o. Com isso, viu a vantagem para Quartararo subir para 22 pontos.<\/p>\n\n\n\n<p class=\"wp-block-paragraph\">Jack Miller esteve pr\u00f3ximo do p\u00f3dio em Sachsenring, mas pulou para terceiro no campeonato, agora com 100 pontos, um a mais do que o companheiro Francesco Baganaia. Joan Mir aparece em quinto na tabela (85), seguido por Maverick Vi\u00f1ales (75), Miguel Oliveira (74), Brad Binder (56) e Aleix Espargar\u00f3 (53).<\/p>\n\n\n\n<figure class=\"wp-block-image size-large\"><img decoding=\"async\" src=\"https:\/\/www.grandepremio.com\/br\/wp-content\/uploads\/2021\/06\/MEYM__A9Y8569-1024x683.jpg\" alt=\"\" class=\"wp-image-484550\"\/><figcaption>Fabio Quartararo foi o terceiro colocado em Sachsenring (Foto: Yamaha)<\/figcaption><\/figure>\n\n\n\n<p class=\"wp-block-paragraph\"><strong>Conhe\u00e7a o canal do Grande Pr\u00eamio no\u00a0<a href=\"https:\/\/www.youtube.com\/GrandePremioTV\">YouTube<\/a>.<br>Siga o Grande Pr\u00eamio no\u00a0<a rel=\"noreferrer noopener\" href=\"https:\/\/twitter.com\/grandepremio\" target=\"_blank\">Twitter\u00a0<\/a>e no\u00a0<a rel=\"noreferrer noopener\" href=\"https:\/\/instagram.com\/grandepremio\" target=\"_blank\">Instagram<\/a>.<\/strong><\/p>\n\n\n\n<p class=\"wp-block-paragraph\">Marc M\u00e1rquez <a href=\"https:\/\/www.grandepremio.com\/br\/motogp\/noticias\/marc-marquez-segura-miguel-oliveira-abocanha-vitoria-gp-alemanha-fabio-quartararo-terceiro\/\">voltou ao p\u00f3dio<\/a> depois de quase dois anos ausente e venceu o GP da Alemanha. Com o resultado positivo em Sachsenring, ganhou oito posi\u00e7\u00f5es na tabela e ocupa o d\u00e9cimo lugar, com 41 pontos.<\/p>\n\n\n\n<p class=\"wp-block-paragraph\">Entre os construtores, a Yamaha lidera com 159 pontos, seguida por Ducati (154), KTM (103), Suzuki (89), Honda (77) e Aprilia (54).<\/p>\n\n\n\n<p class=\"wp-block-paragraph\">A disputa segue acirrada entre as equipes, com o time de f\u00e1brica da Yamaha na frente (206), acompanhado por Ducati (199), Pramac (136), KTM (130), Suzuki (113), Honda (83), LCR (59), SRT (57), Aprilia (57), Avintia (40) e Tech3 (36).<\/p>\n\n\n\n<p class=\"wp-block-paragraph\">A MotoGP volta \u00e0 a\u00e7\u00e3o j\u00e1 no pr\u00f3ximo fim de semana, com a nona etapa do calend\u00e1rio, o GP da Holanda, em\u00a0<a href=\"https:\/\/www.grandepremio.com\/br\/etapa\/motogp\/gp-da-holanda-2021\/\" target=\"_blank\" rel=\"noreferrer noopener\">Assen<\/a>.\u00a0<a href=\"https:\/\/www.grandepremio.com\/br\/motogp\/ultimas-noticias\/\">Acompanhe a cobertura do\u00a0<strong>GRANDE PR\u00caMIO<\/strong>\u00a0sobre o Mundial de\u00a0<\/a><a href=\"https:\/\/www.grandepremio.com\/br\/motogp\/\" target=\"_blank\" rel=\"noreferrer noopener\">Motovelocidade<\/a>.<\/p>\n","protected":false},"excerpt":{"rendered":"<p>Fabio Quartararo foi o terceiro colocado no GP da Alemanha e, com isso, ampliou a vantagem para Johann Zarco na tabela de pontos da MotoGP. O grande salto, por\u00e9m, foi de Marc M\u00e1rquez, o vencedor em Sachsenring<\/p>\n","protected":false},"author":0,"featured_media":1000484552,"comment_status":"closed","ping_status":"closed","sticky":false,"template":"","format":"standard","meta":{"42wp_featured_image_caption":"","42wp_featured_image_credits":"","42wp_featured_video":"","42wp_featured_image_hidden":false,"42wp_authors_list":[],"footnotes":""},"categories":[8],"tags":[110,1504,24996,79,78,490,24850,25819,847,26690,3346],"42wp_author":[47135],"class_list":["post-120094","post","type-post","status-publish","format-standard","has-post-thumbnail","hentry","category-motogp","tag-fabio-quartararo","tag-gp-da-alemanha","tag-marc-marquez-2","tag-moto-gp","tag-motogp","tag-motogp-2021","tag-motogp-fox-sports","tag-motogp-hoje","tag-mundial-de-motovelocidade","tag-pilotos-motogp","tag-sachsenring","42wp_author-pedro-luis-cuenca"],"_links":{"self":[{"href":"https:\/\/grandepremio.com\/br\/wp-json\/wp\/v2\/posts\/120094","targetHints":{"allow":["GET"]}}],"collection":[{"href":"https:\/\/grandepremio.com\/br\/wp-json\/wp\/v2\/posts"}],"about":[{"href":"https:\/\/grandepremio.com\/br\/wp-json\/wp\/v2\/types\/post"}],"replies":[{"embeddable":true,"href":"https:\/\/grandepremio.com\/br\/wp-json\/wp\/v2\/comments?post=120094"}],"version-history":[{"count":0,"href":"https:\/\/grandepremio.com\/br\/wp-json\/wp\/v2\/posts\/120094\/revisions"}],"wp:featuredmedia":[{"embeddable":true,"href":"https:\/\/grandepremio.com\/br\/wp-json\/wp\/v2\/media\/1000484552"}],"wp:attachment":[{"href":"https:\/\/grandepremio.com\/br\/wp-json\/wp\/v2\/media?parent=120094"}],"wp:term":[{"taxonomy":"category","embeddable":true,"href":"https:\/\/grandepremio.com\/br\/wp-json\/wp\/v2\/categories?post=120094"},{"taxonomy":"post_tag","embeddable":true,"href":"https:\/\/grandepremio.com\/br\/wp-json\/wp\/v2\/tags?post=120094"},{"taxonomy":"42wp_author","embeddable":true,"href":"https:\/\/grandepremio.com\/br\/wp-json\/wp\/v2\/42wp_author?post=120094"}],"curies":[{"name":"wp","href":"https:\/\/api.w.org\/{rel}","templated":true}]}}