{"id":120150,"date":"2021-06-19T11:53:09","date_gmt":"2021-06-19T14:53:09","guid":{"rendered":"https:\/\/grandepremio.com\/br\/noticias\/ricardo-zonta-conquista-primeira-pole-da-toyota-da-stock-car-no-velocitta\/"},"modified":"2021-06-19T12:29:42","modified_gmt":"2021-06-19T15:29:42","slug":"ricardo-zonta-conquista-primeira-pole-da-toyota-da-stock-car-no-velocitta","status":"publish","type":"post","link":"https:\/\/grandepremio.com\/br\/stock-car\/ricardo-zonta-conquista-primeira-pole-da-toyota-da-stock-car-no-velocitta\/","title":{"rendered":"No Velocitta, Zonta conquista primeira pole da Toyota na temporada 2021 da Stock Car"},"content":{"rendered":"\n<figure class=\"wp-block-video\"><video class=\"video-js vjs-big-play-centered\" data-gp-vjs=\"1\" controls src=\"https:\/\/www.grandepremio.com\/br\/wp-content\/uploads\/2021\/06\/Mazepin_Schumacher_Azerbaijao.mp4\"><\/video><figcaption>Fechado por Mazepin no fim do GP do Azerbaij\u00e3o, Schumacher dispara: \u201cEle quer nos matar?\u201d (V\u00eddeo: Reprodu\u00e7\u00e3o)<\/figcaption><\/figure>\n\n\n\n<p class=\"wp-block-paragraph\">Ricardo Zonta \u00e9 o pole-position para a primeira corrida da Stock Car no Velocitta. O piloto do carro #10 dominou a classifica\u00e7\u00e3o deste s\u00e1bado (19), em uma manh\u00e3 fria no interior paulista, e garantiu o lugar de honra no grid ao virar 1min31s125. O piloto da RCM desbancou o l\u00edder do campeonato Daniel Serra, segundo colocado no grid, e Gabriel Casagrande, que chegou a liderar o Q2. Depois de quatro poles seguidas da Chevrolet neste princ\u00edpio de temporada, a Toyota festejou sua primeira posi\u00e7\u00e3o de honra no grid em 2021.<\/p>\n\n\n\n<p class=\"wp-block-paragraph\"><strong>Conhe\u00e7a o canal do Grande Pr\u00eamio no YouTube! Clique&nbsp;<a target=\"_blank\" href=\"https:\/\/youtube.com\/GrandePremioTV\" rel=\"noreferrer noopener\">aqui<\/a>.<\/strong><br><strong>Siga o Grande Pr\u00eamio no&nbsp;<a target=\"_blank\" href=\"https:\/\/twitter.com\/grandepremio\" rel=\"noreferrer noopener\">Twitter&nbsp;<\/a>e no&nbsp;<a target=\"_blank\" href=\"https:\/\/instagram.com\/grandepremio\" rel=\"noreferrer noopener\">Instagram<\/a>!<\/strong><br><strong><a href=\"https:\/\/www.grandepremio.com\/br\/programacao-tv\/noticias\/as-corridas-do-fim-de-semana-na-tv-e-no-streaming-18-a-20-de-junho\/\"><strong>Kanaan v\u00ea Stock Car como \u201c<\/strong><\/a><strong><a href=\"https:\/\/www.grandepremio.com\/br\/stock-car\/noticias\/em-ano-de-metas-distintas-kanaan-ve-stock-car-como-categoria-mais-competitiva-que-ja-corri\/\">categoria mais competitiva que j\u00e1 corri<\/a>\u201d<\/strong><\/strong><\/p>\n\n\n\n<p class=\"wp-block-paragraph\">A categoria chega neste fim de semana em Mogi Gua\u00e7u, no interior de S\u00e3o Paulo, para a terceira e quarta etapas da temporada 2021, que contemplam duas corridas neste s\u00e1bado (19) e duas no domingo. <a href=\"https:\/\/www.grandepremio.com\/br\/programacao-tv\/noticias\/as-corridas-do-fim-de-semana-na-tv-e-no-streaming-18-a-20-de-junho\/\">A largada da corrida 1 da Stock Car no Velocitta est\u00e1 marcada para \u00e0s 13h10 (de Bras\u00edlia) deste s\u00e1bado, com transmiss\u00e3o da Band na TV aberta e do SporTV 2 em canal por assinatura, al\u00e9m da transmiss\u00e3o no canal do Youtube da Stock Car<\/a>.<\/p>\n\n\n\n<figure class=\"wp-block-image size-large\"><img decoding=\"async\" src=\"https:\/\/www.grandepremio.com\/br\/wp-content\/uploads\/2021\/06\/51254282093_198b51502c_o-1024x682.jpg\" alt=\"\" class=\"wp-image-483809\"\/><figcaption>A terceira e quarta etapas da Stock Car acontecem em Velocitta, em Mogi Gua\u00e7u, interior de S\u00e3o Paulo (Foto: <\/figcaption><\/figure>\n\n\n\n<h2 class=\"wp-block-heading\"><strong>Confira como foi a classifica\u00e7\u00e3o<\/strong> da Stock Car no Velocitta<\/h2>\n\n\n\n<p class=\"wp-block-paragraph\">Exatamente \u00e0s 10h (de Bras\u00edlia) foi dada a bandeira verde para o Q1 da classifica\u00e7\u00e3o da Stock Car. Rafael Suzuki, da Full Time Bassani, n\u00e3o quis perder tempo e foi o primeiro a acelerar, acompanhado por Galid Osman, da Pole\/Shell. Em seguida, os 15 carros do grupo 1 foram \u00e0 pista, na busca pelos melhores tempos. Com uma manh\u00e3 fria no interior paulista, o c\u00e9u estava nublado e a temperatura se encontrava na casa dos 22\u00baC no ambiente e 23\u00baC na pista.<\/p>\n\n\n\n<p class=\"wp-block-paragraph\">O primeiro a tomar a ponta foi \u00c1tila Abreu, da Pole\/Shell, com o tempo de 1min35s210, sendo ultrapassado na sequ\u00eancia por Gaetano Di Mauro, da KTF, com 1min35s819. J\u00e1 no minuto final, o Grupo 1 protagonizou uma verdadeira batalha de tempos, com direito a diversas trocas de posi\u00e7\u00f5es na tabela entre os quinze carros. <\/p>\n\n\n\n<p class=\"wp-block-paragraph\">No minuto final, Thiago Camilo, da Ipiranga, fez valer a experi\u00eancia e assumiu a ponta com 1min31s052, por\u00e9m, j\u00e1 com o cron\u00f4metro zerado, Guilherme Salas desbancou o piloto paulista e assumiu a ponta ao virar 0s111 mais r\u00e1pido, conquistando assim a primeira posi\u00e7\u00e3o da tabela. <\/p>\n\n\n\n<p class=\"wp-block-paragraph\">Na sequ\u00eancia, os pilotos do Grupo 2 foram \u00e0 pista. Tuca Antoniazi foi o primeiro a sair do box, tendo a pista livre para si nos instantes inicias da sess\u00e3o. Na sequ\u00eancia, Nelsinho Piquet liderou a sa\u00edda dos demais pilotos, que em peso, aferiram tempos no Velocitta. Com cerca de 3 minutos para o fim, os pilotos do segundo grupo come\u00e7aram a registrar voltas r\u00e1pidas. <\/p>\n\n\n\n<p class=\"wp-block-paragraph\">J\u00e1 com o tempo zerado, Pedro Cardoso, da KTF, colocou o carro #43 na quarta coloca\u00e7\u00e3o, com o tempo de 1min31s093, sendo um grande destaque do Grupo 2, assim como Tuca Antoniazi, que anotou o segundo melhor tempo. Por\u00e9m, nenhum piloto do segundo grupo conseguiu desbancar Salas, que dominou o Q1.<\/p>\n\n\n\n<p class=\"wp-block-paragraph\"><strong>Q1:<\/strong> <strong>Guilherme Salas, Tuca Antoniazi, Diego Nunes, Pedro Cardoso, Cesar Ramos, Rafael Suzuki, Marcos Gomes, Daniel Serra, Gabriel Casagrande, Ricardo Zonta, Allam Khodair, Rubens Barrichello, Bruno Baptista, Julio Campos e Ricardo Maur\u00edcio.<\/strong><\/p>\n\n\n\n<figure class=\"wp-block-embed is-type-rich is-provider-spotify wp-block-embed-spotify wp-embed-aspect-21-9 wp-has-aspect-ratio\"><div class=\"wp-block-embed__wrapper\">\n<iframe title=\"Spotify Embed: Paddockast #108- As \u2018asas da disc\u00f3rdia\u2019 na briga pelo t\u00edtulo da F1\" style=\"border-radius: 12px\" width=\"100%\" height=\"152\" frameborder=\"0\" allowfullscreen allow=\"autoplay; clipboard-write; encrypted-media; fullscreen; picture-in-picture\" loading=\"lazy\" src=\"https:\/\/open.spotify.com\/embed\/episode\/5IGAmJqWbYHbesnWACLd6X?si=TVihLzK9Sw-l-s70Q2l3_g&amp;dl_branch=1&amp;utm_source=oembed\"><\/iframe>\n<\/div><\/figure>\n\n\n\n<p class=\"wp-block-paragraph\">Na segunda parte do classificat\u00f3rio, o Q2, que contou com quinze carros na pista brigando por seis vagas para decidir a pole-position, Casagrande, que dominou a sess\u00e3o de defini\u00e7\u00e3o do grid de largada em Interlagos, tomou a ponta com o tempo de 1min30s922. <\/p>\n\n\n\n<p class=\"wp-block-paragraph\">J\u00e1 com o cron\u00f4metro zerado, Camilo anotou uma excelente volta de 1min31s241 para garantir a quarta posi\u00e7\u00e3o e uma vaga no Q3, afastando o fantasma de ser eliminado no Q2. Rubens Barrichello, que largar\u00e1 em \u00faltimo por conta de uma puni\u00e7\u00e3o na etapa de Interlagos, foi eliminado com o d\u00e9cimo primeiro tempo.<\/p>\n\n\n\n<figure class=\"wp-block-image size-large\"><img decoding=\"async\" src=\"https:\/\/www.grandepremio.com\/br\/wp-content\/uploads\/2021\/06\/image-1-1024x576.png\" alt=\"\" class=\"wp-image-484148\"\/><figcaption>Gabriel Casagrande dominou o Q2 no Velocitta (Foto: Reprodu\u00e7\u00e3o)<\/figcaption><\/figure>\n\n\n\n<p class=\"wp-block-paragraph\"><strong>Q2: Gabriel Casagrande, Allam Khodair, Ricardo Zonta, Thiago Camilo, Daniel Serra e Diego Nunes.<\/strong><\/p>\n\n\n\n<p class=\"wp-block-paragraph\">J\u00e1 na briga final pela posi\u00e7\u00e3o de honra do grid, os seis carros que chegaram ao Q3 demoraram a sair dos boxes. Ricardo Zonta foi o primeiro a ir \u00e0 pista e enfrentar a pista do Velocitta, que, mais quente, registrava 29\u00baC no momento.<\/p>\n\n\n\n<p class=\"wp-block-paragraph\">Zonta foi o primeiro a assumir a ponta com 1min31s125, tendo o l\u00edder do campeonato, Daniel Serra, 0s147 atr\u00e1s. Enquanto isso, Allam Khodair travou pneus ap\u00f3s errar, comprometendo as chances de conquistar a pole-position para a corrida 1 do s\u00e1bado. Ricardo, ent\u00e3o, fez valer o bom tempo e garantiu a pole-position, a primeira da Toyota na temporada 2021 da Stock Car.<\/p>\n\n\n\n<p class=\"wp-block-paragraph\"><strong>Q3: Ricardo Zonta, Daniel Serra, Gabriel Casagrande, Allam Khodair, Thiago Camilo e Diego Nunes.<\/strong><\/p>\n\n\n\n<p class=\"wp-block-paragraph\"><strong>Stock Car 2021, Velocitta, classifica\u00e7\u00e3o:<\/strong><\/p>\n\n\n\n<figure class=\"wp-block-table\"><table><tbody><tr><td>1<\/td><td>R ZONTA<\/td><td>RCM TOYOTA<\/td><td>1:31,125<\/td><td>&nbsp;<\/td><td>3<\/td><\/tr><tr><td>2<\/td><td>D SERRA<\/td><td>RC EUROFARMA CHEVROLET<\/td><td>1:31,272<\/td><td>+0,147<\/td><td>2<\/td><\/tr><tr><td>3<\/td><td>G CASAGRANDE<\/td><td>VOGEL CHEVROLET<\/td><td>1:31,304<\/td><td>+0,179<\/td><td>3<\/td><\/tr><tr><td>4<\/td><td>A KHODAIR<\/td><td>BLAU CHEVROLET<\/td><td>1:31,355<\/td><td>+0,230<\/td><td>3<\/td><\/tr><tr><td>5<\/td><td>T CAMILO<\/td><td>IPIRANGA TOYOTA<\/td><td>1:31,442<\/td><td>+0,317<\/td><td>3<\/td><\/tr><tr><td>6<\/td><td>D NUNES<\/td><td>BLAU CHEVROLET<\/td><td>1:31,544<\/td><td>+0,419<\/td><td>3<\/td><\/tr><tr><td>7<\/td><td>C RAMOS<\/td><td>IPIRANGA TOYOTA<\/td><td>1:31,381<\/td><td>+0,256<\/td><td>3<\/td><\/tr><tr><td>8<\/td><td>R BARRICHELLO<\/td><td>FULL TIME TOYOTA<\/td><td>1:31,430<\/td><td>+0,305<\/td><td>3<\/td><\/tr><tr><td>9<\/td><td>M GOMES<\/td><td>CAVALEIRO CHEVROLET<\/td><td>1:31,497<\/td><td>+0,372<\/td><td>3<\/td><\/tr><tr><td>10<\/td><td>G SALAS<\/td><td>KTF CHEVROLET<\/td><td>1:31,548<\/td><td>+0,423<\/td><td>3<\/td><\/tr><tr><td>11<\/td><td>R SUZUKI<\/td><td>FULL TIME BASSANI TOYOTA<\/td><td>1:31,593<\/td><td>+0,468<\/td><td>3<\/td><\/tr><tr><td>12<\/td><td>B BAPTISTA<\/td><td>RCM TOYOTA<\/td><td>1:31,598<\/td><td>+0,473<\/td><td>3<\/td><\/tr><tr><td>13<\/td><td>J CAMPOS<\/td><td>LUBRAX PODIUM CHEVROLET<\/td><td>1:31,712<\/td><td>+0,587<\/td><td>3<\/td><\/tr><tr><td>14<\/td><td>P CARDOSO<\/td><td>KTF RACING CHEVROLET<\/td><td>1:31,760<\/td><td>+0,635<\/td><td>3<\/td><\/tr><tr><td>15<\/td><td>R MAUR\u00cdCIO<\/td><td>RC EUROFARMA CHEVROLET<\/td><td>1:31,825<\/td><td>+0,700<\/td><td>3<\/td><\/tr><tr><td>16<\/td><td>S JIMENEZ<\/td><td>MX PIQUET TOYOTA<\/td><td>1:31,328<\/td><td>+0,203<\/td><td>3<\/td><\/tr><tr><td>17<\/td><td>C BUENO<\/td><td>CROWN CHEVROLET<\/td><td>1:31,355<\/td><td>+0,230<\/td><td>3<\/td><\/tr><tr><td>18<\/td><td>M ROSSI<\/td><td>FULL TIME TOYOTA<\/td><td>1:31,365<\/td><td>+0,240<\/td><td>4<\/td><\/tr><tr><td>19<\/td><td>F LAPENNA<\/td><td>HOT CAR CHEVROLET<\/td><td>1:31,527<\/td><td>+0,402<\/td><td>4<\/td><\/tr><tr><td>20<\/td><td>A ABREU<\/td><td>POLE\/SHELL CHEVROLET<\/td><td>1:31,684<\/td><td>+0,559<\/td><td>4<\/td><\/tr><tr><td>21<\/td><td>D NAVARRO<\/td><td>CAVALEIRO CHEVROLET<\/td><td>1:31,698<\/td><td>+0,573<\/td><td>3<\/td><\/tr><tr><td>22<\/td><td>G OSMAN<\/td><td>POLE\/SHELL CHEVROLET<\/td><td>1:31,726<\/td><td>+0,601<\/td><td>4<\/td><\/tr><tr><td>23<\/td><td>F MASSA<\/td><td>LUBRAX PODIUM CHEVROLET<\/td><td>1:31,746<\/td><td>+0,621<\/td><td>3<\/td><\/tr><tr><td>24<\/td><td>L FORESTI<\/td><td>KTF CHEVROLET<\/td><td>1:31,817<\/td><td>+0,692<\/td><td>4<\/td><\/tr><tr><td>25<\/td><td>G DI MAURO<\/td><td>KTF RACING CHEVROLET<\/td><td>1:31,831<\/td><td>+0,706<\/td><td>3<\/td><\/tr><tr><td>26<\/td><td>B MONTEIRO<\/td><td>CROWN CHEVROLET<\/td><td>1:31,874<\/td><td>+0,749<\/td><td>4<\/td><\/tr><tr><td>27<\/td><td>N PIQUET<\/td><td>MX PIQUET TOYOTA<\/td><td>1:32,140<\/td><td>+1,015<\/td><td>4<\/td><\/tr><tr><td>28<\/td><td>T KANAAN<\/td><td>FULL TIME BASSANI TOYOTA<\/td><td>1:32,145<\/td><td>+1,020<\/td><td>3<\/td><\/tr><tr><td>29<\/td><td>C HAHN<\/td><td>BLAU II CHEVROLET<\/td><td>1:32,224<\/td><td>+1,099<\/td><td>4<\/td><\/tr><tr><td>30<\/td><td>G FRIGOTTO<\/td><td>RKL CHEVROLET<\/td><td>1:32,747<\/td><td>+1,622<\/td><td>4<\/td><\/tr><tr><td>31<\/td><td>T ANTONIAZI<\/td><td>HOT CAR CHEVROLET<\/td><td>1:33,972<\/td><td>+2,847<\/td><td>4<\/td><\/tr><tr><td>32<\/td><td>G LIMA<\/td><td>VOGEL CHEVROLET<\/td><td>Sem tempo<\/td><td>&#8211;<\/td><td>0<\/td><\/tr><\/tbody><\/table><\/figure>\n\n\n\n<figure class=\"wp-block-embed is-type-video is-provider-youtube wp-block-embed-youtube wp-embed-aspect-16-9 wp-has-aspect-ratio\"><div class=\"wp-block-embed__wrapper\">\n<iframe loading=\"lazy\" title=\"F1 2021: VERSTAPPEN CONSOLIDA DOM\u00cdNIO, BATE HAMILTON E FICA COM A POLE NA FRAN\u00c7A | Briefing\" width=\"500\" height=\"281\" src=\"https:\/\/www.youtube.com\/embed\/tPGpXmLpQrY?feature=oembed\" frameborder=\"0\" allow=\"accelerometer; autoplay; clipboard-write; encrypted-media; gyroscope; picture-in-picture; web-share\" referrerpolicy=\"strict-origin-when-cross-origin\" allowfullscreen><\/iframe>\n<\/div><\/figure>\n","protected":false},"excerpt":{"rendered":"<p>Ricardo Zonta domina Q3 e anota a pole-position para a corrida 1 da Stock Car no Velocitta<\/p>\n","protected":false},"author":0,"featured_media":1000436831,"comment_status":"closed","ping_status":"closed","sticky":false,"template":"","format":"standard","meta":{"42wp_featured_image_caption":"","42wp_featured_image_credits":"","42wp_featured_video":"","42wp_featured_image_hidden":false,"42wp_authors_list":[],"footnotes":""},"categories":[11],"tags":[69,1170,26418],"42wp_author":[47138],"class_list":["post-120150","post","type-post","status-publish","format-standard","has-post-thumbnail","hentry","category-stock-car","tag-stock-car","tag-stock-car-2021","tag-velocitta-2","42wp_author-lucascouto"],"_links":{"self":[{"href":"https:\/\/grandepremio.com\/br\/wp-json\/wp\/v2\/posts\/120150","targetHints":{"allow":["GET"]}}],"collection":[{"href":"https:\/\/grandepremio.com\/br\/wp-json\/wp\/v2\/posts"}],"about":[{"href":"https:\/\/grandepremio.com\/br\/wp-json\/wp\/v2\/types\/post"}],"replies":[{"embeddable":true,"href":"https:\/\/grandepremio.com\/br\/wp-json\/wp\/v2\/comments?post=120150"}],"version-history":[{"count":0,"href":"https:\/\/grandepremio.com\/br\/wp-json\/wp\/v2\/posts\/120150\/revisions"}],"wp:featuredmedia":[{"embeddable":true,"href":"https:\/\/grandepremio.com\/br\/wp-json\/wp\/v2\/media\/1000436831"}],"wp:attachment":[{"href":"https:\/\/grandepremio.com\/br\/wp-json\/wp\/v2\/media?parent=120150"}],"wp:term":[{"taxonomy":"category","embeddable":true,"href":"https:\/\/grandepremio.com\/br\/wp-json\/wp\/v2\/categories?post=120150"},{"taxonomy":"post_tag","embeddable":true,"href":"https:\/\/grandepremio.com\/br\/wp-json\/wp\/v2\/tags?post=120150"},{"taxonomy":"42wp_author","embeddable":true,"href":"https:\/\/grandepremio.com\/br\/wp-json\/wp\/v2\/42wp_author?post=120150"}],"curies":[{"name":"wp","href":"https:\/\/api.w.org\/{rel}","templated":true}]}}