{"id":120156,"date":"2021-06-19T10:37:33","date_gmt":"2021-06-19T13:37:33","guid":{"rendered":"https:\/\/grandepremio.com\/br\/noticias\/tsunoda-roda-bate-e-abandona-q1-logo-na-primeira-volta-rapida-na-franca\/"},"modified":"2021-06-19T10:47:13","modified_gmt":"2021-06-19T13:47:13","slug":"tsunoda-roda-bate-e-abandona-q1-logo-na-primeira-volta-rapida-na-franca","status":"publish","type":"post","link":"https:\/\/grandepremio.com\/br\/f1\/tsunoda-roda-bate-e-abandona-q1-logo-na-primeira-volta-rapida-na-franca\/","title":{"rendered":"Tsunoda roda, bate e abandona Q1 logo na primeira volta r\u00e1pida na Fran\u00e7a"},"content":{"rendered":"\n<figure class=\"wp-block-video\"><video class=\"video-js vjs-big-play-centered\" data-gp-vjs=\"1\" controls src=\"https:\/\/www.grandepremio.com\/br\/wp-content\/uploads\/2021\/06\/Tsunoda.mp4\"><\/video><figcaption>Tsunoda, da AlphaTauri, exagerou na zebra da curva 1, rodou e teve de abandonar Q1 do GP da Fran\u00e7a<\/figcaption><\/figure>\n\n\n\n<p class=\"wp-block-paragraph\">O classificat\u00f3rio do <strong><a href=\"https:\/\/www.grandepremio.com\/br\/f1\/\" target=\"_blank\" rel=\"noreferrer noopener\">GP da Fran\u00e7a<\/a><\/strong> come\u00e7ou um tanto tumultuado. Com apenas 41 segundos de atividade, o japon\u00eas Yuki Tsnunoda escapou da pista e interrompeu o Q1 por oito minutos. O piloto da AlphaTauri saiu ileso, mas n\u00e3o p\u00f4de mais participar da sess\u00e3o.<\/p>\n\n\n\n<p class=\"wp-block-paragraph\">Tsunoda exagerou na zebra e rodou ainda na curva 1 do circuito de Paul Ricard, quando tentava a sua volta r\u00e1pida. O #22 foi para a \u00e1rea de escape e encostou a traseira de seu AT02 na barreira de pneus. Ap\u00f3s alguma discuss\u00e3o com os engenheiros, percebeu que as marchas n\u00e3o engatavam mais e voltou a p\u00e9 para os boxes, com ar de decepc\u00e7\u00e3o.<\/p>\n\n\n\n<p class=\"wp-block-paragraph\">Al\u00e9m de Tsunoda, Nicholas Latifi (Williams), Kimi R\u00e4ikk\u00f6nen (Alfa Romeo), Nikita Mazepin (Haas) e Lance Stroll (Aston Martin) tamb\u00e9m ficaram de fora do Q2, que terminou mais cedo j\u00e1 que Mick Schumacher tamb\u00e9m bateu e encerrou as atividades mais cedo para todo mundo.<\/p>\n\n\n\n<p class=\"wp-block-paragraph\">Essa \u00e9 a quarta vez que o piloto japon\u00eas termina no Q1. No GP da Emilia-Romanha, no da Espanha e no de M\u00f4naco, Tsunoda tamb\u00e9m j\u00e1 havia terminado as atividades mais cedo.<\/p>\n\n\n\n<p class=\"wp-block-paragraph\">O\u00a0<a href=\"https:\/\/www.grandepremio.com\/br\/ao-vivo\/f1\/gp-da-franca-de-f1-2021-classificacao-ao-vivo\/\"><strong>GRANDE PR\u00caMIO<\/strong>\u00a0segue\u00a0<strong>AO VIVO e em TEMPO REAL<\/strong><\/a>\u00a0todas as atividades de pista do GP da Fran\u00e7a de\u00a0<a href=\"https:\/\/www.grandepremio.com\/br\/f1\/\" target=\"_blank\" rel=\"noreferrer noopener\">F\u00f3rmula 1<\/a>.\u00a0<strong><a href=\"https:\/\/www.grandepremio.com\/br\/f1\/\">Siga tudo aqu<\/a><\/strong>i.<\/p>\n\n\n\n<p class=\"wp-block-paragraph\"><strong>Conhe\u00e7a o canal do Grande Pr\u00eamio no\u00a0<a href=\"https:\/\/www.youtube.com\/GrandePremioTV\">YouTube<\/a>.<br>Siga o Grande Pr\u00eamio no\u00a0<a rel=\"noreferrer noopener\" href=\"https:\/\/twitter.com\/grandepremio\" target=\"_blank\">Twitter\u00a0<\/a>e no\u00a0<a rel=\"noreferrer noopener\" href=\"https:\/\/instagram.com\/grandepremio\" target=\"_blank\">Instagram<\/a>.<\/strong><\/p>\n\n\n\n<h2 class=\"wp-block-heading\">Saiba como foi o treino livre 3 do GP da Fran\u00e7a de F\u00f3rmula 1<\/h2>\n\n\n\n<figure class=\"wp-block-embed is-type-video is-provider-youtube wp-block-embed-youtube wp-embed-aspect-16-9 wp-has-aspect-ratio\"><div class=\"wp-block-embed__wrapper\">\n<iframe loading=\"lazy\" title=\"GP DA FRAN\u00c7A DE F1: RED BULL SURPREENDE (E BOTTAS TAMB\u00c9M) | GP \u00e0s 10 + Vem A\u00ed\" width=\"500\" height=\"281\" src=\"https:\/\/www.youtube.com\/embed\/0VVNLHI5gKM?feature=oembed\" frameborder=\"0\" allow=\"accelerometer; autoplay; clipboard-write; encrypted-media; gyroscope; picture-in-picture; web-share\" referrerpolicy=\"strict-origin-when-cross-origin\" allowfullscreen><\/iframe>\n<\/div><\/figure>\n","protected":false},"excerpt":{"rendered":"<p>Piloto da AlphaTauri exagerou na zebra da curva 1, perdeu o controle do carro e foi parar na barreira de pneus, interrompendo atividade por 8 minutos no circuito de Paul Ricard. Essa \u00e9 a segunda vez que o jovem japon\u00eas n\u00e3o avan\u00e7a a sess\u00e3o na F\u00f3rmula 1<\/p>\n","protected":false},"author":0,"featured_media":1000484103,"comment_status":"closed","ping_status":"closed","sticky":false,"template":"","format":"standard","meta":{"42wp_featured_image_caption":"","42wp_featured_image_credits":"","42wp_featured_video":"","42wp_featured_image_hidden":false,"42wp_authors_list":[],"footnotes":""},"categories":[2],"tags":[524,147,24837,25050,597],"42wp_author":[47126],"class_list":["post-120156","post","type-post","status-publish","format-standard","has-post-thumbnail","hentry","category-f1","tag-alphatauri","tag-f1","tag-formula-1-2","tag-gp-da-franca","tag-yuki-tsunoda","42wp_author-andre-avelar"],"_links":{"self":[{"href":"https:\/\/grandepremio.com\/br\/wp-json\/wp\/v2\/posts\/120156","targetHints":{"allow":["GET"]}}],"collection":[{"href":"https:\/\/grandepremio.com\/br\/wp-json\/wp\/v2\/posts"}],"about":[{"href":"https:\/\/grandepremio.com\/br\/wp-json\/wp\/v2\/types\/post"}],"replies":[{"embeddable":true,"href":"https:\/\/grandepremio.com\/br\/wp-json\/wp\/v2\/comments?post=120156"}],"version-history":[{"count":0,"href":"https:\/\/grandepremio.com\/br\/wp-json\/wp\/v2\/posts\/120156\/revisions"}],"wp:featuredmedia":[{"embeddable":true,"href":"https:\/\/grandepremio.com\/br\/wp-json\/wp\/v2\/media\/1000484103"}],"wp:attachment":[{"href":"https:\/\/grandepremio.com\/br\/wp-json\/wp\/v2\/media?parent=120156"}],"wp:term":[{"taxonomy":"category","embeddable":true,"href":"https:\/\/grandepremio.com\/br\/wp-json\/wp\/v2\/categories?post=120156"},{"taxonomy":"post_tag","embeddable":true,"href":"https:\/\/grandepremio.com\/br\/wp-json\/wp\/v2\/tags?post=120156"},{"taxonomy":"42wp_author","embeddable":true,"href":"https:\/\/grandepremio.com\/br\/wp-json\/wp\/v2\/42wp_author?post=120156"}],"curies":[{"name":"wp","href":"https:\/\/api.w.org\/{rel}","templated":true}]}}