{"id":120157,"date":"2021-06-19T10:16:27","date_gmt":"2021-06-19T13:16:27","guid":{"rendered":"https:\/\/grandepremio.com\/br\/noticias\/liam-lawson-fileira-mercedes-para-tras-vence-estreia-dtm-monza\/"},"modified":"2021-06-19T10:16:37","modified_gmt":"2021-06-19T13:16:37","slug":"liam-lawson-fileira-mercedes-para-tras-vence-estreia-dtm-monza","status":"publish","type":"post","link":"https:\/\/grandepremio.com\/br\/dtm\/liam-lawson-fileira-mercedes-para-tras-vence-estreia-dtm-monza\/","title":{"rendered":"Lawson deixa fileira de Mercedes para tr\u00e1s e vence estreia do DTM 2021 em Monza"},"content":{"rendered":"\n<figure class=\"wp-block-video\"><video class=\"video-js vjs-big-play-centered\" data-gp-vjs=\"1\" controls src=\"https:\/\/www.grandepremio.com\/br\/wp-content\/uploads\/2021\/06\/MotoGP-2021-Alemanha-Sachsenring-TL3-Maverick-Vinales.mp4\"><\/video><figcaption>Maverick Vi\u00f1ales sofreu uma queda na reta final do TL3 (V\u00eddeo: MotoGP)<\/figcaption><\/figure>\n\n\n\n<p class=\"wp-block-paragraph\">Demorou, mas chegou. A temporada 2021 do DTM, com direito a nova gera\u00e7\u00e3o de carros, come\u00e7ou na manh\u00e3 deste s\u00e1bado (19) e contou com a vit\u00f3ria de um novato: Liam Lawson, de Ferrari. O piloto da Nova Zel\u00e2ndia largou na s\u00e9tima coloca\u00e7\u00e3o, mas partiu para a vit\u00f3ria de maneira impressionante para o come\u00e7o da nova fase do campeonato.<\/p>\n\n\n\n<p class=\"wp-block-paragraph\">Lawson, de apenas 19 anos, jamais fizera uma corrida de GT antes. Pois bem, largou e foi direto para a vit\u00f3ria. Foi tamb\u00e9m a primeira vit\u00f3ria da Ferrari na categoria e a primeira vit\u00f3ria conquistada por um construtor n\u00e3o-alem\u00e3o desde 1996.<\/p>\n\n\n\n<p class=\"wp-block-paragraph\">O piloto largou bem e manteve ritmo forte ap\u00f3s quem estava imediatamente \u00e0 sua frente, Nico M\u00fcller e Mike Rockenfeller, pararem voltas antes e deixarem o neozeland\u00eas de rosto para o vento. Lawson aproveitou e acabou se mantendo na frente ap\u00f3s o pole-position Abril, realizar seu pit-stop.<\/p>\n\n\n\n<p class=\"wp-block-paragraph\"><strong>Conhe\u00e7a o canal do Grande Pr\u00eamio no YouTube! Clique\u00a0<a target=\"_blank\" href=\"https:\/\/youtube.com\/GrandePremioTV\" rel=\"noreferrer noopener\">aqui<\/a>.<\/strong><br><strong>Siga o Grande Pr\u00eamio no\u00a0<a target=\"_blank\" href=\"https:\/\/twitter.com\/grandepremio\" rel=\"noreferrer noopener\">Twitter\u00a0<\/a>e no\u00a0<a target=\"_blank\" href=\"https:\/\/instagram.com\/grandepremio\" rel=\"noreferrer noopener\">Instagram<\/a>!<\/strong><br><strong><a href=\"https:\/\/www.grandepremio.com\/br\/programacao-tv\/noticias\/as-corridas-do-fim-de-semana-na-tv-e-no-streaming-18-a-20-de-junho\/\">Confira a programa\u00e7\u00e3o de TV do fim de semana<\/a><\/strong><\/p>\n\n\n\n<figure class=\"wp-block-image size-large\"><img decoding=\"async\" src=\"https:\/\/www.grandepremio.com\/br\/wp-content\/uploads\/2021\/06\/SI202106180547_news-1024x683.jpg\" alt=\"LIAM LAWSON; DTM; MONZA\" class=\"wp-image-484085\"\/><figcaption>Liam Lawson venceu a primeira corrida dele num carro de GT (Foto: Red Bull Content Pool)<\/figcaption><\/figure>\n\n\n\n<figure class=\"wp-block-embed is-type-rich is-provider-spotify wp-block-embed-spotify wp-embed-aspect-21-9 wp-has-aspect-ratio\"><div class=\"wp-block-embed__wrapper\">\n<iframe title=\"Spotify Embed: Paddockast #108- As \u2018asas da disc\u00f3rdia\u2019 na briga pelo t\u00edtulo da F1\" style=\"border-radius: 12px\" width=\"100%\" height=\"152\" frameborder=\"0\" allowfullscreen allow=\"autoplay; clipboard-write; encrypted-media; fullscreen; picture-in-picture\" loading=\"lazy\" src=\"https:\/\/open.spotify.com\/embed\/episode\/5IGAmJqWbYHbesnWACLd6X?utm_source=oembed\"><\/iframe>\n<\/div><figcaption>Paddockast #108: As &#8216;asas da disc\u00f3rdia&#8217; na briga pelo t\u00edtulo da F1<\/figcaption><\/figure>\n\n\n\n<p class=\"wp-block-paragraph\">Foi uma derrota at\u00e9 de certo modo surpreendente para a Mercedes, que fez as duas primeiras filas na classifica\u00e7\u00e3o. Abril, terminou 1s6 atr\u00e1s de Lawson e na segunda coloca\u00e7\u00e3o. Quem fechou o p\u00f3dio foi Maximilian G\u00f6tz, outro piloto Mercedes.<\/p>\n\n\n\n<p class=\"wp-block-paragraph\">Depois de uma classifica\u00e7\u00e3o muito complicada, em que terminou somente com a 14\u00aa coloca\u00e7\u00e3o, Alexander Albon conseguiu escalar de maneira impressionante at\u00e9 o quarto posto na estreia dele na categoria. O piloto reserva da Red Bull na F1 teve baita desempenho ao passar tanta gente e ser o \u00faltimo piloto na volta do l\u00edder.<\/p>\n\n\n\n<p class=\"wp-block-paragraph\">Da\u00ed para frente, todos os pilotos terminaram uma volta atr\u00e1s do l\u00edder. Daniel Juncadella, Kelvin van der Linde, Maximilian Buhk, Nico M\u00fcller e Mike Rockenfeller fecharam o top-10. A segunda corrida acontece na manh\u00e3 do domingo.<\/p>\n\n\n\n<figure class=\"wp-block-embed is-type-video is-provider-youtube wp-block-embed-youtube wp-embed-aspect-16-9 wp-has-aspect-ratio\"><div class=\"wp-block-embed__wrapper\">\n<iframe loading=\"lazy\" title=\"F1 2021: VERSTAPPEN CONSOLIDA DOM\u00cdNIO, BATE HAMILTON E FICA COM A POLE NA FRAN\u00c7A | Briefing\" width=\"500\" height=\"281\" src=\"https:\/\/www.youtube.com\/embed\/tPGpXmLpQrY?feature=oembed\" frameborder=\"0\" allow=\"accelerometer; autoplay; clipboard-write; encrypted-media; gyroscope; picture-in-picture; web-share\" referrerpolicy=\"strict-origin-when-cross-origin\" allowfullscreen><\/iframe>\n<\/div><figcaption>Briefing: Tudo sobre a classifica\u00e7\u00e3o da F1 na Fran\u00e7a<\/figcaption><\/figure>\n","protected":false},"excerpt":{"rendered":"<p>Representante da Ferrari, Liam Lawson largou na s\u00e9tima posi\u00e7\u00e3o e partiu para uma vit\u00f3ria de porte interessante para abrir a temporada 2021<\/p>\n","protected":false},"author":0,"featured_media":1000484086,"comment_status":"closed","ping_status":"closed","sticky":false,"template":"","format":"standard","meta":{"42wp_featured_image_caption":"","42wp_featured_image_credits":"","42wp_featured_video":"","42wp_featured_image_hidden":false,"42wp_authors_list":[],"footnotes":""},"categories":[13],"tags":[654,207,17313,595],"42wp_author":[47120],"class_list":["post-120157","post","type-post","status-publish","format-standard","has-post-thumbnail","hentry","category-dtm","tag-alexander-albon","tag-ferrari","tag-italia","tag-liam-lawson","42wp_author-pedro-henrique-marum"],"_links":{"self":[{"href":"https:\/\/grandepremio.com\/br\/wp-json\/wp\/v2\/posts\/120157","targetHints":{"allow":["GET"]}}],"collection":[{"href":"https:\/\/grandepremio.com\/br\/wp-json\/wp\/v2\/posts"}],"about":[{"href":"https:\/\/grandepremio.com\/br\/wp-json\/wp\/v2\/types\/post"}],"replies":[{"embeddable":true,"href":"https:\/\/grandepremio.com\/br\/wp-json\/wp\/v2\/comments?post=120157"}],"version-history":[{"count":0,"href":"https:\/\/grandepremio.com\/br\/wp-json\/wp\/v2\/posts\/120157\/revisions"}],"wp:featuredmedia":[{"embeddable":true,"href":"https:\/\/grandepremio.com\/br\/wp-json\/wp\/v2\/media\/1000484086"}],"wp:attachment":[{"href":"https:\/\/grandepremio.com\/br\/wp-json\/wp\/v2\/media?parent=120157"}],"wp:term":[{"taxonomy":"category","embeddable":true,"href":"https:\/\/grandepremio.com\/br\/wp-json\/wp\/v2\/categories?post=120157"},{"taxonomy":"post_tag","embeddable":true,"href":"https:\/\/grandepremio.com\/br\/wp-json\/wp\/v2\/tags?post=120157"},{"taxonomy":"42wp_author","embeddable":true,"href":"https:\/\/grandepremio.com\/br\/wp-json\/wp\/v2\/42wp_author?post=120157"}],"curies":[{"name":"wp","href":"https:\/\/api.w.org\/{rel}","templated":true}]}}