{"id":120188,"date":"2021-06-18T12:53:18","date_gmt":"2021-06-18T15:53:18","guid":{"rendered":"https:\/\/grandepremio.com\/br\/noticias\/srt-desmente-rescisao-valentino-rossi-mas-deixa-futuro-aberto\/"},"modified":"2021-06-18T12:53:23","modified_gmt":"2021-06-18T15:53:23","slug":"srt-desmente-rescisao-valentino-rossi-mas-deixa-futuro-aberto","status":"publish","type":"post","link":"https:\/\/grandepremio.com\/br\/motogp\/srt-desmente-rescisao-valentino-rossi-mas-deixa-futuro-aberto\/","title":{"rendered":"SRT nega rescis\u00e3o de Rossi, mas deixa futuro aberto: &#8220;N\u00e3o definimos a dupla para 2022&#8221;"},"content":{"rendered":"\n<figure class=\"wp-block-video\"><video class=\"video-js vjs-big-play-centered\" data-gp-vjs=\"1\" controls src=\"https:\/\/www.grandepremio.com\/br\/wp-content\/uploads\/2021\/06\/MotoGP-2021-Alemanha-Sachsenring-TL2-miguel-Oliveira.mp4\"><\/video><figcaption>Miguel Oliveira ditou o ritmo na segunda sess\u00e3o do dia em Sachsenring (V\u00eddeo: MotoGP)<\/figcaption><\/figure>\n\n\n\n<p class=\"wp-block-paragraph\">Uma frase interpretada de maneira equivocada gerou um grande problema para a equipe SRT \u00e0s v\u00e9speras do GP da Alemanha. Uma publica\u00e7\u00e3o malaia afirmou que Razlan Razalil chefe da equipe, tinha declarado que n\u00e3o renovaria com Valentino Rossi e estaria procurando um jovem piloto para a vaga em 2022. O time, no entanto, precisou desmentir a confus\u00e3o.<\/p>\n\n\n\n<p class=\"wp-block-paragraph\">Em entrevista ao site Crash, a SRT disse que a frase n\u00e3o \u00e9 verdadeira e ainda emitiu um comunicado pontuando que o foco da equipe \u00e9 o desenvolvimento de jovens talentos, independente de quando Rossi se aposentar da MotoGP.<\/p>\n\n\n\n<p class=\"wp-block-paragraph\">&#8220;Nossa filosofia de sele\u00e7\u00e3o de pilotos tem sido a mesma desde o come\u00e7o. Trabalhar com Valentino Rossi foi uma tremenda oportunidade para a equipe e esse relacionamento permitiu que o talento dentro da equipe crescer. A escolha de um piloto mais experiente foi uma exce\u00e7\u00e3o e esperamos priorizar os jovens no futuro&#8221;, diz a nota.<\/p>\n\n\n\n<figure class=\"wp-block-image size-large\"><img decoding=\"async\" src=\"https:\/\/www.grandepremio.com\/br\/wp-content\/uploads\/2021\/06\/51255069761_8fafb6ee7a_k-1024x683.jpg\" alt=\"\" class=\"wp-image-483600\"\/><figcaption>Valentino Rossi vive m\u00e1 fase na temporada 2021 (Foto: SRT)<\/figcaption><\/figure>\n\n\n\n<p class=\"wp-block-paragraph\"><strong>LEIA TAMB\u00c9M<br><\/strong>\u21dd<strong>\u00a0<a href=\"https:\/\/www.grandepremio.com\/br\/motogp\/noticias\/miguel-oliveira-ratifica-melhora-ktm-vitoria-impecavel-gp-catalunha\/\"><strong>Oliveira ratifica melhora da KTM com vit\u00f3ria impec\u00e1vel no GP da Catalunha<\/strong><\/a><br><\/strong>\u21dd<strong>\u00a0<a href=\"https:\/\/www.grandepremio.com\/br\/motogp\/noticias\/producao-serie-talentos-moto3-moto2-coloca-pressao-pilotos-motogp\/\" target=\"_blank\" rel=\"noreferrer noopener\">Produ\u00e7\u00e3o em s\u00e9rie de talentos por Moto3 e Moto2 coloca press\u00e3o nos pilotos da MotoGP<\/a><\/strong><br>\u21dd\u00a0<strong><a href=\"https:\/\/www.grandepremio.com\/br\/motogp\/noticias\/ktm-foge-padrao-acerta-oferecer-contrato-duradouro-brad-binder-motogp\/\" target=\"_blank\" rel=\"noreferrer noopener\">KTM foge do padr\u00e3o e acerta ao oferecer contrato duradouro para Binder na MotoGP<\/a><\/strong><br>\u21dd\u00a0<strong><a href=\"https:\/\/www.grandepremio.com\/br\/motogp\/noticias\/yamaha-mostra-insatisfacao-forma-maverick-vinales-mas-2-chance-evita-jogar-toalha\/\">Yamaha mostra insatisfa\u00e7\u00e3o com forma de Vi\u00f1ales, mas d\u00e1 2\u00aa chance e evita jogar toalha<\/a><\/strong><br>\u21dd\u00a0<strong><a href=\"https:\/\/www.grandepremio.com\/br\/motogp\/noticias\/remy-gardner-ganha-chance-motogp-consolidar-evolucao-ultimos-anos\/\" target=\"_blank\" rel=\"noreferrer noopener\">Gardner ganha chance na MotoGP para consolidar evolu\u00e7\u00e3o mostrada na Moto2<\/a><\/strong><br>\u21dd\u00a0<strong><a href=\"https:\/\/www.grandepremio.com\/br\/motogp\/noticias\/longe-vitorias-crise-honda-pode-ter-concessoes-motogp-2022\/\" target=\"_blank\" rel=\"noreferrer noopener\">Longe das vit\u00f3rias e em crise, Honda pode ter concess\u00f5es na MotoGP em 2022?<\/a><\/strong><\/p>\n\n\n\n<p class=\"wp-block-paragraph\">&#8220;Ainda n\u00e3o definimos nossa dupla de pilotos para a temporada 2022. Entretanto, uma vez que a parceria com Valentino chegar ao fim, esperamos retornar nosso foco no objetivo de encontrar os melhores talentos jovens&#8221;, completou a SRT, que ainda tem Franco Morbidelli com um de seus competidores.<\/p>\n\n\n\n<p class=\"wp-block-paragraph\">Em recente entrevista \u00e0 emissora Trans7, da Indon\u00e9sia, Rossi admitiu que ainda n\u00e3o definiu o futuro da carreira, mas que <a href=\"https:\/\/www.grandepremio.com\/br\/motogp\/noticias\/sem-vaga-garantida-2022-valentino-rossi-espera-definir-futuro-motogp-durante-ferias-verao\/\">vai tomar uma decis\u00e3o durante as f\u00e9rias de ver\u00e3o<\/a> da MotoGP. A categoria entra numa pequena pausa durante a temporada depois do GP da Holanda, na pr\u00f3xima semana. O veterano italiano vive m\u00e1 fase na carreira, tem apenas 15 pontos no campeonato e ocupa a 19\u00aa coloca\u00e7\u00e3o na tabela.<\/p>\n\n\n\n<p class=\"wp-block-paragraph\">A&nbsp;<a href=\"https:\/\/www.grandepremio.com\/br\/motogp\/\" target=\"_blank\" rel=\"noreferrer noopener\">MotoGP<\/a>&nbsp;volta \u00e0s pistas neste fim de semana para a disputa do GP da Alemanha, em&nbsp;<a href=\"https:\/\/www.grandepremio.com\/br\/etapa\/motogp\/gp-da-alemanha-motogp-21\/\" target=\"_blank\" rel=\"noreferrer noopener\">Sachsenring<\/a>, oitava etapa da temporada 2021.&nbsp;<a href=\"https:\/\/www.grandepremio.com\/br\/motogp\/ultimas-noticias\/\">Acompanhe a cobertura do&nbsp;<strong>GRANDE PR\u00caMIO<\/strong>&nbsp;sobre o Mundial de&nbsp;<\/a><a href=\"https:\/\/www.grandepremio.com\/br\/motogp\/\" target=\"_blank\" rel=\"noreferrer noopener\">Motovelocidade<\/a>.<\/p>\n\n\n\n<p class=\"wp-block-paragraph\"><strong>Conhe\u00e7a o canal do Grande Pr\u00eamio no\u00a0<a href=\"https:\/\/www.youtube.com\/GrandePremioTV\">YouTube<\/a>.<br>Siga o Grande Pr\u00eamio no\u00a0<a rel=\"noreferrer noopener\" href=\"https:\/\/twitter.com\/grandepremio\" target=\"_blank\">Twitter\u00a0<\/a>e no\u00a0<a rel=\"noreferrer noopener\" href=\"https:\/\/instagram.com\/grandepremio\" target=\"_blank\">Instagram<\/a>.<\/strong><\/p>\n\n\n\n<p class=\"wp-block-paragraph\"><\/p>\n","protected":false},"excerpt":{"rendered":"<p>Uma frase mal colocada gerou desconforto na SRT. Por isso, a equipe precisou desmentir a rescis\u00e3o de Valentino Rossi no fim desta temporada, mas n\u00e3o sentenciou qual a dupla de pilotos para 2022<\/p>\n","protected":false},"author":0,"featured_media":1000483601,"comment_status":"closed","ping_status":"closed","sticky":false,"template":"","format":"standard","meta":{"42wp_featured_image_caption":"","42wp_featured_image_credits":"","42wp_featured_video":"","42wp_featured_image_hidden":false,"42wp_authors_list":[],"footnotes":""},"categories":[8],"tags":[79,78,490,24850,25819,847,26690,25441,80,172],"42wp_author":[47135],"class_list":["post-120188","post","type-post","status-publish","format-standard","has-post-thumbnail","hentry","category-motogp","tag-moto-gp","tag-motogp","tag-motogp-2021","tag-motogp-fox-sports","tag-motogp-hoje","tag-mundial-de-motovelocidade","tag-pilotos-motogp","tag-srt","tag-valentino-rossi","tag-yamaha","42wp_author-pedro-luis-cuenca"],"_links":{"self":[{"href":"https:\/\/grandepremio.com\/br\/wp-json\/wp\/v2\/posts\/120188","targetHints":{"allow":["GET"]}}],"collection":[{"href":"https:\/\/grandepremio.com\/br\/wp-json\/wp\/v2\/posts"}],"about":[{"href":"https:\/\/grandepremio.com\/br\/wp-json\/wp\/v2\/types\/post"}],"replies":[{"embeddable":true,"href":"https:\/\/grandepremio.com\/br\/wp-json\/wp\/v2\/comments?post=120188"}],"version-history":[{"count":0,"href":"https:\/\/grandepremio.com\/br\/wp-json\/wp\/v2\/posts\/120188\/revisions"}],"wp:featuredmedia":[{"embeddable":true,"href":"https:\/\/grandepremio.com\/br\/wp-json\/wp\/v2\/media\/1000483601"}],"wp:attachment":[{"href":"https:\/\/grandepremio.com\/br\/wp-json\/wp\/v2\/media?parent=120188"}],"wp:term":[{"taxonomy":"category","embeddable":true,"href":"https:\/\/grandepremio.com\/br\/wp-json\/wp\/v2\/categories?post=120188"},{"taxonomy":"post_tag","embeddable":true,"href":"https:\/\/grandepremio.com\/br\/wp-json\/wp\/v2\/tags?post=120188"},{"taxonomy":"42wp_author","embeddable":true,"href":"https:\/\/grandepremio.com\/br\/wp-json\/wp\/v2\/42wp_author?post=120188"}],"curies":[{"name":"wp","href":"https:\/\/api.w.org\/{rel}","templated":true}]}}