{"id":120208,"date":"2021-06-18T04:30:00","date_gmt":"2021-06-18T07:30:00","guid":{"rendered":"https:\/\/grandepremio.com\/br\/noticias\/stock-car-implanta-sistema-de-inteligencia-artificial-para-etapas-no-velocitta\/"},"modified":"2021-06-17T19:29:41","modified_gmt":"2021-06-17T22:29:41","slug":"stock-car-implanta-sistema-de-inteligencia-artificial-para-etapas-no-velocitta","status":"publish","type":"post","link":"https:\/\/grandepremio.com\/br\/stock-car\/stock-car-implanta-sistema-de-inteligencia-artificial-para-etapas-no-velocitta\/","title":{"rendered":"Stock Car implanta sistema de intelig\u00eancia artificial para etapas no Velocitta"},"content":{"rendered":"\n<figure class=\"wp-block-video\"><video class=\"video-js vjs-big-play-centered\" data-gp-vjs=\"1\" controls src=\"https:\/\/www.grandepremio.com\/br\/wp-content\/uploads\/2021\/06\/Mazepin_Schumacher_Azerbaijao.mp4\"><\/video><figcaption>Fechado por Mazepin no fim do GP do Azerbaij\u00e3o, Schumacher dispara: \u201cEle quer nos matar?\u201d (V\u00eddeo: Reprodu\u00e7\u00e3o)<\/figcaption><\/figure>\n\n\n\n<p class=\"wp-block-paragraph\">A Stock Car chega ao aut\u00f3dromo do Velocitta, no interior de S\u00e3o Paulo, para a terceira e quarta etapas da temporada 2021 e vem com novidades: nesta quinta-feira (17), a Vicar, promotora da Stock Car, anunciou que vai estrear um sistema de c\u00e2meras dotado de intelig\u00eancia artificial e controlado por uma central de \u00faltima gera\u00e7\u00e3o.<\/p>\n\n\n\n<p class=\"wp-block-paragraph\"> Com 41 c\u00e2meras de alta tecnologia, o Stock Smart Track (SST) foi desenvolvido com exclusividade em uma parceria com a Intelbras (INTB3), ind\u00fastria brasileira desenvolvedora da tecnologia, e ser\u00e1 colocado \u00e0 disposi\u00e7\u00e3o da CBA (Confedera\u00e7\u00e3o Brasileira de Automobilismo). O objetivo \u00e9 ampliar o monitoramento e fiscaliza\u00e7\u00e3o das a\u00e7\u00f5es de pista.<\/p>\n\n\n\n<p class=\"wp-block-paragraph\"><strong>Conhe\u00e7a o canal do Grande Pr\u00eamio no YouTube! Clique&nbsp;<a target=\"_blank\" href=\"https:\/\/youtube.com\/GrandePremioTV\" rel=\"noreferrer noopener\">aqui<\/a>.<\/strong><br><strong>Siga o Grande Pr\u00eamio no&nbsp;<a target=\"_blank\" href=\"https:\/\/twitter.com\/grandepremio\" rel=\"noreferrer noopener\">Twitter&nbsp;<\/a>e no&nbsp;<a target=\"_blank\" href=\"https:\/\/instagram.com\/grandepremio\" rel=\"noreferrer noopener\">Instagram<\/a>!<\/strong><\/p>\n\n\n\n<p class=\"wp-block-paragraph\">\u201cEste \u00e9 mais um passo que estamos dando no processo de moderniza\u00e7\u00e3o da Stock Car. O conceito do Stock Smart Track \u00e9 que a pista se torna \u201csmart\u201d a partir da instala\u00e7\u00e3o da categoria no circuito\u201d, diz Fernando Julianelli, CEO da Vicar.<\/p>\n\n\n\n<figure class=\"wp-block-image size-large\"><img decoding=\"async\" src=\"https:\/\/www.grandepremio.com\/br\/wp-content\/uploads\/2021\/05\/StockCarCorrida2Interlagos2-1024x682.jpg\" alt=\"STOCK CAR; STOCK CAR 2021; CORRIDA 2; P\u00d3DIO; ANT\u00d3NIO F\u00c9LIX DA COSTA; DANIEL SERRA; GUILHERME SALAS;\" class=\"wp-image-474797\"\/><figcaption>P\u00f3dio da corrida 2, com Ant\u00f3nio F\u00e9lix da Costa no topo do p\u00f3dio em Interlagos (Foto: Duda Bairros\/Vicar)<\/figcaption><\/figure>\n\n\n\n<p class=\"wp-block-paragraph\">\u201cDois fatos importantes, al\u00e9m do avan\u00e7o t\u00e9cnico para o esporte: primeiro, esta \u00e9 uma iniciativa baseada na tecnologia de uma empresa brasileira, a Intelbras. E, segundo, \u00e9 mais um passo importante no fortalecimento do trabalho com a CBA, que s\u00f3 gera benef\u00edcios para todos, especialmente em termos de elevar o n\u00edvel do espet\u00e1culo. Estamos muito felizes com essa novidade\u201d, continua Julianelli.<\/p>\n\n\n\n<p class=\"wp-block-paragraph\">O SST vem complementar o sistema j\u00e1 utilizado na Stock Car, que emprega as imagens geradas pela categoria para as transmiss\u00f5es de TV. &#8220;O novo aparato estar\u00e1 dispon\u00edvel para as centrais de v\u00eddeo dos oficiais da CBA das \u00e1reas t\u00e9cnica, desportiva e de dire\u00e7\u00e3o de prova, gerando um ambiente monitorado que mescla uma esp\u00e9cie de Big Brother com o VAR utilizado no futebol&#8221;, de acordo com a nota da categoria nacional.<\/p>\n\n\n\n<p class=\"wp-block-paragraph\">Al\u00e9m disso, a tecnologia ser\u00e1 empregada para fiscalizar a utiliza\u00e7\u00e3o do &#8216;Fan Push&#8217;, sistema que d\u00e1 a seis pilotos eleitos o direito de usar o bot\u00e3o de ultrapassagem uma vez a mais nas corridas. E tamb\u00e9m oferecer\u00e1 imagens da entrada dos boxes, outro ponto onde os incidentes s\u00e3o comuns durante as etapas.<\/p>\n\n\n\n<p class=\"wp-block-paragraph\">A Stock Car volta \u00e0 pista nos pr\u00f3ximos dias 19 e 20 de junho, para a realiza\u00e7\u00e3o da primeira rodada dupla da temporada, no Aut\u00f3dromo Velocitta.<\/p>\n\n\n\n<figure class=\"wp-block-embed is-type-video is-provider-youtube wp-block-embed-youtube wp-embed-aspect-16-9 wp-has-aspect-ratio\"><div class=\"wp-block-embed__wrapper\">\n<iframe loading=\"lazy\" title=\"BOTTAS NA ALFA ROMEO? P\u00daBLICO PODE ESTRANHAR, MAS SERIA VIT\u00d3RIA | GP \u00e0s 10\" width=\"500\" height=\"281\" src=\"https:\/\/www.youtube.com\/embed\/eLZ56KrO7W4?feature=oembed\" frameborder=\"0\" allow=\"accelerometer; autoplay; clipboard-write; encrypted-media; gyroscope; picture-in-picture; web-share\" referrerpolicy=\"strict-origin-when-cross-origin\" allowfullscreen><\/iframe>\n<\/div><\/figure>\n\n\n\n<p class=\"wp-block-paragraph\"><\/p>\n","protected":false},"excerpt":{"rendered":"<p>Em parceria com a Intelbras, a Vicar, promotora da Stock Car, anunciou que usar\u00e1 um sistema de c\u00e2meras dotado de intelig\u00eancia artificial e poder\u00e1 auxiliar a CBA a fiscalizar cada detalhe da competi\u00e7\u00e3o no Velocitta<\/p>\n","protected":false},"author":0,"featured_media":1000474809,"comment_status":"closed","ping_status":"closed","sticky":false,"template":"","format":"standard","meta":{"42wp_featured_image_caption":"","42wp_featured_image_credits":"","42wp_featured_video":"","42wp_featured_image_hidden":false,"42wp_authors_list":[],"footnotes":""},"categories":[11],"tags":[621,24836,69,1170,26158],"42wp_author":[47139],"class_list":["post-120208","post","type-post","status-publish","format-standard","has-post-thumbnail","hentry","category-stock-car","tag-cba","tag-grande-premio-2","tag-stock-car","tag-stock-car-2021","tag-velocitta","42wp_author-ana-cerveira"],"_links":{"self":[{"href":"https:\/\/grandepremio.com\/br\/wp-json\/wp\/v2\/posts\/120208","targetHints":{"allow":["GET"]}}],"collection":[{"href":"https:\/\/grandepremio.com\/br\/wp-json\/wp\/v2\/posts"}],"about":[{"href":"https:\/\/grandepremio.com\/br\/wp-json\/wp\/v2\/types\/post"}],"replies":[{"embeddable":true,"href":"https:\/\/grandepremio.com\/br\/wp-json\/wp\/v2\/comments?post=120208"}],"version-history":[{"count":0,"href":"https:\/\/grandepremio.com\/br\/wp-json\/wp\/v2\/posts\/120208\/revisions"}],"wp:featuredmedia":[{"embeddable":true,"href":"https:\/\/grandepremio.com\/br\/wp-json\/wp\/v2\/media\/1000474809"}],"wp:attachment":[{"href":"https:\/\/grandepremio.com\/br\/wp-json\/wp\/v2\/media?parent=120208"}],"wp:term":[{"taxonomy":"category","embeddable":true,"href":"https:\/\/grandepremio.com\/br\/wp-json\/wp\/v2\/categories?post=120208"},{"taxonomy":"post_tag","embeddable":true,"href":"https:\/\/grandepremio.com\/br\/wp-json\/wp\/v2\/tags?post=120208"},{"taxonomy":"42wp_author","embeddable":true,"href":"https:\/\/grandepremio.com\/br\/wp-json\/wp\/v2\/42wp_author?post=120208"}],"curies":[{"name":"wp","href":"https:\/\/api.w.org\/{rel}","templated":true}]}}