{"id":120209,"date":"2021-06-18T04:15:00","date_gmt":"2021-06-18T07:15:00","guid":{"rendered":"https:\/\/grandepremio.com\/br\/noticias\/lucas-di-grassi-se-aposenta-caso-nao-encontre-vaga-formula-e-nao-tem-plano-b\/"},"modified":"2021-06-18T05:26:14","modified_gmt":"2021-06-18T08:26:14","slug":"lucas-di-grassi-se-aposenta-caso-nao-encontre-vaga-formula-e-nao-tem-plano-b","status":"publish","type":"post","link":"https:\/\/grandepremio.com\/br\/formula-e\/lucas-di-grassi-se-aposenta-caso-nao-encontre-vaga-formula-e-nao-tem-plano-b\/","title":{"rendered":"Di Grassi afirma que se aposenta caso n\u00e3o encontre vaga na F\u00f3rmula E: \u201cN\u00e3o tem Plano B\u201d"},"content":{"rendered":"\n<figure class=\"wp-block-video\"><video class=\"video-js vjs-big-play-centered\" data-gp-vjs=\"1\" controls src=\"https:\/\/www.grandepremio.com\/br\/wp-content\/uploads\/2021\/06\/2021_06_13_Pato.mp4\"><\/video><figcaption>A ultrapassagem da vit\u00f3ria de Pato O&#8217;Ward (V\u00eddeo: NBCSN)<\/figcaption><\/figure>\n\n\n\n<p class=\"wp-block-paragraph\">2021 se tornou um ano fundamental para Lucas Di Grassi. O brasileiro precisa definir o futuro, incerto desde o an\u00fancio da sa\u00edda da Audi da F\u00f3rmula E. O momento \u00e9 de negociar com outras equipes, mas j\u00e1 com uma ideia clara em mente: caso n\u00e3o surja uma oportunidade de seguir competindo em alto n\u00edvel no certame el\u00e9trico, Di Grassi vai se aposentar.<\/p>\n\n\n\n<p class=\"wp-block-paragraph\">A l\u00f3gica de Di Grassi, que completa 37 anos em agosto, \u00e9 que n\u00e3o faz sentido reinventar a carreira em outra categoria. Al\u00e9m disso, n\u00e3o h\u00e1 interesse em apenas fazer n\u00famero no grid da F\u00f3rmula E.<\/p>\n\n\n\n<p class=\"wp-block-paragraph\">\u201cO objetivo \u00e9 continuar na F\u00f3rmula E\u201d, disse Di Grassi, perguntado pelo <strong>GRANDE PR\u00caMIO<\/strong> em entrevista coletiva. \u201c\u00c9 meu objetivo principal. Estou conversando com algumas equipes, mas n\u00e3o assinei nada e n\u00e3o tenho nada definido. \u00c9 bem claro para mim. Ou eu vou estar numa posi\u00e7\u00e3o que me motiva, numa equipe em condi\u00e7\u00f5es de vencer provas, disputar corridas, ou eu n\u00e3o vou continuar correndo\u201d, seguiu.<\/p>\n\n\n\n<p class=\"wp-block-paragraph\"><strong>Conhe\u00e7a o canal do Grande Pr\u00eamio no YouTube! Clique&nbsp;<a rel=\"noreferrer noopener\" href=\"https:\/\/youtube.com\/GrandePremioTV\" target=\"_blank\">aqui<\/a>.<br>Siga o Grande Pr\u00eamio no&nbsp;<a rel=\"noreferrer noopener\" href=\"https:\/\/twitter.com\/grandepremio\" target=\"_blank\">Twitter&nbsp;<\/a>e no&nbsp;<a rel=\"noreferrer noopener\" href=\"https:\/\/instagram.com\/grandepremio\" target=\"_blank\">Instagram<\/a>!<\/strong><\/p>\n\n\n\n<figure class=\"wp-block-image size-large\"><img decoding=\"async\" src=\"https:\/\/www.grandepremio.com\/br\/wp-content\/uploads\/2021\/04\/390626_966214_a211307_medium-1024x722.jpg\" alt=\"\" class=\"wp-image-461975\"\/><figcaption>O que o futuro reserva para Lucas Di Grassi? (Foto: F\u00f3rmula E)<\/figcaption><\/figure>\n\n\n\n<p class=\"wp-block-paragraph\">\u201cOu eu paro, ou eu fico na F\u00f3rmula E. Acho que n\u00e3o tem outra, n\u00e3o tem Plano B. Gosto da F\u00f3rmula E, gosto de estar aqui. Esse \u00e9 o caminho para mim. Fui de F\u00f3rmula 1 com motor \u00e0 combust\u00e3o para Le Mans com motor h\u00edbrido e para a F\u00f3rmula E com motor el\u00e9trico. Quero ficar o maior tempo poss\u00edvel me divertindo e disputando corridas, e me aposentar na F\u00f3rmula E. Esse \u00e9 meu plano de m\u00e9dio prazo\u201d, seguiu.<\/p>\n\n\n\n<p class=\"wp-block-paragraph\">Di Grassi encontrou um porto seguro na F\u00f3rmula E atrav\u00e9s da Audi, equipe que defende desde a temporada inaugural, 2014\/15. Foi com a escuderia alem\u00e3 que Lucas alcan\u00e7ou o t\u00edtulo em 2016\/17, o maior feito da carreira. S\u00f3 que a determina\u00e7\u00e3o da montadora de <strong><a href=\"https:\/\/www.grandepremio.com\/br\/endurance\/noticias\/audi-se-une-a-coirma-porsche-em-projeto-de-novo-lmdh-para-wec-e-sportscar\/\">rever estrat\u00e9gias no esporte a motor<\/a><\/strong> significa a necessidade de distribuir curr\u00edculo pelo paddock.<\/p>\n\n\n\n<p class=\"wp-block-paragraph\">A boa not\u00edcia para Di Grassi \u00e9 que a \u2018silly season\u2019 da F\u00f3rmula E ainda est\u00e1 em fase incipiente, sem pilotos confirmados para 2021\/22. Ou seja, h\u00e1 oportunidades de sobra para negociar a perman\u00eancia no grid e dar sequ\u00eancia \u00e0 carreira.<\/p>\n\n\n\n<p class=\"wp-block-paragraph\">[twitchtv url=&#8221;https:\/\/www.twitch.tv\/grandepremio\/v\/1057029828&#8243;]<\/p>\n","protected":false},"excerpt":{"rendered":"<p>Lucas Di Grassi est\u00e1 livre no mercado ap\u00f3s a decis\u00e3o da Audi de deixar a F\u00f3rmula E. \u00c0s v\u00e9speras de completar 37 anos, o piloto negocia com equipes e afirma que s\u00f3 leva a carreira adiante se encontrar uma oportunidade de seguir altamente competitivo<\/p>\n","protected":false},"author":0,"featured_media":1000462366,"comment_status":"closed","ping_status":"closed","sticky":false,"template":"","format":"standard","meta":{"42wp_featured_image_caption":"","42wp_featured_image_credits":"","42wp_featured_video":"","42wp_featured_image_hidden":false,"42wp_authors_list":[],"footnotes":""},"categories":[19],"tags":[970,26482,25000,28327,966],"42wp_author":[47118],"class_list":["post-120209","post","type-post","status-publish","format-standard","has-post-thumbnail","hentry","category-formula-e","tag-audi","tag-fe-2021","tag-formula-e-2","tag-formula-e-2022","tag-lucas-di-grassi","42wp_author-vitor-fazio"],"_links":{"self":[{"href":"https:\/\/grandepremio.com\/br\/wp-json\/wp\/v2\/posts\/120209","targetHints":{"allow":["GET"]}}],"collection":[{"href":"https:\/\/grandepremio.com\/br\/wp-json\/wp\/v2\/posts"}],"about":[{"href":"https:\/\/grandepremio.com\/br\/wp-json\/wp\/v2\/types\/post"}],"replies":[{"embeddable":true,"href":"https:\/\/grandepremio.com\/br\/wp-json\/wp\/v2\/comments?post=120209"}],"version-history":[{"count":0,"href":"https:\/\/grandepremio.com\/br\/wp-json\/wp\/v2\/posts\/120209\/revisions"}],"wp:featuredmedia":[{"embeddable":true,"href":"https:\/\/grandepremio.com\/br\/wp-json\/wp\/v2\/media\/1000462366"}],"wp:attachment":[{"href":"https:\/\/grandepremio.com\/br\/wp-json\/wp\/v2\/media?parent=120209"}],"wp:term":[{"taxonomy":"category","embeddable":true,"href":"https:\/\/grandepremio.com\/br\/wp-json\/wp\/v2\/categories?post=120209"},{"taxonomy":"post_tag","embeddable":true,"href":"https:\/\/grandepremio.com\/br\/wp-json\/wp\/v2\/tags?post=120209"},{"taxonomy":"42wp_author","embeddable":true,"href":"https:\/\/grandepremio.com\/br\/wp-json\/wp\/v2\/42wp_author?post=120209"}],"curies":[{"name":"wp","href":"https:\/\/api.w.org\/{rel}","templated":true}]}}