{"id":120218,"date":"2021-06-17T15:35:08","date_gmt":"2021-06-17T18:35:08","guid":{"rendered":"https:\/\/grandepremio.com\/br\/noticias\/sergio-sette-camara-diz-puebla-e-bem-complicado-e-ve-risco-novo-drama-energia\/"},"modified":"2021-06-17T17:58:00","modified_gmt":"2021-06-17T20:58:00","slug":"sergio-sette-camara-diz-puebla-e-bem-complicado-e-ve-risco-novo-drama-energia","status":"publish","type":"post","link":"https:\/\/grandepremio.com\/br\/formula-e\/sergio-sette-camara-diz-puebla-e-bem-complicado-e-ve-risco-novo-drama-energia\/","title":{"rendered":"Sette C\u00e2mara diz que Puebla \u00e9 \u201ccomplicado\u201d e v\u00ea risco de novo drama com energia"},"content":{"rendered":"\n<figure class=\"wp-block-video\"><video class=\"video-js vjs-big-play-centered\" data-gp-vjs=\"1\" controls src=\"https:\/\/www.grandepremio.com\/br\/wp-content\/uploads\/2021\/06\/Verstappen.mp4\"><\/video><figcaption>Max Verstappen perdeu a corrida ganha em Baku ap\u00f3s estouro de pneu (V\u00eddeo: F1)<\/figcaption><\/figure>\n\n\n\n<p class=\"wp-block-paragraph\">A F\u00f3rmula E ainda tem viva na mem\u00f3ria os acontecimentos do primeiro eP de Val\u00eancia, quando todo mundo ficou sem energia na \u00faltima volta. As chances de algo semelhante se repetir s\u00e3o pequenas, mas S\u00e9rgio Sette C\u00e2mara deixa o alerta: n\u00e3o \u00e9 imposs\u00edvel que uma s\u00e9rie de pilotos fique sem bateria no fim dos <strong><a href=\"https:\/\/www.grandepremio.com\/br\/formula-e\/noticias\/formula-e-revela-tracado-ep-de-puebla-confirma-curva-circuito-oval\/\">ePs de Puebla desta semana<\/a><\/strong>.<\/p>\n\n\n\n<p class=\"wp-block-paragraph\">O alerta de Sette C\u00e2mara \u00e9 a respeito da expectativa de alto consumo de energia em Puebla, acima da m\u00e9dia da FE. Apesar de se empolgar com o fim de semana, o piloto da Dragon sente que a aten\u00e7\u00e3o ser\u00e1 redobrada e que uma combina\u00e7\u00e3o de piloto e carro eficientes se tornar\u00e1 altamente valiosa.<\/p>\n\n\n\n<p class=\"wp-block-paragraph\">[twitchtv url=&#8221;https:\/\/www.twitch.tv\/grandepremio\/v\/1049812301&#8243;]<\/p>\n\n\n\n<p class=\"wp-block-paragraph\">\u201cAcho que vou gostar de Puebla, corri nela no simulador\u201d, disse Sette C\u00e2mara, perguntado pelo <strong>GRANDE PR\u00caMIO<\/strong> em entrevista coletiva. \u201cFui na beira da pista e parece que foi recapeada a pouco tempo. Vamos ver. Pelo simulador eu achei interessante\u201d, seguiu.<\/p>\n\n\n\n<p class=\"wp-block-paragraph\">\u201cEu n\u00e3o sei o que vai acontecer, sinceramente. Eu lembro que na F\u00f3rmula 1 [na altitude do M\u00e9xico] a ader\u00eancia \u00e9 muito baixa, mas n\u00e3o acho que isso vai ser um problema na F\u00f3rmula E, n\u00e3o acho que vai afetar tanto. Eu achei bem complicado no simulador, mais complicado que Val\u00eancia\u201d, seguiu.<\/p>\n\n\n\n<figure class=\"wp-block-image size-large\"><img decoding=\"async\" src=\"https:\/\/www.grandepremio.com\/br\/wp-content\/uploads\/2021\/06\/Autodromo_aerea_mail-1024x642.jpg\" alt=\"\" class=\"wp-image-482667\"\/><figcaption>Puebla vai receber a F\u00f3rmula E (Foto: Wikimedia)<\/figcaption><\/figure>\n\n\n\n<p class=\"wp-block-paragraph\"><strong>Conhe\u00e7a o canal do Grande Pr\u00eamio no YouTube! Clique&nbsp;<a rel=\"noreferrer noopener\" href=\"https:\/\/youtube.com\/GrandePremioTV\" target=\"_blank\">aqui<\/a>.<br>Siga o Grande Pr\u00eamio no&nbsp;<a rel=\"noreferrer noopener\" href=\"https:\/\/twitter.com\/grandepremio\" target=\"_blank\">Twitter&nbsp;<\/a>e no&nbsp;<a rel=\"noreferrer noopener\" href=\"https:\/\/instagram.com\/grandepremio\" target=\"_blank\">Instagram<\/a>!<\/strong><\/p>\n\n\n\n<p class=\"wp-block-paragraph\">\u201cEssa pista vai servir para ver se nosso carro \u00e9 mais eficiente [em energia]. Um piloto eficiente, uma equipe eficiente, essas s\u00e3o coisas que v\u00e3o fazer muita diferen\u00e7a. Vai sair l\u00e1 de tr\u00e1s e talvez ganhar mais posi\u00e7\u00f5es do que numa corrida normal. Talvez n\u00e3o seja t\u00e3o extremo quanto em Val\u00eancia, que foi um em um milh\u00e3o, mas tem mais chances de acontecer algo do tipo, ficando sem bateria e precisando fazer uma volta 5s mais lenta\u201d, apontou.<\/p>\n\n\n\n<p class=\"wp-block-paragraph\">Lucas Di Grassi, o outro representante brasileiro no grid da FE, tem temor semelhante. Apesar de n\u00e3o crer necessariamente em um repeteco das cenas de Val\u00eancia, o piloto da Audi sente que os desafios de Puebla v\u00e3o ser diferentes dos de costume no certame el\u00e9trico.<\/p>\n\n\n\n<p class=\"wp-block-paragraph\">\u201cAs pistas permanentes t\u00eam mais disso de economizar energia\u201d, apontou Di Grassi. \u201cMais uma vez, as corridas n\u00e3o s\u00e3o por voltas, s\u00e3o por tempo. O que aconteceu em Val\u00eancia n\u00e3o aconteceu por ser Val\u00eancia, poderia acontecer em qualquer corrida. [&#8230;] Aqui vai ser muito dif\u00edcil administrar a energia, mais que em Val\u00eancia. Tem a quest\u00e3o energ\u00e9tica, os pneus v\u00e3o ter mais temperatura tamb\u00e9m numa pista que tem mais curvas. Voc\u00ea perde efici\u00eancia porque esse pneu n\u00e3o \u00e9 feito para esse tipo de pista. \u00c9 feito para pista de rua e aqui acaba superaquecendo. Vai ser uma corrida bem complicada, bem at\u00edpica. Ningu\u00e9m correu aqui antes e vamos precisar fazer ajustes o mais r\u00e1pido poss\u00edvel\u201d, encerrou.<\/p>\n\n\n\n<p class=\"wp-block-paragraph\">Sette C\u00e2mara e Di Grassi vivem momentos diferentes de suas respectivas carreiras, mas v\u00e3o para Puebla com objetivos semelhantes: dar a volta por cima. S\u00e9rgio tenta acabar com uma sequ\u00eancia de cinco corridas fora dos pontos, enquanto Lucas foca em p\u00f3dios para recuperar terreno no campeonato.<\/p>\n\n\n\n<p class=\"wp-block-paragraph\">Puebla recebe rodada dupla da F\u00f3rmula E. As corridas est\u00e3o marcadas para s\u00e1bado e domingo, respectivamente dias 19 e 20 de junho.<\/p>\n","protected":false},"excerpt":{"rendered":"<p>H\u00e1 risco de a falta generalizada de energia vista em Val\u00eancia se repetir em Puebla? Os brasileiros da F\u00f3rmula E n\u00e3o acham imposs\u00edvel, vendo a pista mexicana como um desafio para baterias<\/p>\n","protected":false},"author":0,"featured_media":1000462136,"comment_status":"closed","ping_status":"closed","sticky":false,"template":"","format":"standard","meta":{"42wp_featured_image_caption":"","42wp_featured_image_credits":"","42wp_featured_video":"","42wp_featured_image_hidden":false,"42wp_authors_list":[],"footnotes":""},"categories":[19],"tags":[25000,25158,966,25527,26648],"42wp_author":[47118],"class_list":["post-120218","post","type-post","status-publish","format-standard","has-post-thumbnail","hentry","category-formula-e","tag-formula-e-2","tag-formula-e-2021","tag-lucas-di-grassi","tag-sergio-sette-camara-2","tag-valencia-2","42wp_author-vitor-fazio"],"_links":{"self":[{"href":"https:\/\/grandepremio.com\/br\/wp-json\/wp\/v2\/posts\/120218","targetHints":{"allow":["GET"]}}],"collection":[{"href":"https:\/\/grandepremio.com\/br\/wp-json\/wp\/v2\/posts"}],"about":[{"href":"https:\/\/grandepremio.com\/br\/wp-json\/wp\/v2\/types\/post"}],"replies":[{"embeddable":true,"href":"https:\/\/grandepremio.com\/br\/wp-json\/wp\/v2\/comments?post=120218"}],"version-history":[{"count":0,"href":"https:\/\/grandepremio.com\/br\/wp-json\/wp\/v2\/posts\/120218\/revisions"}],"wp:featuredmedia":[{"embeddable":true,"href":"https:\/\/grandepremio.com\/br\/wp-json\/wp\/v2\/media\/1000462136"}],"wp:attachment":[{"href":"https:\/\/grandepremio.com\/br\/wp-json\/wp\/v2\/media?parent=120218"}],"wp:term":[{"taxonomy":"category","embeddable":true,"href":"https:\/\/grandepremio.com\/br\/wp-json\/wp\/v2\/categories?post=120218"},{"taxonomy":"post_tag","embeddable":true,"href":"https:\/\/grandepremio.com\/br\/wp-json\/wp\/v2\/tags?post=120218"},{"taxonomy":"42wp_author","embeddable":true,"href":"https:\/\/grandepremio.com\/br\/wp-json\/wp\/v2\/42wp_author?post=120218"}],"curies":[{"name":"wp","href":"https:\/\/api.w.org\/{rel}","templated":true}]}}