{"id":120236,"date":"2021-06-17T09:10:44","date_gmt":"2021-06-17T12:10:44","guid":{"rendered":"https:\/\/grandepremio.com\/br\/noticias\/ceo-nega-preocupacao-futuro-jovens-pilotos-alpine-formula-1\/"},"modified":"2021-06-17T09:10:54","modified_gmt":"2021-06-17T12:10:54","slug":"ceo-nega-preocupacao-futuro-jovens-pilotos-alpine-formula-1","status":"publish","type":"post","link":"https:\/\/grandepremio.com\/br\/f1\/ceo-nega-preocupacao-futuro-jovens-pilotos-alpine-formula-1\/","title":{"rendered":"CEO nega preocupa\u00e7\u00e3o sobre futuro de jovens pilotos da Alpine: \u201cTemos muitas op\u00e7\u00f5es\u201d"},"content":{"rendered":"\n<figure class=\"wp-block-video\"><video class=\"video-js vjs-big-play-centered\" data-gp-vjs=\"1\" controls src=\"https:\/\/www.grandepremio.com\/br\/wp-content\/uploads\/2021\/06\/2021_06_13_Grosjean.mp4\"><\/video><figcaption>Romain Grosjean rodou e atacou de bombeiro em Detroit (V\u00eddeo: Indycar)<\/figcaption><\/figure>\n\n\n\n<p class=\"wp-block-paragraph\">O <a href=\"https:\/\/www.grandepremio.com\/br\/f1\/noticias\/esteban-ocon-renova-alpine-ate-2024-e-mantem-dupla-fernando-alonso-na-f1\/\">an\u00fancio da renova\u00e7\u00e3o de contrato com Esteban Ocon por mais tr\u00eas temporadas fechou uma porta muito almejada<\/a> para jovens que fazem parte da Academia da Alpine, o programa de desenvolvimento da equipe anglo-francesa para a F\u00f3rmula 1. Com Fernando Alonso garantido pelo menos at\u00e9 o fim da pr\u00f3xima temporada, jovens como Guanyu Zhou, Oscar Piastri e Christian Lundgaard, que fazem parte do grid da F\u00f3rmula 2, ter\u00e3o de esperar pelo menos mais um pouco. O brasileiro Caio Collet e o franc\u00eas Victor Martins, que tamb\u00e9m integram a Academia, aceleram na F\u00f3rmula 3 \u2014 e v\u00e3o correr neste fim de semana em Paul Ricard.<\/p>\n\n\n\n<p class=\"wp-block-paragraph\">No fim de semana do GP de M\u00f4naco, <a href=\"https:\/\/www.grandepremio.com\/br\/f1\/noticias\/pilotos-alpine-formula-2-pregam-foco-em-titulo-relativizam-futuro-de-esteban-ocon\/\">os jovens da Alpine na F\u00f3rmula 2 evitaram palavras mais duras sobre a possibilidade<\/a> \u2014 confirmada na \u00faltima quarta-feira \u2014 da n\u00e3o-promo\u00e7\u00e3o ao grid da F\u00f3rmula 1 no ano que vem. Zhou, por exemplo, \u00e9 o l\u00edder do campeonato. Em caso de t\u00edtulo, diz a regra da F2 que um piloto n\u00e3o pode seguir no grid para a temporada seguinte.<\/p>\n\n\n\n<p class=\"wp-block-paragraph\"><strong>LEIA TAMB\u00c9M<\/strong><br><strong><a href=\"https:\/\/www.grandepremio.com\/br\/f1\/noticias\/alpine-garante-futuro-com-ocon-e-se-compromete-com-f1-e-destrava-mercado-de-pilotos\/\">+Alpine acerta futuro com Ocon. E destrava mercado de pilotos<\/a><br><a href=\"https:\/\/www.grandepremio.com\/br\/f1\/noticias\/esteban-ocon-renova-alpine-ate-2024-e-mantem-dupla-fernando-alonso-na-f1\/\">+Ocon renova com Alpine at\u00e9 2024 e mant\u00e9m dupla com Alonso na F1<\/a><\/strong><br><strong><a href=\"https:\/\/www.grandepremio.com\/br\/f1\/noticias\/mercedes-aproxima-definicao-george-russell-sobreaviso-vaga-valtteri-bottas\/\">+<\/a><a href=\"https:\/\/www.grandepremio.com\/br\/equipe\/f1\/2020\/mercedes-amg-motorsport\/\" target=\"_blank\" rel=\"noreferrer noopener\">Mercedes<\/a>\u00a0coloca <a href=\"https:\/\/www.grandepremio.com\/br\/f1\/noticias\/mercedes-aproxima-definicao-george-russell-sobreaviso-vaga-valtteri-bottas\/\">Russell de sobreaviso para vaga de Bottas em 2022<\/a><br><a href=\"https:\/\/www.grandepremio.com\/br\/f1\/noticias\/valtteri-bottas-se-prepara-para-deixar-mercedes-tem-alfa-romeo-opcao-para-2022\/\">+EXCLUSIVO:\u00a0<\/a><a href=\"https:\/\/www.grandepremio.com\/br\/equipe\/f1\/2020\/alfa-romeo-racing\/\" target=\"_blank\" rel=\"noreferrer noopener\">Alfa Romeo<\/a>\u00a0vira <a href=\"https:\/\/www.grandepremio.com\/br\/f1\/noticias\/valtteri-bottas-se-prepara-para-deixar-mercedes-tem-alfa-romeo-opcao-para-2022\/\">op\u00e7\u00e3o para Bottas na temporada 2022<\/a><\/strong><\/p>\n\n\n\n<figure class=\"wp-block-image size-large\"><img decoding=\"async\" src=\"https:\/\/www.grandepremio.com\/br\/wp-content\/uploads\/2020\/05\/Exgl9nZW8AghTsq-scaled.jpg\" alt=\"OSCAR PIASTRI; F\u00d3RMULA 2; PREMA;\" class=\"wp-image-461894\"\/><figcaption>Oscar Piastri \u00e9 um dos pilotos que fazem parte do programa de desenvolvimento da Alpine (Foto: F\u00f3rmula 2)<\/figcaption><\/figure>\n\n\n\n<p class=\"wp-block-paragraph\"><strong>Conhe\u00e7a o canal do Grande Pr\u00eamio no YouTube! Clique\u00a0<a target=\"_blank\" href=\"https:\/\/youtube.com\/GrandePremioTV\" rel=\"noreferrer noopener\">aqui<\/a>.<\/strong><br><strong>Siga o Grande Pr\u00eamio no\u00a0<a target=\"_blank\" href=\"https:\/\/twitter.com\/grandepremio\" rel=\"noreferrer noopener\">Twitter\u00a0<\/a>e no\u00a0<a target=\"_blank\" href=\"https:\/\/instagram.com\/grandepremio\" rel=\"noreferrer noopener\">Instagram<\/a>!<\/strong><\/p>\n\n\n\n<p class=\"wp-block-paragraph\">Laurent Rossi, CEO da Alpine, falou em entrevista ao site holand\u00eas RacingNews365 sobre a situa\u00e7\u00e3o dos seus pilotos. O dirigente citou os jovens da F\u00f3rmula 2 e negou preocupa\u00e7\u00e3o com o futuro dos pupilos. Um dos grandes problemas \u00e9 que a Alpine, diferente da Ferrari ou mesmo da Red Bull, n\u00e3o tem atualmente nenhuma equipe cliente ou parceira para poder alocar um dos seus pilotos num futuro pr\u00f3ximo.<\/p>\n\n\n\n<p class=\"wp-block-paragraph\">\u201cTemos muitos deles batendo \u00e0 porta, como Christian Lundgaard e Guanyu Zhou. Faltam uma ou duas sess\u00f5es de treino livre para ter a superlicen\u00e7a. Oscar Piastri j\u00e1 a tem\u201d, explicou.<\/p>\n\n\n\n<p class=\"wp-block-paragraph\">\u201cSinceramente, temos muitos deles, na verdade. No momento, estamos buscando op\u00e7\u00f5es para todos eles. Se eles continuam mais um pouco, se v\u00e3o para outra equipe ou se eles se tornam parte da nossa equipe como piloto reserva em m\u00e9dio prazo\u201d, complementou.<\/p>\n\n\n\n<p class=\"wp-block-paragraph\">\u201cEstamos analisando todas essas op\u00e7\u00f5es e, na verdade, temos muitas. Ent\u00e3o, como disse, tenho muita sorte sobre isso\u201d, acrescentou Rossi.<\/p>\n\n\n\n<p class=\"wp-block-paragraph\">O executivo acredita que, mesmo que uma vaga na Alpine n\u00e3o esteja dispon\u00edvel, que ao menos os pilotos que fazem parte da F\u00f3rmula 2 v\u00e3o poder fazer parte da F\u00f3rmula 1 de alguma forma.<br>\u201cSe o piloto for bom, voc\u00ea sempre vai encontrar um lugar para ele. V\u00e1rias equipes mostraram interesse nos tr\u00eas pilotos que j\u00e1 mencionei, ent\u00e3o n\u00e3o estou muito preocupado, para ser sincero\u201d, concluiu.<\/p>\n\n\n\n<figure class=\"wp-block-embed is-type-video is-provider-youtube wp-block-embed-youtube wp-embed-aspect-16-9 wp-has-aspect-ratio\"><div class=\"wp-block-embed__wrapper\">\n<iframe loading=\"lazy\" title=\"BOTTAS NA ALFA ROMEO? P\u00daBLICO PODE ESTRANHAR, MAS SERIA VIT\u00d3RIA | GP \u00e0s 10\" width=\"500\" height=\"281\" src=\"https:\/\/www.youtube.com\/embed\/eLZ56KrO7W4?feature=oembed\" frameborder=\"0\" allow=\"accelerometer; autoplay; clipboard-write; encrypted-media; gyroscope; picture-in-picture; web-share\" referrerpolicy=\"strict-origin-when-cross-origin\" allowfullscreen><\/iframe>\n<\/div><\/figure>\n","protected":false},"excerpt":{"rendered":"<p>A Alpine tem tr\u00eas pilotos da F\u00f3rmula 2 no seu programa de desenvolvimento \u2014 Oscar Piastri, Guanyu Zhou e Christian Lundgaard \u2014 e outros dois na F\u00f3rmula 3: Caio Collet e Victor Martins. Mesmo com sua dupla j\u00e1 definida para a pr\u00f3xima temporada na F1, Laurent Rossi, CEO da equipe anglo-francesa, garante n\u00e3o ter preocupa\u00e7\u00e3o sobre o futuro dos seus jovens pilotos<\/p>\n","protected":false},"author":0,"featured_media":1000459056,"comment_status":"closed","ping_status":"closed","sticky":false,"template":"","format":"standard","meta":{"42wp_featured_image_caption":"","42wp_featured_image_credits":"","42wp_featured_video":"","42wp_featured_image_hidden":false,"42wp_authors_list":[],"footnotes":""},"categories":[2],"tags":[20491,448,649,302,147,156,176,24837,607,24836,3746,27073,2916,486],"42wp_author":[47110],"class_list":["post-120236","post","type-post","status-publish","format-standard","has-post-thumbnail","hentry","category-f1","tag-alpine","tag-caio-collet","tag-christian-lundgaard","tag-esteban-ocon","tag-f1","tag-f1-2021","tag-fernando-alonso","tag-formula-1-2","tag-futuro","tag-grande-premio-2","tag-guanyu-zhou","tag-laurent-rossi","tag-oscar-piastri","tag-victor-martins","42wp_author-fernando-silva"],"_links":{"self":[{"href":"https:\/\/grandepremio.com\/br\/wp-json\/wp\/v2\/posts\/120236","targetHints":{"allow":["GET"]}}],"collection":[{"href":"https:\/\/grandepremio.com\/br\/wp-json\/wp\/v2\/posts"}],"about":[{"href":"https:\/\/grandepremio.com\/br\/wp-json\/wp\/v2\/types\/post"}],"replies":[{"embeddable":true,"href":"https:\/\/grandepremio.com\/br\/wp-json\/wp\/v2\/comments?post=120236"}],"version-history":[{"count":0,"href":"https:\/\/grandepremio.com\/br\/wp-json\/wp\/v2\/posts\/120236\/revisions"}],"wp:featuredmedia":[{"embeddable":true,"href":"https:\/\/grandepremio.com\/br\/wp-json\/wp\/v2\/media\/1000459056"}],"wp:attachment":[{"href":"https:\/\/grandepremio.com\/br\/wp-json\/wp\/v2\/media?parent=120236"}],"wp:term":[{"taxonomy":"category","embeddable":true,"href":"https:\/\/grandepremio.com\/br\/wp-json\/wp\/v2\/categories?post=120236"},{"taxonomy":"post_tag","embeddable":true,"href":"https:\/\/grandepremio.com\/br\/wp-json\/wp\/v2\/tags?post=120236"},{"taxonomy":"42wp_author","embeddable":true,"href":"https:\/\/grandepremio.com\/br\/wp-json\/wp\/v2\/42wp_author?post=120236"}],"curies":[{"name":"wp","href":"https:\/\/api.w.org\/{rel}","templated":true}]}}