{"id":120251,"date":"2021-06-16T11:53:12","date_gmt":"2021-06-16T14:53:12","guid":{"rendered":"https:\/\/grandepremio.com\/br\/noticias\/esteban-ocon-renova-alpine-ate-2024-e-mantem-dupla-fernando-alonso-na-f1\/"},"modified":"2021-06-16T12:03:20","modified_gmt":"2021-06-16T15:03:20","slug":"esteban-ocon-renova-alpine-ate-2024-e-mantem-dupla-fernando-alonso-na-f1","status":"publish","type":"post","link":"https:\/\/grandepremio.com\/br\/f1\/esteban-ocon-renova-alpine-ate-2024-e-mantem-dupla-fernando-alonso-na-f1\/","title":{"rendered":"Ocon renova com Alpine at\u00e9 2024 e mant\u00e9m dupla com Alonso na F1"},"content":{"rendered":"\n<figure class=\"wp-block-video\"><video class=\"video-js vjs-big-play-centered\" data-gp-vjs=\"1\" controls src=\"https:\/\/www.grandepremio.com\/br\/wp-content\/uploads\/2021\/06\/2021_06_13_Pato.mp4\"><\/video><figcaption>A ultrapassagem da vit\u00f3ria de Pato O&#8217;Ward (V\u00eddeo: NBCSN)<\/figcaption><\/figure>\n\n\n\n<p class=\"wp-block-paragraph\">Mais uma porta se fechou na \u2018silly season\u2019 da F\u00f3rmula 1. A Alpine anunciou nesta quarta-feira (16) a decis\u00e3o de renovar contrato com Esteban Ocon por mais tr\u00eas temporadas, um acordo de longo prazo que dura at\u00e9 2024.<\/p>\n\n\n\n<p class=\"wp-block-paragraph\">Ocon, assim, mant\u00e9m a dupla com Fernando Alonso. O espanhol tem contrato at\u00e9 o fim de 2022, incluindo uma op\u00e7\u00e3o de renova\u00e7\u00e3o para 2023. Os dois apostam as fichas na mudan\u00e7a de regulamento do pr\u00f3ximo ano, que permite \u00e0 Alpine o sonho de um retorno \u00e0 briga por vit\u00f3rias na F1.<\/p>\n\n\n\n<p class=\"wp-block-paragraph\"><strong>Conhe\u00e7a o canal do Grande Pr\u00eamio no YouTube! Clique\u00a0<a target=\"_blank\" href=\"https:\/\/youtube.com\/GrandePremioTV\" rel=\"noreferrer noopener\">aqui<\/a>.<\/strong><br><strong>Siga o Grande Pr\u00eamio no\u00a0<a target=\"_blank\" href=\"https:\/\/twitter.com\/grandepremio\" rel=\"noreferrer noopener\">Twitter\u00a0<\/a>e no\u00a0<a target=\"_blank\" href=\"https:\/\/instagram.com\/grandepremio\" rel=\"noreferrer noopener\">Instagram<\/a>!<\/strong><\/p>\n\n\n\n<figure class=\"wp-block-image size-large\"><img decoding=\"async\" src=\"https:\/\/www.grandepremio.com\/br\/wp-content\/uploads\/2021\/05\/alpine-afp-estebanocon-02-1024x669.jpg\" alt=\"\" class=\"wp-image-476523\"\/><figcaption>Esteban Ocon segue na Alpine (Foto: Alpine)<\/figcaption><\/figure>\n\n\n\n<p class=\"wp-block-paragraph\">\u201cEu fiquei muito contente por continuar com a equipe por mais este ano e \u00e9 uma sensa\u00e7\u00e3o fant\u00e1stica garantir meu futuro com a Alpine\u201d, disse Ocon. \u201cTemos progredido bem juntos desde que cheguei e pretendo continuar nessa jornada daqui para frente. Temos grandes desafios pela frente, especialmente com o novo regulamento em 2022. Tenho certeza de que podemos atingir nossas metas trabalhando duro juntos e continuando a hist\u00f3ria. Costumo pensar no GP de Sakhir do ano passado em que cheguei ao p\u00f3dio, e isso me motiva a criar outras lembran\u00e7as especiais como essa. Estou realmente ansioso para o pr\u00f3ximo cap\u00edtulo, mas, por enquanto, estamos muito focados nesta temporada e pensando em uma corrida de cada vez\u201d, seguiu.<\/p>\n\n\n\n<p class=\"wp-block-paragraph\">&#8220;Estamos muito orgulhosos de manter Esteban como parte da fam\u00edlia Alpine&#8221;, continuou Laurent Rossi, diretor-executivo da Alpine. &#8220;Desde que ele voltou para a equipe em 2020, Esteban ganhou em confian\u00e7a e estatura para entregar resultados consistentemente bons e ajudar a desenvolver o carro com a equipe. Apesar da pouca idade, ele tem muita experi\u00eancia na F\u00f3rmula 1 e est\u00e1 em uma trajet\u00f3ria positiva tanto em maturidade quanto em habilidade. Ele \u00e9 um grande trunfo para n\u00f3s agora e tamb\u00e9m para o futuro, conforme formos enfrentando os desafios dos novos regulamentos&#8221;, frisou.<\/p>\n\n\n\n<p class=\"wp-block-paragraph\">Ocon \u00e9 apenas o 11\u00b0 piloto confirmado no grid da F1 para 2022. Ainda \u00e9 cedo no mercado de pilotos e vagas de ponta na Mercedes e na Red Bull seguem sem dono.<\/p>\n\n\n\n<p class=\"wp-block-paragraph\">A confirma\u00e7\u00e3o da perman\u00eancia de Ocon na Alpine \u00e9 um indicativo de que a porta na Mercedes foi definitivamente fechada pela prov\u00e1vel decis\u00e3o de Toto Wolff de substituir Valtteri Bottas por George Russell na temporada 2022. O franc\u00eas chegou a ser cogitado para a vaga ao lado de Lewis Hamilton pelos bons desempenhos vistos neste ano e prolongou ao m\u00e1ximo a renova\u00e7\u00e3o com a Alpine na expectativa de uma decis\u00e3o do dirigente. <\/p>\n\n\n\n<p class=\"wp-block-paragraph\"><strong><a href=\"https:\/\/www.grandepremio.com\/br\/f1\/noticias\/valtteri-bottas-se-prepara-para-deixar-mercedes-tem-alfa-romeo-opcao-para-2022\/\">O GRANDE PR\u00caMIO revelou<\/a><\/strong> que Bottas j\u00e1 conversa com a Alfa Romeo para dar sequ\u00eancia \u00e0 carreira na F1. A Sky Italia informou que Wolff j\u00e1 informou a Russell que ser\u00e1 ele o piloto da equipe no ano que vem.<\/p>\n","protected":false},"excerpt":{"rendered":"<p>Esteban Ocon agora tem um contrato de longo prazo com a Alpine. O franc\u00eas, pilotando por Enstone desde 2020, renova por tr\u00eas anos e firma perman\u00eancia pelo menos at\u00e9 2024<\/p>\n","protected":false},"author":0,"featured_media":1000475486,"comment_status":"closed","ping_status":"closed","sticky":false,"template":"","format":"standard","meta":{"42wp_featured_image_caption":"","42wp_featured_image_credits":"","42wp_featured_video":"","42wp_featured_image_hidden":false,"42wp_authors_list":[],"footnotes":""},"categories":[2],"tags":[20491,302,156,176,24999],"42wp_author":[47118],"class_list":["post-120251","post","type-post","status-publish","format-standard","has-post-thumbnail","hentry","category-f1","tag-alpine","tag-esteban-ocon","tag-f1-2021","tag-fernando-alonso","tag-renovacao","42wp_author-vitor-fazio"],"_links":{"self":[{"href":"https:\/\/grandepremio.com\/br\/wp-json\/wp\/v2\/posts\/120251","targetHints":{"allow":["GET"]}}],"collection":[{"href":"https:\/\/grandepremio.com\/br\/wp-json\/wp\/v2\/posts"}],"about":[{"href":"https:\/\/grandepremio.com\/br\/wp-json\/wp\/v2\/types\/post"}],"replies":[{"embeddable":true,"href":"https:\/\/grandepremio.com\/br\/wp-json\/wp\/v2\/comments?post=120251"}],"version-history":[{"count":0,"href":"https:\/\/grandepremio.com\/br\/wp-json\/wp\/v2\/posts\/120251\/revisions"}],"wp:featuredmedia":[{"embeddable":true,"href":"https:\/\/grandepremio.com\/br\/wp-json\/wp\/v2\/media\/1000475486"}],"wp:attachment":[{"href":"https:\/\/grandepremio.com\/br\/wp-json\/wp\/v2\/media?parent=120251"}],"wp:term":[{"taxonomy":"category","embeddable":true,"href":"https:\/\/grandepremio.com\/br\/wp-json\/wp\/v2\/categories?post=120251"},{"taxonomy":"post_tag","embeddable":true,"href":"https:\/\/grandepremio.com\/br\/wp-json\/wp\/v2\/tags?post=120251"},{"taxonomy":"42wp_author","embeddable":true,"href":"https:\/\/grandepremio.com\/br\/wp-json\/wp\/v2\/42wp_author?post=120251"}],"curies":[{"name":"wp","href":"https:\/\/api.w.org\/{rel}","templated":true}]}}