{"id":120297,"date":"2021-06-14T10:34:52","date_gmt":"2021-06-14T13:34:52","guid":{"rendered":"https:\/\/grandepremio.com\/br\/noticias\/formula-e-revela-tracado-ep-de-puebla-confirma-curva-circuito-oval\/"},"modified":"2021-06-14T11:51:17","modified_gmt":"2021-06-14T14:51:17","slug":"formula-e-revela-tracado-ep-de-puebla-confirma-curva-circuito-oval","status":"publish","type":"post","link":"https:\/\/grandepremio.com\/br\/formula-e\/formula-e-revela-tracado-ep-de-puebla-confirma-curva-circuito-oval\/","title":{"rendered":"F\u00f3rmula E revela tra\u00e7ado do eP de Puebla e confirma curva de circuito oval"},"content":{"rendered":"\n<figure class=\"wp-block-video\"><video class=\"video-js vjs-big-play-centered\" data-gp-vjs=\"1\" controls src=\"https:\/\/www.grandepremio.com\/br\/wp-content\/uploads\/2021\/06\/2021_06_13_Pato.mp4\"><\/video><figcaption>A ultrapassagem da vit\u00f3ria de Pato O&#8217;Ward (V\u00eddeo: NBCSN)<\/figcaption><\/figure>\n\n\n\n<p class=\"wp-block-paragraph\">N\u00e3o h\u00e1 mais d\u00favidas: o eP de Puebla ser\u00e1 uma experi\u00eancia \u00fanica na F\u00f3rmula E. A categoria confirmou nesta segunda-feira (14) que a visita ao aut\u00f3dromo mexicano ser\u00e1 em tra\u00e7ado que mant\u00e9m uma das curvas de circuito oval.<\/p>\n\n\n\n<p class=\"wp-block-paragraph\">A vers\u00e3o da F\u00f3rmula E \u00e9 muito parecida com a utilizada pelo WTCC entre 2005 e 2009, mas n\u00e3o \u00e9 id\u00eantica. A mudan\u00e7a est\u00e1 no primeiro setor: a categoria el\u00e9trica abre m\u00e3o de utilizar uma das curvas de oval para ter um tra\u00e7ado mais sinuoso. Em contrapartida, a alta velocidade \u00e9 mantida nas curvas finais, com o trecho inclinado da curva 15 levando \u00e0 reta principal. O trecho tem inclina\u00e7\u00e3o de 8\u00b0, semelhante ao visto em Indian\u00e1polis.<\/p>\n\n\n\n<p class=\"wp-block-paragraph\"><strong>Conhe\u00e7a o canal do Grande Pr\u00eamio no YouTube! Clique&nbsp;<a rel=\"noreferrer noopener\" href=\"https:\/\/youtube.com\/GrandePremioTV\" target=\"_blank\">aqui<\/a>.<br>Siga o Grande Pr\u00eamio no&nbsp;<a rel=\"noreferrer noopener\" href=\"https:\/\/twitter.com\/grandepremio\" target=\"_blank\">Twitter&nbsp;<\/a>e no&nbsp;<a rel=\"noreferrer noopener\" href=\"https:\/\/instagram.com\/grandepremio\" target=\"_blank\">Instagram<\/a>!<\/strong><\/p>\n\n\n\n<figure class=\"wp-block-image size-large\"><img decoding=\"async\" src=\"https:\/\/www.grandepremio.com\/br\/wp-content\/uploads\/2021\/06\/9bromtkxd1571.jpg\" alt=\"\" class=\"wp-image-482668\"\/><figcaption>Puebla vai receber a F\u00f3rmula E com um novo tra\u00e7ado (Foto: Wikimedia)<\/figcaption><\/figure>\n\n\n\n<p class=\"wp-block-paragraph\">Outra novidade fica por conta do modo ataque, que funciona com din\u00e2mica diferente em Puebla. Ao contr\u00e1rio do visto nas corridas anteriores, a pot\u00eancia extra n\u00e3o ser\u00e1 ativada apenas por usar uma tang\u00eancia diferente em uma curva. No caso mexicano, ser\u00e1 necess\u00e1rio ir para outro tra\u00e7ado na curva 8, numa esp\u00e9cie de \u2018joker lap\u2019. A perda de tempo ser\u00e1 maior, apesar de n\u00e3o ser t\u00e3o dram\u00e1tica a ponto de anular o benef\u00edcio da velocidade a mais.<\/p>\n\n\n\n<p class=\"wp-block-paragraph\">A F\u00f3rmula E precisou optar por Puebla em uma <strong><a href=\"https:\/\/www.grandepremio.com\/br\/formula-e\/noticias\/formula-e-muda-endereco-mexico-confirma-calendario-maior-numero-eps\/\">decis\u00e3o de \u00faltima hora<\/a><\/strong>. O Hermanos Rodr\u00edguez, casa tradicional da categoria no M\u00e9xico, foi transformado em hospital de emerg\u00eancia para combater a Covid-19.<\/p>\n\n\n\n<p class=\"wp-block-paragraph\">Esta ser\u00e1 tamb\u00e9m a segunda visita da F\u00f3rmula E a um aut\u00f3dromo permanente na temporada 2021. A categoria esteve em Val\u00eancia, no Ricardo Tormo, para realizar rodada dupla ca\u00f3tica em abril.<\/p>\n\n\n\n<p class=\"wp-block-paragraph\">Os ePs de Puebla ser\u00e3o j\u00e1 nesta semana, com corridas 1 e 2 marcadas respectivamente para os dias 19 e 20 de junho.<\/p>\n","protected":false},"excerpt":{"rendered":"<p>O tra\u00e7ado da F\u00f3rmula E para o eP de Puebla mant\u00e9m uma das curvas de oval, usando tra\u00e7ado semelhante ao usado pelo WTCC anos atr\u00e1s. A pista substitui o Hermanos Rodr\u00edguez<\/p>\n","protected":false},"author":0,"featured_media":1000482667,"comment_status":"closed","ping_status":"closed","sticky":false,"template":"","format":"standard","meta":{"42wp_featured_image_caption":"","42wp_featured_image_credits":"","42wp_featured_video":"","42wp_featured_image_hidden":false,"42wp_authors_list":[],"footnotes":""},"categories":[19],"tags":[28145,26482,25000,24919,25217,3135],"42wp_author":[47118],"class_list":["post-120297","post","type-post","status-publish","format-standard","has-post-thumbnail","hentry","category-formula-e","tag-ep-de-puebla","tag-fe-2021","tag-formula-e-2","tag-hermanos-rodriguez-2","tag-mexico-2","tag-oval","42wp_author-vitor-fazio"],"_links":{"self":[{"href":"https:\/\/grandepremio.com\/br\/wp-json\/wp\/v2\/posts\/120297","targetHints":{"allow":["GET"]}}],"collection":[{"href":"https:\/\/grandepremio.com\/br\/wp-json\/wp\/v2\/posts"}],"about":[{"href":"https:\/\/grandepremio.com\/br\/wp-json\/wp\/v2\/types\/post"}],"replies":[{"embeddable":true,"href":"https:\/\/grandepremio.com\/br\/wp-json\/wp\/v2\/comments?post=120297"}],"version-history":[{"count":0,"href":"https:\/\/grandepremio.com\/br\/wp-json\/wp\/v2\/posts\/120297\/revisions"}],"wp:featuredmedia":[{"embeddable":true,"href":"https:\/\/grandepremio.com\/br\/wp-json\/wp\/v2\/media\/1000482667"}],"wp:attachment":[{"href":"https:\/\/grandepremio.com\/br\/wp-json\/wp\/v2\/media?parent=120297"}],"wp:term":[{"taxonomy":"category","embeddable":true,"href":"https:\/\/grandepremio.com\/br\/wp-json\/wp\/v2\/categories?post=120297"},{"taxonomy":"post_tag","embeddable":true,"href":"https:\/\/grandepremio.com\/br\/wp-json\/wp\/v2\/tags?post=120297"},{"taxonomy":"42wp_author","embeddable":true,"href":"https:\/\/grandepremio.com\/br\/wp-json\/wp\/v2\/42wp_author?post=120297"}],"curies":[{"name":"wp","href":"https:\/\/api.w.org\/{rel}","templated":true}]}}