{"id":120355,"date":"2021-06-12T11:41:56","date_gmt":"2021-06-12T14:41:56","guid":{"rendered":"https:\/\/grandepremio.com\/br\/noticias\/organizacao-do-gp-da-franca-pretende-receber-publico-de-15-mil-espectadores-por-dia\/"},"modified":"2021-06-12T11:42:02","modified_gmt":"2021-06-12T14:42:02","slug":"organizacao-do-gp-da-franca-pretende-receber-publico-de-15-mil-espectadores-por-dia","status":"publish","type":"post","link":"https:\/\/grandepremio.com\/br\/f1\/organizacao-do-gp-da-franca-pretende-receber-publico-de-15-mil-espectadores-por-dia\/","title":{"rendered":"Organiza\u00e7\u00e3o do GP da Fran\u00e7a pretende receber p\u00fablico de 15 mil espectadores por dia"},"content":{"rendered":"\n<figure class=\"wp-block-video\"><video class=\"video-js vjs-big-play-centered\" data-gp-vjs=\"1\" controls src=\"https:\/\/www.grandepremio.com\/br\/wp-content\/uploads\/l-videos\/GpNoticias_2021-06-06_GPAzerbaij\u00e3o_domingo_v2.mp4\"><\/video><figcaption>Acidente do l\u00edder, erro do campe\u00e3o e vit\u00f3ria de P\u00e9rez: os melhores momentos do GP do Azerbaij\u00e3o (GRANDE PR\u00caMIO com Reuters)<\/figcaption><\/figure>\n\n\n\n<p class=\"wp-block-paragraph\">At\u00e9 o momento no calend\u00e1rio da F\u00f3rmula 1, apenas Barcelona e M\u00f4naco tiveram a presen\u00e7a de p\u00fablico, pela quarta e quinta etapas da temporada 2021. Enquanto o circuito espanhol foi limitado a mil pessoas nas arquibancadas, em Monte Carlo, 40% da capacidade foi preenchida, o equivalente a cerca de 7.500 pessoas nas arquibancadas. Agora, para o GP da Fran\u00e7a, pr\u00f3ximo destino da categoria, espera-se um m\u00e1ximo de 15 mil espectadores por dia. <\/p>\n\n\n\n<p class=\"wp-block-paragraph\"><strong>Conhe\u00e7a o canal do Grande Pr\u00eamio no YouTube! Clique&nbsp;<a target=\"_blank\" href=\"https:\/\/youtube.com\/GrandePremioTV\" rel=\"noreferrer noopener\">aqui<\/a>.<\/strong><br><strong>Siga o Grande Pr\u00eamio no&nbsp;<a target=\"_blank\" href=\"https:\/\/twitter.com\/grandepremio\" rel=\"noreferrer noopener\">Twitter&nbsp;<\/a>e no&nbsp;<a target=\"_blank\" href=\"https:\/\/instagram.com\/grandepremio\" rel=\"noreferrer noopener\">Instagram<\/a>!<\/strong><\/p>\n\n\n\n<p class=\"wp-block-paragraph\">Vale lembrar que a participa\u00e7\u00e3o dos f\u00e3s nas etapas deste ano tem variado dependendo do pa\u00eds e de seus respectivos regulamentos no gerenciamento da pandemia da Covid-19. No caso da Fran\u00e7a, a corrida que aconteceria em 2020 no circuito de Paul Ricard, mas acabou cancelada. Em 2021, volta ao calend\u00e1rio devido aos melhores sinais quanto ao cont\u00e1gio. <\/p>\n\n\n\n<p class=\"wp-block-paragraph\">Agora, programado para o domingo de 20 de junho, devido ao afrouxamento das restri\u00e7\u00f5es pelo governo franc\u00eas, que entrou em vigor na \u00faltima quarta-feira (9), os 15 mil espectadores que ter\u00e3o acesso ao local ser\u00e3o divididos em tr\u00eas zonas de cinco mil pessoas.<\/p>\n\n\n\n<figure class=\"wp-block-image size-large\"><img decoding=\"async\" src=\"https:\/\/www.grandepremio.com\/br\/wp-content\/uploads\/2019\/06\/201962111023_Mercedes_LewisHamilton_81_DMa.jpg\" alt=\"\" class=\"wp-image-364984\"\/><figcaption>O GP da Fran\u00e7a j\u00e1 acontece no pr\u00f3ximo fim de semana (Foto: Reprodu\u00e7\u00e3o) <\/figcaption><\/figure>\n\n\n\n<p class=\"wp-block-paragraph\">Os participantes devem apresentar PCR negativo ou teste de ant\u00edgeno obtido at\u00e9 48 horas antes do evento, certificado de vacina\u00e7\u00e3o completa ou certificado de recupera\u00e7\u00e3o.<\/p>\n\n\n\n<p class=\"wp-block-paragraph\">Assim, espera-se, ent\u00e3o, uma maior participa\u00e7\u00e3o nos GPs seguintes, \u00e0 medida que os respectivos governos continuam a aplicar roteiros para sair da pandemia, embora com cuidados, tendo total aten\u00e7\u00e3o com a situa\u00e7\u00e3o ainda presente. <\/p>\n\n\n\n<figure class=\"wp-block-embed is-type-rich is-provider-spotify wp-block-embed-spotify wp-embed-aspect-21-9 wp-has-aspect-ratio\"><div class=\"wp-block-embed__wrapper\">\n<iframe title=\"Spotify Embed: Paddockast #107: O que acontece com a Mercedes?\" style=\"border-radius: 12px\" width=\"100%\" height=\"152\" frameborder=\"0\" allowfullscreen allow=\"autoplay; clipboard-write; encrypted-media; fullscreen; picture-in-picture\" loading=\"lazy\" src=\"https:\/\/open.spotify.com\/embed\/episode\/4sriw2ofHMLUCzWaAOSphN?si=uFK_KrwIQM-IAO7ww-fqWw&amp;dl_branch=1&amp;utm_source=oembed\"><\/iframe>\n<\/div><\/figure>\n\n\n\n<p class=\"wp-block-paragraph\">O governo da \u00c1ustria deve suspender mais restri\u00e7\u00f5es internas em 1\u00ba de julho, entre as etapas da F1 no Red Bull Ring, levando \u00e0 expectativa de que a prova possa acontecer na frente de um grande p\u00fablico.<\/p>\n\n\n\n<p class=\"wp-block-paragraph\">H\u00e1 esperan\u00e7a de que a etapa da Inglaterra, marcada para 18 de julho em Silverstone, possa seguir o exemplo, o governo havia anteriormente definido o dia 21 de junho como uma data em que as restri\u00e7\u00f5es poderiam ser suspensas, embora isso possa ser adiado devido a um aumento nos casos de uma variante.<\/p>\n\n\n\n<p class=\"wp-block-paragraph\">Os eventos na Hungria, B\u00e9lgica e Holanda, tamb\u00e9m devem atrair grandes multid\u00f5es, com o governo holand\u00eas delineando na sexta-feira sua inten\u00e7\u00e3o de reduzir ainda mais as restri\u00e7\u00f5es no final de julho.<\/p>\n\n\n\n<p class=\"wp-block-paragraph\"><strong>LEIA TAMB\u00c9M<br><a href=\"https:\/\/www.grandepremio.com\/br\/f1\/noticias\/alonso-faz-grande-corrida-em-baku-mas-segue-longe-de-reviver-conto-de-fadas-na-f1\/\">+Alonso faz grande corrida em&nbsp;<\/a><a href=\"https:\/\/www.grandepremio.com\/br\/etapa\/f1\/gp-do-azerbaijao-formula-1-2021\/\" target=\"_blank\" rel=\"noreferrer noopener\">Baku<\/a>, mas segue longe de reviver \u2018conto de fadas\u2019 na F1<br><a href=\"https:\/\/www.grandepremio.com\/br\/f1\/noticias\/alfa-romeo-escapa-de-haas-e-williams-e-vive-em-categoria-propria-na-formula-1-2021\/\">+Alfa Romeo escapa de Haas e Williams e vive em categoria pr\u00f3pria na&nbsp;<\/a><a href=\"https:\/\/www.grandepremio.com\/br\/f1\/\" target=\"_blank\" rel=\"noreferrer noopener\">F\u00f3rmula 1<\/a>&nbsp;2021<br><a href=\"https:\/\/www.grandepremio.com\/br\/f1\/noticias\/sergio-perez-cumpre-metas-vitoria-e-adaptacao-red-bull-proximo-passo-novo-contrato\/\">+P\u00e9rez cumpre metas com vit\u00f3ria e adapta\u00e7\u00e3o \u00e0 Red Bull. Pr\u00f3ximo passo \u00e9 novo contrato<\/a><br><a href=\"https:\/\/www.grandepremio.com\/br\/f1\/noticias\/valtteri-bottas-derrete-praca-publica-perde-status-escudeiro-valioso-na-mercedes\/\">+Bottas derrete em pra\u00e7a p\u00fablica e perde status de escudeiro valioso na&nbsp;<\/a><a href=\"https:\/\/www.grandepremio.com\/br\/equipe\/f1\/2020\/mercedes-amg-motorsport\/\" target=\"_blank\" rel=\"noreferrer noopener\">Mercedes<\/a><\/strong><\/p>\n\n\n\n<figure class=\"wp-block-embed is-type-video is-provider-youtube wp-block-embed-youtube wp-embed-aspect-16-9 wp-has-aspect-ratio\"><div class=\"wp-block-embed__wrapper\">\n<iframe loading=\"lazy\" title=\"RESUMO DO GP DO AZERBAIJ\u00c3O DE F1: A CONSAGRA\u00c7\u00c3O DE P\u00c9REZ, VETTEL E GASLY | GP \u00e0s 10\" width=\"500\" height=\"281\" src=\"https:\/\/www.youtube.com\/embed\/vJW8iIaVOck?feature=oembed\" frameborder=\"0\" allow=\"accelerometer; autoplay; clipboard-write; encrypted-media; gyroscope; picture-in-picture; web-share\" referrerpolicy=\"strict-origin-when-cross-origin\" allowfullscreen><\/iframe>\n<\/div><\/figure>\n","protected":false},"excerpt":{"rendered":"<p>\u00c0 medida em que as restri\u00e7\u00f5es relacionadas \u00e0 pandemia continuam a ser revisadas na Europa, o GP da Fran\u00e7a, que j\u00e1 acontece no pr\u00f3ximo fim de semana, pretende receber 15 mil pessoas por dia <\/p>\n","protected":false},"author":0,"featured_media":1000449890,"comment_status":"closed","ping_status":"closed","sticky":false,"template":"","format":"standard","meta":{"42wp_featured_image_caption":"","42wp_featured_image_credits":"","42wp_featured_video":"","42wp_featured_image_hidden":false,"42wp_authors_list":[],"footnotes":""},"categories":[2],"tags":[24837,25536,25050,24836,24830,24967],"42wp_author":[47139],"class_list":["post-120355","post","type-post","status-publish","format-standard","has-post-thumbnail","hentry","category-f1","tag-formula-1-2","tag-formula-1-2021-2","tag-gp-da-franca","tag-grande-premio-2","tag-pandemia","tag-publico","42wp_author-ana-cerveira"],"_links":{"self":[{"href":"https:\/\/grandepremio.com\/br\/wp-json\/wp\/v2\/posts\/120355","targetHints":{"allow":["GET"]}}],"collection":[{"href":"https:\/\/grandepremio.com\/br\/wp-json\/wp\/v2\/posts"}],"about":[{"href":"https:\/\/grandepremio.com\/br\/wp-json\/wp\/v2\/types\/post"}],"replies":[{"embeddable":true,"href":"https:\/\/grandepremio.com\/br\/wp-json\/wp\/v2\/comments?post=120355"}],"version-history":[{"count":0,"href":"https:\/\/grandepremio.com\/br\/wp-json\/wp\/v2\/posts\/120355\/revisions"}],"wp:featuredmedia":[{"embeddable":true,"href":"https:\/\/grandepremio.com\/br\/wp-json\/wp\/v2\/media\/1000449890"}],"wp:attachment":[{"href":"https:\/\/grandepremio.com\/br\/wp-json\/wp\/v2\/media?parent=120355"}],"wp:term":[{"taxonomy":"category","embeddable":true,"href":"https:\/\/grandepremio.com\/br\/wp-json\/wp\/v2\/categories?post=120355"},{"taxonomy":"post_tag","embeddable":true,"href":"https:\/\/grandepremio.com\/br\/wp-json\/wp\/v2\/tags?post=120355"},{"taxonomy":"42wp_author","embeddable":true,"href":"https:\/\/grandepremio.com\/br\/wp-json\/wp\/v2\/42wp_author?post=120355"}],"curies":[{"name":"wp","href":"https:\/\/api.w.org\/{rel}","templated":true}]}}