{"id":120422,"date":"2021-06-09T09:48:20","date_gmt":"2021-06-09T12:48:20","guid":{"rendered":"https:\/\/grandepremio.com\/br\/noticias\/sem-etrophy-formula-e-planeja-novas-categorias-formadoras-mesmo-kart\/"},"modified":"2021-06-09T09:48:25","modified_gmt":"2021-06-09T12:48:25","slug":"sem-etrophy-formula-e-planeja-novas-categorias-formadoras-mesmo-kart","status":"publish","type":"post","link":"https:\/\/grandepremio.com\/br\/formula-e\/sem-etrophy-formula-e-planeja-novas-categorias-formadoras-mesmo-kart\/","title":{"rendered":"Sem eTrophy, F\u00f3rmula E planeja novas categorias formadoras: \u201cAt\u00e9 mesmo no kart\u201d"},"content":{"rendered":"\n<figure class=\"wp-block-video\"><video class=\"video-js vjs-big-play-centered\" data-gp-vjs=\"1\" controls src=\"https:\/\/www.grandepremio.com\/br\/wp-content\/uploads\/l-videos\/GpNoticias_2021-06-06_GPAzerbaij\u00e3o_domingo_v2.mp4\"><\/video><figcaption>Acidente do l\u00edder, erro do campe\u00e3o e vit\u00f3ria de P\u00e9rez: os melhores momentos do GP do Azerbaij\u00e3o (GRANDE PR\u00caMIO com Reuters)<\/figcaption><\/figure>\n\n\n\n<p class=\"wp-block-paragraph\">O fim do Jaguar eTrophy significa que a F\u00f3rmula E n\u00e3o tem mais qualquer evento suporte. O certame virou o \u00fanico a promover o automobilismo el\u00e9trico em n\u00edvel internacional. Isso, entretanto, \u00e9 apenas tempor\u00e1rio: Alberto Longo, um dos fundadores da FE, revelou planos de criar categorias inferiores para formar pilotos.<\/p>\n\n\n\n<p class=\"wp-block-paragraph\">A proposta de Longo \u00e9 semelhante \u00e0 vista na F1 com F2 e F3, ou na Indy com toda a escada do Road to Indy. Como o automobilismo el\u00e9trico ainda \u00e9 algo relativamente recente \u2013 a pr\u00f3pria F\u00f3rmula E realizou sua primeira corrida apenas em 2014 \u2013, ainda n\u00e3o h\u00e1 uma cultura de pilotos crescendo no esporte a motor atrav\u00e9s de carros el\u00e9tricos.<\/p>\n\n\n\n<p class=\"wp-block-paragraph\">\u201cEstamos claramente pensando em ter uma escada inteira at\u00e9 a F\u00f3rmula E\u201d, disse Longo, entrevistado pelo site americano Motorsport.com. \u201cPrecisamos eletrificar a escada inteira, incluindo at\u00e9 mesmo o kart. Temos uma abordagem muito agressiva, com objetivos claros em mente\u201d, seguiu.<\/p>\n\n\n\n<p class=\"wp-block-paragraph\"><strong>Conhe\u00e7a o canal do Grande Pr\u00eamio no YouTube! Clique\u00a0<a target=\"_blank\" href=\"https:\/\/youtube.com\/GrandePremioTV\" rel=\"noreferrer noopener\">aqui<\/a>.<\/strong><br><strong>Siga o Grande Pr\u00eamio no\u00a0<a target=\"_blank\" href=\"https:\/\/twitter.com\/grandepremio\" rel=\"noreferrer noopener\">Twitter\u00a0<\/a>e no\u00a0<a target=\"_blank\" href=\"https:\/\/instagram.com\/grandepremio\" rel=\"noreferrer noopener\">Instagram<\/a>!<\/strong><\/p>\n\n\n\n<figure class=\"wp-block-image size-large\"><img decoding=\"async\" src=\"https:\/\/www.grandepremio.com\/br\/wp-content\/uploads\/2021\/04\/techeetah-antoniofelixdacosta-2-1024x683.jpg\" alt=\"\" class=\"wp-image-462381\"\/><figcaption>Pilotos como Ant\u00f3nio F\u00e9lix da Costa s\u00f3 tiveram contato com automobilismo el\u00e9trico na F\u00f3rmula E (Foto: FIA F\u00f3rmula E)<\/figcaption><\/figure>\n\n\n\n<p class=\"wp-block-paragraph\">\u201c\u00c9 claro tamb\u00e9m que a Covid significou uma parada completa desses planos, e por uma s\u00e9rie de motivos. Mas estamos trabalhando nisso e, tomara, no futuro pr\u00f3ximo sejamos capazes de ter diversos campeonatos diferentes abaixo da F\u00f3rmula E\u201d, destacou.<\/p>\n\n\n\n<p class=\"wp-block-paragraph\">Todos os campe\u00f5es da F\u00f3rmula E at\u00e9 aqui foram pilotos que cresceram com o sonho de correr na F\u00f3rmula 1. Nelsinho Piquet, S\u00e9bastien Buemi, Lucas Di Grassi e Jean-\u00c9ric Vergne chegaram l\u00e1, enquanto Ant\u00f3nio F\u00e9lix da Costa foi no m\u00e1ximo piloto reserva. O quinteto s\u00f3 foi ter a primeira experi\u00eancia com carros el\u00e9tricos j\u00e1 na FE.<\/p>\n\n\n\n<p class=\"wp-block-paragraph\">O Jaguar eTrophy tentou preencher essa lacuna, mas n\u00e3o teve muito sucesso. As duas temporadas da categoria suporte foram marcados por grids esvaziados e de qualidade t\u00e9cnica n\u00e3o muito alta. Mesmo assim, a organiza\u00e7\u00e3o da categoria <strong><a href=\"https:\/\/www.grandepremio.com\/br\/formula-e\/noticias\/jaguar-culpa-pandemia-e-encerra-etrophy-apos-duas-temporadas\/\">encerrou atividades ao fim de 2020 afirmando j\u00e1 ter alcan\u00e7ado seus objetivos<\/a><\/strong>.<\/p>\n","protected":false},"excerpt":{"rendered":"<p>A F1 tem a F2; a Indy tem a Indy Lights. A F\u00f3rmula E, por sua vez, n\u00e3o tem um \u00fanico evento suporte. A gest\u00e3o do certame tenta mudar isso, abrindo um caminho para jovens pilotos<\/p>\n","protected":false},"author":0,"featured_media":1000462538,"comment_status":"closed","ping_status":"closed","sticky":false,"template":"","format":"standard","meta":{"42wp_featured_image_caption":"","42wp_featured_image_credits":"","42wp_featured_video":"","42wp_featured_image_hidden":false,"42wp_authors_list":[],"footnotes":""},"categories":[19],"tags":[2402,26482,25000,2166],"42wp_author":[47118],"class_list":["post-120422","post","type-post","status-publish","format-standard","has-post-thumbnail","hentry","category-formula-e","tag-alberto-longo","tag-fe-2021","tag-formula-e-2","tag-jaguar-etrophy","42wp_author-vitor-fazio"],"_links":{"self":[{"href":"https:\/\/grandepremio.com\/br\/wp-json\/wp\/v2\/posts\/120422","targetHints":{"allow":["GET"]}}],"collection":[{"href":"https:\/\/grandepremio.com\/br\/wp-json\/wp\/v2\/posts"}],"about":[{"href":"https:\/\/grandepremio.com\/br\/wp-json\/wp\/v2\/types\/post"}],"replies":[{"embeddable":true,"href":"https:\/\/grandepremio.com\/br\/wp-json\/wp\/v2\/comments?post=120422"}],"version-history":[{"count":0,"href":"https:\/\/grandepremio.com\/br\/wp-json\/wp\/v2\/posts\/120422\/revisions"}],"wp:featuredmedia":[{"embeddable":true,"href":"https:\/\/grandepremio.com\/br\/wp-json\/wp\/v2\/media\/1000462538"}],"wp:attachment":[{"href":"https:\/\/grandepremio.com\/br\/wp-json\/wp\/v2\/media?parent=120422"}],"wp:term":[{"taxonomy":"category","embeddable":true,"href":"https:\/\/grandepremio.com\/br\/wp-json\/wp\/v2\/categories?post=120422"},{"taxonomy":"post_tag","embeddable":true,"href":"https:\/\/grandepremio.com\/br\/wp-json\/wp\/v2\/tags?post=120422"},{"taxonomy":"42wp_author","embeddable":true,"href":"https:\/\/grandepremio.com\/br\/wp-json\/wp\/v2\/42wp_author?post=120422"}],"curies":[{"name":"wp","href":"https:\/\/api.w.org\/{rel}","templated":true}]}}