{"id":120426,"date":"2021-06-09T07:44:34","date_gmt":"2021-06-09T10:44:34","guid":{"rendered":"https:\/\/grandepremio.com\/br\/noticias\/williams-anuncia-saida-simon-roberts-cargo-chefe-equipe-jost-capito-assume-funcao\/"},"modified":"2021-06-09T07:44:41","modified_gmt":"2021-06-09T10:44:41","slug":"williams-anuncia-saida-simon-roberts-cargo-chefe-equipe-jost-capito-assume-funcao","status":"publish","type":"post","link":"https:\/\/grandepremio.com\/br\/f1\/williams-anuncia-saida-simon-roberts-cargo-chefe-equipe-jost-capito-assume-funcao\/","title":{"rendered":"Williams anuncia sa\u00edda de Roberts do cargo de chefe da equipe. Capito assume fun\u00e7\u00e3o"},"content":{"rendered":"\n<figure class=\"wp-block-video\"><video class=\"video-js vjs-big-play-centered\" data-gp-vjs=\"1\" controls src=\"https:\/\/www.grandepremio.com\/br\/wp-content\/uploads\/l-videos\/GpNoticias_2021-06-06_GPAzerbaij\u00e3o_domingo_v2.mp4\"><\/video><figcaption>Acidente do l\u00edder, erro do campe\u00e3o e vit\u00f3ria de P\u00e9rez: os melhores momentos do GP do Azerbaij\u00e3o (GRANDE PR\u00caMIO com Reuters)<\/figcaption><\/figure>\n\n\n\n<p class=\"wp-block-paragraph\">A Williams anunciou nesta quarta-feira (9) que Simon Roberts n\u00e3o \u00e9 mais o chefe da equipe na F\u00f3rmula 1, nove meses ap\u00f3s sua entrada no cargo. A partir de agora, o CEO Josh Capito vai acumular fun\u00e7\u00f5es e trabalhar na chefia do time de Grove.<\/p>\n\n\n\n<p class=\"wp-block-paragraph\">Depois de ter se juntado ao time em junho do ano passado, na fun\u00e7\u00e3o de diretor de opera\u00e7\u00f5es, Roberts foi <a href=\"https:\/\/www.grandepremio.com\/br\/f1\/noticias\/sob-nova-direcao-williams-promove-simon-roberts-ao-posto-de-chefe-de-equipe-interino\/\">al\u00e7ado ao posto de comandante de forma interina em setembro<\/a> e depois, em dezembro, de forma efetiva. Sua nomea\u00e7\u00e3o como chefe da equipe foi parte da <a href=\"https:\/\/www.grandepremio.com\/br\/f1\/noticias\/williams-confirma-nova-chefia-com-executivos-do-dorilton-capital-e-ex-f3-britanica\/\">reformula\u00e7\u00e3o comandada pela Dorilton Capital<\/a>, que adquiriu a Williams em 2020.<\/p>\n\n\n\n<p class=\"wp-block-paragraph\">&#8220;Foi um prazer assumir esse papel de chefe de equipe ap\u00f3s a sa\u00edda da fam\u00edlia Williams do esporte. Entretanto, com a transi\u00e7\u00e3o indo bem, estou ansioso por um novo desafio e desejo um grande futuro a todos no futuro&#8221;, afirmou Roberts.<\/p>\n\n\n\n<figure class=\"wp-block-image size-large\"><img decoding=\"async\" src=\"https:\/\/www.grandepremio.com\/br\/wp-content\/uploads\/2021\/03\/Ev9X1SPWYAEphvU.jpg\" alt=\"JOST CAPITO; WILLIAMS; F\u00d3RMULA 1; F1 2021;\" class=\"wp-image-454353\"\/><figcaption>Jost Capito assumiu em 2021 como novo CEO da Williams. Agora tamb\u00e9m ser\u00e1 chefe de equipe (Foto: Williams)<\/figcaption><\/figure>\n\n\n\n<p class=\"wp-block-paragraph\"><strong>Conhe\u00e7a o canal do Grande Pr\u00eamio no YouTube! Clique\u00a0<a rel=\"noreferrer noopener\" href=\"https:\/\/youtube.com\/GrandePremioTV\" target=\"_blank\">aqui<\/a>.<br>Siga o Grande Pr\u00eamio no\u00a0<a rel=\"noreferrer noopener\" href=\"https:\/\/twitter.com\/grandepremio\" target=\"_blank\">Twitter\u00a0<\/a>e no\u00a0<a rel=\"noreferrer noopener\" href=\"https:\/\/instagram.com\/grandepremio\" target=\"_blank\">Instagram<\/a>!<\/strong><\/p>\n\n\n\n<p class=\"wp-block-paragraph\">Capito, que \u00e9 o diretor-executivo da Wiliams, \u00e9 quem vai substituir Roberts internamente, enquanto o diretor-t\u00e9cnico Fran\u00e7ois-Xavier Demaison vai ser respons\u00e1vel pela parte de pista e engenharia. De acordo com o comunicado emitido pela Williams, a reestrutura\u00e7\u00e3o vai &#8220;agilizar opera\u00e7\u00f5es de parte dos objetivos da Williams para retornar ao topo do grid&#8221;.<\/p>\n\n\n\n<p class=\"wp-block-paragraph\">&#8220;Simon desempenhou um papel importante em comandar a transi\u00e7\u00e3o nos \u00faltimos meses e eu gostaria de agradec\u00ea-lo por sua grande contribui\u00e7\u00e3o neste tempo&#8221;, afirmou Capito.<\/p>\n\n\n\n<p class=\"wp-block-paragraph\">Com 62 anos, Jost Capito <a href=\"https:\/\/www.grandepremio.com\/br\/f1\/noticias\/williams-nomeia-ex-mclaren-jost-capito-como-novo-diretor-executivo-a-partir-de-fevereiro\/\">j\u00e1 tem larga passagem<\/a> pela F\u00f3rmula 1. Primeiro, come\u00e7ando em 1998, fez parte do comit\u00ea executivo da Sauber quando tinha a parceria com a Red Bull, e na sequ\u00eancia da experi\u00eancia se tornou diretor de automobilismo da Ford, a marca a qual se juntou em 2001 e ficou pelos pr\u00f3ximos 11 anos.<\/p>\n\n\n\n<p class=\"wp-block-paragraph\">Durante seu per\u00edodo na f\u00e1brica, tamb\u00e9m se envolveu com a equipe Jordan por conta da parceria de ambas as partes. Ainda, chegou a cumprir a fun\u00e7\u00e3o de diretor-executivo da McLaren entre 2016 e 2017, tendo sido chamado por Ron Dennis para substituir Jonathan Neale \u2013 chegou a ficar menos de seis meses no papel. O dirigente tamb\u00e9m teve grande papel na fase de sucesso da Volkswagen no Rali, levando a f\u00e1brica a ser tricampe\u00e3 no Mundial.<\/p>\n\n\n\n<p class=\"wp-block-paragraph\">Os primeiros passos de Capito no esporte a motor aconteceram ainda nos anos 1970, quando piloto motos e depois fez parte da equipe de caminh\u00f5es que venceu o Dakar em 1985 sendo co-piloto do pai Karl-Friedrich. No mesmo ano, come\u00e7ou a trabalhar na \u00e1rea de desenvolvimento de desempenho dos motores BMW antes de entra na Porsche em 1989. Entre 1993 e 1996 atuou na divis\u00e3o de esportes a motor da f\u00e1brica alem\u00e3.<\/p>\n","protected":false},"excerpt":{"rendered":"<p>Simon Roberts ficou apenas nove meses como chefe de equipe da Williams. A equipe segue com a reestrutura\u00e7\u00e3o implementada pelo Dorilton Capital e, a partir de agora, vai ter Jost Capito acumulando fun\u00e7\u00f5es de CEO e comandante de pista<\/p>\n","protected":false},"author":0,"featured_media":1000481725,"comment_status":"closed","ping_status":"closed","sticky":false,"template":"","format":"standard","meta":{"42wp_featured_image_caption":"","42wp_featured_image_credits":"","42wp_featured_video":"","42wp_featured_image_hidden":false,"42wp_authors_list":[],"footnotes":""},"categories":[2],"tags":[25982,147,156,24837,25536,14195,215],"42wp_author":[47135],"class_list":["post-120426","post","type-post","status-publish","format-standard","has-post-thumbnail","hentry","category-f1","tag-dorilton-capital","tag-f1","tag-f1-2021","tag-formula-1-2","tag-formula-1-2021-2","tag-jost-capito","tag-williams","42wp_author-pedro-luis-cuenca"],"_links":{"self":[{"href":"https:\/\/grandepremio.com\/br\/wp-json\/wp\/v2\/posts\/120426","targetHints":{"allow":["GET"]}}],"collection":[{"href":"https:\/\/grandepremio.com\/br\/wp-json\/wp\/v2\/posts"}],"about":[{"href":"https:\/\/grandepremio.com\/br\/wp-json\/wp\/v2\/types\/post"}],"replies":[{"embeddable":true,"href":"https:\/\/grandepremio.com\/br\/wp-json\/wp\/v2\/comments?post=120426"}],"version-history":[{"count":0,"href":"https:\/\/grandepremio.com\/br\/wp-json\/wp\/v2\/posts\/120426\/revisions"}],"wp:featuredmedia":[{"embeddable":true,"href":"https:\/\/grandepremio.com\/br\/wp-json\/wp\/v2\/media\/1000481725"}],"wp:attachment":[{"href":"https:\/\/grandepremio.com\/br\/wp-json\/wp\/v2\/media?parent=120426"}],"wp:term":[{"taxonomy":"category","embeddable":true,"href":"https:\/\/grandepremio.com\/br\/wp-json\/wp\/v2\/categories?post=120426"},{"taxonomy":"post_tag","embeddable":true,"href":"https:\/\/grandepremio.com\/br\/wp-json\/wp\/v2\/tags?post=120426"},{"taxonomy":"42wp_author","embeddable":true,"href":"https:\/\/grandepremio.com\/br\/wp-json\/wp\/v2\/42wp_author?post=120426"}],"curies":[{"name":"wp","href":"https:\/\/api.w.org\/{rel}","templated":true}]}}