{"id":120473,"date":"2021-06-07T08:27:22","date_gmt":"2021-06-07T11:27:22","guid":{"rendered":"https:\/\/grandepremio.com\/br\/noticias\/sebastian-vettel-comemora-adaptacao-aston-martin-apos-comeco-dificil-demorou-mais-do-que-gostaria\/"},"modified":"2021-06-07T08:27:29","modified_gmt":"2021-06-07T11:27:29","slug":"sebastian-vettel-comemora-adaptacao-aston-martin-apos-comeco-dificil-demorou-mais-do-que-gostaria","status":"publish","type":"post","link":"https:\/\/grandepremio.com\/br\/f1\/sebastian-vettel-comemora-adaptacao-aston-martin-apos-comeco-dificil-demorou-mais-do-que-gostaria\/","title":{"rendered":"Vettel festeja adapta\u00e7\u00e3o \u00e0 Aston Martin ap\u00f3s in\u00edcio dif\u00edcil: &#8220;Demorou mais do que gostaria&#8221;"},"content":{"rendered":"\n<figure class=\"wp-block-video\"><video class=\"video-js vjs-big-play-centered\" data-gp-vjs=\"1\" controls src=\"https:\/\/www.grandepremio.com\/br\/wp-content\/uploads\/l-videos\/GpNoticias_2021-06-06_GPAzerbaij\u00e3o_domingo_v2.mp4\"><\/video><figcaption>Acidente do l\u00edder, erro do campe\u00e3o e vit\u00f3ria de P\u00e9rez: os melhores momentos do GP do Azerbaij\u00e3o (GRANDE PR\u00caMIO com Reuters)<\/figcaption><\/figure>\n\n\n\n<p class=\"wp-block-paragraph\">Sebastian Vettel, segundo colocado no <a href=\"https:\/\/www.grandepremio.com\/br\/f1\/noticias\/acidente-max-verstappen-muda-gp-do-azerbaijao-sergio-perez-vence-sebastian-vettel-podio\/\">GP do Azerbaij\u00e3o, realizado no \u00faltimo domingo (6)<\/a>, Sebastian Vettel, n\u00e3o escondeu a satisfa\u00e7\u00e3o com a melhora obtida nas \u00faltimas duas corridas do campeonato. Ap\u00f3s conquistar o primeiro p\u00f3dio pela Aston Martin, o tetracampe\u00e3o assumiu que o processo de adapta\u00e7\u00e3o levou mais tempo do que gostaria e lembrou a evolu\u00e7\u00e3o percebida desde o GP de M\u00f4naco, onde foi quinto colocado e marcou seus primeiros pontos pela equipe de Silverstone.<\/p>\n\n\n\n<p class=\"wp-block-paragraph\">Em entrevista coletiva logo ap\u00f3s a corrida, o alem\u00e3o foi al\u00e9m e tratou de lembrar de todo o fim de semana na capital azeri, listou as dificuldades de adapta\u00e7\u00e3o e o s\u00e1bado em que ficou longe do Q3 por apenas 0s029 na classifica\u00e7\u00e3o e como se superou ao longo da corrida com grande ritmo para estar entre os primeiros. Al\u00e9m disso, Seb esteve na hora certa e no lugar certo depois do acidente sofrido por Max Verstappen e do erro cometido por Lewis Hamilton na relargada. Assim, o alem\u00e3o partiu para a conquista de um trof\u00e9u inesperado.<\/p>\n\n\n\n<figure class=\"wp-block-image size-large\"><img decoding=\"async\" src=\"https:\/\/www.grandepremio.com\/br\/wp-content\/uploads\/2021\/06\/E3Nek3hUcAMj0RK-1024x683.jpg\" alt=\"SEBASTIAN VETTEL; VETTEL; ASTON MARTIN; GP DO AZERBAIJ\u00c3O; BAKU;\" class=\"wp-image-481391\"\/><figcaption>Sebastian Vettel conquistou o p\u00f3dio e celebrou a maior adapta\u00e7\u00e3o \u00e0 Aston Martin (Foto: Aston Martin)<\/figcaption><\/figure>\n\n\n\n<p class=\"wp-block-paragraph\"><strong>Conhe\u00e7a o canal do Grande Pr\u00eamio no YouTube! Clique&nbsp;<a target=\"_blank\" href=\"https:\/\/youtube.com\/GrandePremioTV\" rel=\"noreferrer noopener\">aqui<\/a>.<\/strong><br><strong>Siga o Grande Pr\u00eamio no&nbsp;<a target=\"_blank\" href=\"https:\/\/twitter.com\/grandepremio\" rel=\"noreferrer noopener\">Twitter&nbsp;<\/a>e no&nbsp;<a target=\"_blank\" href=\"https:\/\/instagram.com\/grandepremio\" rel=\"noreferrer noopener\">Instagram<\/a>!<\/strong><\/p>\n\n\n\n<p class=\"wp-block-paragraph\">\u201cAcredito que, no n\u00edvel em que estamos, \u00e9 claro que todo mundo tem condi\u00e7\u00f5es de guiar o carro de forma r\u00e1pida, ent\u00e3o detalhes podem fazer uma grande diferen\u00e7a. E, sim, provavelmente levou mais tempo do que eu gostaria no come\u00e7o da temporada para estar no meu auge e adaptado ao carro. Mas, sim, creio que a partir de certo ponto fiquei confiante, e as coisas come\u00e7aram a funcionar. Obviamente, M\u00f4naco foi incr\u00edvel. Tivemos um bom resultado l\u00e1 que ajudou\u201d, analisou.<\/p>\n\n\n\n<p class=\"wp-block-paragraph\">\u201cVoc\u00eas podem argumentar que isso tira um pouco da press\u00e3o, mas creio que, obviamente, as expectativas eram muito altas no come\u00e7o do ano, ent\u00e3o foi muito bom conseguir o resultado, e aqui est\u00e1vamos muito abertos. \u00c9 outro circuito de rua, \u00e9 um local onde creio que voc\u00ea consegue fazer diferen\u00e7a se realmente estiver confiante com o carro. Desde sexta-feira me senti bem e, apesar dos resultados ruins, eu n\u00e3o estava preocupado. Na classifica\u00e7\u00e3o, infelizmente, tive problemas naquela volta e n\u00e3o consegui a posi\u00e7\u00e3o que poder\u00edamos ter conseguido, mas essa foi uma corrida em que nosso ritmo era muito forte se comparado ao ritmo de classifica\u00e7\u00e3o\u201d, seguiu.<\/p>\n\n\n\n<p class=\"wp-block-paragraph\"><strong>LEIA TAMB\u00c9M<\/strong><br><strong><a href=\"https:\/\/www.grandepremio.com\/br\/f1\/noticias\/opiniao-gp-red-bull-ganha-sabendo-que-podia-mais-e-mercedes-se-ve-no-poco-em-baku\/\">+Opini\u00e3o GP:\u00a0<\/a><a href=\"https:\/\/www.grandepremio.com\/br\/equipe\/f1\/2020\/red-bull-racing\/\" target=\"_blank\" rel=\"noreferrer noopener\">Red Bull<\/a>\u00a0<a href=\"https:\/\/www.grandepremio.com\/br\/f1\/noticias\/opiniao-gp-red-bull-ganha-sabendo-que-podia-mais-e-mercedes-se-ve-no-poco-em-baku\/\">ganha sabendo que podia mais e Mercedes se v\u00ea no po\u00e7o em Baku<\/a><\/strong><br><strong><a href=\"https:\/\/www.grandepremio.com\/br\/f1\/noticias\/gp-as-10-perez-tem-jornada-heroica-e-salva-red-bull-do-desastre-no-azerbaijao\/\">+P\u00e9rez tem jornada heroica e salva Red Bull do desastre no GP do Azerbaij\u00e3o<\/a><\/strong><br><strong><a href=\"https:\/\/www.grandepremio.com\/br\/f1\/noticias\/acidentes-erro-do-campeao-e-vitoria-de-perez-os-melhores-momentos-do-gp-do-azerbaijao\/\">+Acidentes, erro do campe\u00e3o e vit\u00f3ria de P\u00e9rez: os melhores momentos do GP do Azerbaij\u00e3o<\/a><\/strong><br><strong><a href=\"https:\/\/www.grandepremio.com\/br\/f1\/noticias\/lewis-hamilton-licao-de-humildade-baku-coloquei-tudo-risco\/\">+Hamilton define corrida como \u201cli\u00e7\u00e3o de humildade\u201d em Baku: \u201cColoquei tudo em risco\u201d<\/a><\/strong><br><strong><a href=\"https:\/\/www.grandepremio.com\/br\/f1\/noticias\/valtteri-bottas-intrigado-baku-os-carros-passaram-a-torto-e-a-direito\/\">+Bottas fica intrigado com falta de ritmo em Baku: \u201cOs carros passaram a torto e a direito\u201d<\/a><\/strong><\/p>\n\n\n\n<p class=\"wp-block-paragraph\">\u201cEm outras corridas, tivemos um ritmo forte na classifica\u00e7\u00e3o e depois sofremos um pouco na corrida. Hoje foi totalmente o contr\u00e1rio, ent\u00e3o fiquei muito surpreso quando me encontrei \u00e0 vontade na corrida perseguindo as AlphaTauri, do Yuki [Tsunoda] no come\u00e7o e me sentindo r\u00e1pido. Me senti confort\u00e1vel em perseguir a Ferrari de Charles [Leclerc] ao colocar press\u00e3o em cima dele, que teve de pressionar o Pierre [Gasly]\u201d, comentou.<\/p>\n\n\n\n<p class=\"wp-block-paragraph\">Por fim, o tetracampe\u00e3o projetou o futuro da equipe na temporada e tra\u00e7ou como meta a continuidade da evolu\u00e7\u00e3o em busca de garantir a Aston Martin na briga recorrente pelos pontos.<\/p>\n\n\n\n<p class=\"wp-block-paragraph\">\u201cMe senti bem confort\u00e1vel no carro durante todo fim de semana, o que n\u00e3o \u00e9 ruim, ent\u00e3o esperamos que possamos \u2014 assim como &#8216;Checo&#8217; [P\u00e9rez] \u2014 manter essa fase para as pr\u00f3ximas etapas. A Fran\u00e7a ser\u00e1 uma pista normal, ent\u00e3o veremos o que vamos conseguir, mas esperamos brigar por pontos de forma mais regular\u201d, concluiu.<\/p>\n\n\n\n<p class=\"wp-block-paragraph\">Com o segundo lugar nas ruas de Baku, Vettel saltou para a nona posi\u00e7\u00e3o do Mundial de Pilotos e chegou aos 28 pontos. Por outro lado, a Aston Martin, que viu Lance Stroll abandonar a corrida ap\u00f3s um estouro de pneu, perdeu a quinta coloca\u00e7\u00e3o no Mundial de Construtores para a AlphaTauri, que com o terceiro lugar de Pierre Gasly e a s\u00e9tima posi\u00e7\u00e3o de Yuki Tsunoda, chegou aos 39 tentos, dois a mais que a equipe brit\u00e2nica.<\/p>\n\n\n\n<figure class=\"wp-block-embed is-type-video is-provider-youtube wp-block-embed-youtube wp-embed-aspect-16-9 wp-has-aspect-ratio\"><div class=\"wp-block-embed__wrapper\">\n<iframe loading=\"lazy\" title=\"P\u00c9REZ VENCE, VERSTAPPEN BATE, HAMILTON ERRA! CAOS DA F1 NO AZERBAIJ\u00c3O | Briefing\" width=\"500\" height=\"281\" src=\"https:\/\/www.youtube.com\/embed\/AXaUL8oBU5U?feature=oembed\" frameborder=\"0\" allow=\"accelerometer; autoplay; clipboard-write; encrypted-media; gyroscope; picture-in-picture; web-share\" referrerpolicy=\"strict-origin-when-cross-origin\" allowfullscreen><\/iframe>\n<\/div><\/figure>\n\n\n\n<p class=\"wp-block-paragraph\"><\/p>\n","protected":false},"excerpt":{"rendered":"<p>Segundo colocado no GP do Azerbaij\u00e3o, Sebastian Vettel admitiu que o processo de adapta\u00e7\u00e3o a Aston Martin n\u00e3o foi conforme o esperado, por\u00e9m projetou continuidade na evolu\u00e7\u00e3o da equipe para o restante do campeonato<\/p>\n","protected":false},"author":0,"featured_media":1000481393,"comment_status":"closed","ping_status":"closed","sticky":false,"template":"","format":"standard","meta":{"42wp_featured_image_caption":"","42wp_featured_image_credits":"","42wp_featured_video":"","42wp_featured_image_hidden":false,"42wp_authors_list":[],"footnotes":""},"categories":[2],"tags":[309,24837,25536,24976,28244,210],"42wp_author":[47138],"class_list":["post-120473","post","type-post","status-publish","format-standard","has-post-thumbnail","hentry","category-f1","tag-aston-martin","tag-formula-1-2","tag-formula-1-2021-2","tag-gp-do-azerbaijao","tag-gp-do-azerbaijao-2021","tag-sebastian-vettel","42wp_author-lucascouto"],"_links":{"self":[{"href":"https:\/\/grandepremio.com\/br\/wp-json\/wp\/v2\/posts\/120473","targetHints":{"allow":["GET"]}}],"collection":[{"href":"https:\/\/grandepremio.com\/br\/wp-json\/wp\/v2\/posts"}],"about":[{"href":"https:\/\/grandepremio.com\/br\/wp-json\/wp\/v2\/types\/post"}],"replies":[{"embeddable":true,"href":"https:\/\/grandepremio.com\/br\/wp-json\/wp\/v2\/comments?post=120473"}],"version-history":[{"count":0,"href":"https:\/\/grandepremio.com\/br\/wp-json\/wp\/v2\/posts\/120473\/revisions"}],"wp:featuredmedia":[{"embeddable":true,"href":"https:\/\/grandepremio.com\/br\/wp-json\/wp\/v2\/media\/1000481393"}],"wp:attachment":[{"href":"https:\/\/grandepremio.com\/br\/wp-json\/wp\/v2\/media?parent=120473"}],"wp:term":[{"taxonomy":"category","embeddable":true,"href":"https:\/\/grandepremio.com\/br\/wp-json\/wp\/v2\/categories?post=120473"},{"taxonomy":"post_tag","embeddable":true,"href":"https:\/\/grandepremio.com\/br\/wp-json\/wp\/v2\/tags?post=120473"},{"taxonomy":"42wp_author","embeddable":true,"href":"https:\/\/grandepremio.com\/br\/wp-json\/wp\/v2\/42wp_author?post=120473"}],"curies":[{"name":"wp","href":"https:\/\/api.w.org\/{rel}","templated":true}]}}