{"id":120521,"date":"2021-06-05T22:00:00","date_gmt":"2021-06-06T01:00:00","guid":{"rendered":"https:\/\/grandepremio.com\/br\/noticias\/gp-as-10-bottas-comeca-gp-do-azerbaijao-da-pior-forma-e-se-complica-na-mercedes\/"},"modified":"2021-06-05T18:28:51","modified_gmt":"2021-06-05T21:28:51","slug":"gp-as-10-bottas-comeca-gp-do-azerbaijao-da-pior-forma-e-se-complica-na-mercedes","status":"publish","type":"post","link":"https:\/\/grandepremio.com\/br\/f1\/gp-as-10-bottas-comeca-gp-do-azerbaijao-da-pior-forma-e-se-complica-na-mercedes\/","title":{"rendered":"GP \u00e0s 10: Bottas come\u00e7a GP do Azerbaij\u00e3o da pior forma e se complica na Mercedes"},"content":{"rendered":"\n<p class=\"wp-block-paragraph\">No GP \u00e0s 10 desta noite de s\u00e1bado (5), Lucas Couto destacou o desempenho de  Valtteri Bottas, que, antes mesmo de disputar o GP do Azerbaij\u00e3o, se complicou para chegar em Baku e, na pista mais uma vez decepcionou com apenas o d\u00e9cimo lugar obtido no<a href=\"https:\/\/www.grandepremio.com\/br\/f1\/noticias\/charles-leclerc-pole-azerbaijao-novo-anticlimax-lewis-hamilton-fecha-primeira-fila\/\"> treino classificat\u00f3rio.<\/a><\/p>\n\n\n\n<p class=\"wp-block-paragraph\">Em meio a crescente rumores de que deixar\u00e1 a Mercedes no fim do ano, quando o contrato com os anglo-alem\u00e3es expira, Bottas n\u00e3o justifica sua perman\u00eancia na equipe e parece abrir caminho para George Russell ou Esteban Ocon, principais postulantes ao cargo.<\/p>\n\n\n\n<p class=\"wp-block-paragraph\"><strong>Conhe\u00e7a o canal do Grande Pr\u00eamio no YouTube! Clique&nbsp;<a target=\"_blank\" href=\"https:\/\/youtube.com\/GrandePremioTV\" rel=\"noreferrer noopener\">aqui<\/a>.<\/strong><br><strong>Siga o Grande Pr\u00eamio no&nbsp;<a target=\"_blank\" href=\"https:\/\/twitter.com\/grandepremio\" rel=\"noreferrer noopener\">Twitter&nbsp;<\/a>e no&nbsp;<a target=\"_blank\" href=\"https:\/\/instagram.com\/grandepremio\" rel=\"noreferrer noopener\">Instagram<\/a>!<\/strong><\/p>\n\n\n\n<figure class=\"wp-block-image size-large\"><img decoding=\"async\" src=\"https:\/\/www.grandepremio.com\/br\/wp-content\/uploads\/2021\/06\/mercedes-valtteribottas-01-1-1024x683.jpg\" alt=\"\" class=\"wp-image-480620\"\/><figcaption>Valtteri Bottas mais uma vez decpecionou. Foi o pior do Q3 e largar\u00e1 na d\u00e9cima posi\u00e7\u00e3o (Foto: Mercedes)<\/figcaption><\/figure>\n\n\n\n<p class=\"wp-block-paragraph\">Com a Mercedes problem\u00e1tica nas ruas de Baku durante o fim de semana, dificilmente Bottas conseguir\u00e1 um bom resultado na corrida, manchando assim um pouco mais a temporada do n\u00f3rdico.<\/p>\n\n\n\n<figure class=\"wp-block-embed is-type-video is-provider-dailymotion wp-block-embed-dailymotion wp-embed-aspect-16-9 wp-has-aspect-ratio\"><div class=\"wp-block-embed__wrapper\">\n<iframe loading=\"lazy\" title=\"BOTTAS J\u00c1 SE ENCAMINHA PARA O ADEUS NA MERCEDES? | GP \u00c0S 10\" frameborder=\"0\" width=\"500\" height=\"281\" src=\"https:\/\/geo.dailymotion.com\/player.html?video=x81rwun&#038;\" allowfullscreen allow=\"autoplay; fullscreen; picture-in-picture; web-share\"><\/iframe>\n<\/div><\/figure>\n","protected":false},"excerpt":{"rendered":"<p>No GP \u00e0s 10 deste s\u00e1bado (5), Lucas Couto analisou o come\u00e7o tortuoso do fim de semana de Valtteri Bottas no GP do Azerbaij\u00e3o e a situa\u00e7\u00e3o do piloto na Mercedes<\/p>\n","protected":false},"author":0,"featured_media":1000469662,"comment_status":"closed","ping_status":"closed","sticky":false,"template":"","format":"standard","meta":{"42wp_featured_image_caption":"","42wp_featured_image_credits":"","42wp_featured_video":"","42wp_featured_image_hidden":false,"42wp_authors_list":[],"footnotes":""},"categories":[2],"tags":[24837,25536,24840,24976,28244,82,150,612],"42wp_author":[47138],"class_list":["post-120521","post","type-post","status-publish","format-standard","has-post-thumbnail","hentry","category-f1","tag-formula-1-2","tag-formula-1-2021-2","tag-gp-as-10-2","tag-gp-do-azerbaijao","tag-gp-do-azerbaijao-2021","tag-mercedes","tag-toto-wolff","tag-valtteri-bottas","42wp_author-lucascouto"],"_links":{"self":[{"href":"https:\/\/grandepremio.com\/br\/wp-json\/wp\/v2\/posts\/120521","targetHints":{"allow":["GET"]}}],"collection":[{"href":"https:\/\/grandepremio.com\/br\/wp-json\/wp\/v2\/posts"}],"about":[{"href":"https:\/\/grandepremio.com\/br\/wp-json\/wp\/v2\/types\/post"}],"replies":[{"embeddable":true,"href":"https:\/\/grandepremio.com\/br\/wp-json\/wp\/v2\/comments?post=120521"}],"version-history":[{"count":0,"href":"https:\/\/grandepremio.com\/br\/wp-json\/wp\/v2\/posts\/120521\/revisions"}],"wp:featuredmedia":[{"embeddable":true,"href":"https:\/\/grandepremio.com\/br\/wp-json\/wp\/v2\/media\/1000469662"}],"wp:attachment":[{"href":"https:\/\/grandepremio.com\/br\/wp-json\/wp\/v2\/media?parent=120521"}],"wp:term":[{"taxonomy":"category","embeddable":true,"href":"https:\/\/grandepremio.com\/br\/wp-json\/wp\/v2\/categories?post=120521"},{"taxonomy":"post_tag","embeddable":true,"href":"https:\/\/grandepremio.com\/br\/wp-json\/wp\/v2\/tags?post=120521"},{"taxonomy":"42wp_author","embeddable":true,"href":"https:\/\/grandepremio.com\/br\/wp-json\/wp\/v2\/42wp_author?post=120521"}],"curies":[{"name":"wp","href":"https:\/\/api.w.org\/{rel}","templated":true}]}}