{"id":12053,"date":"2026-02-15T12:22:11","date_gmt":"2026-02-15T15:22:11","guid":{"rendered":"https:\/\/grandepremio.com\/br\/noticias\/carlos-sainz-afirma-williams-esta-um-passo-atras-ausencia-testes-barcelona\/"},"modified":"2026-02-15T12:23:23","modified_gmt":"2026-02-15T15:23:23","slug":"carlos-sainz-afirma-williams-esta-um-passo-atras-ausencia-testes-barcelona","status":"publish","type":"post","link":"https:\/\/grandepremio.com\/br\/f1\/carlos-sainz-afirma-williams-esta-um-passo-atras-ausencia-testes-barcelona\/","title":{"rendered":"Sainz afirma que Williams &#8220;est\u00e1 um passo atr\u00e1s&#8221; por aus\u00eancia em testes de Barcelona"},"content":{"rendered":"\n<p class=\"wp-block-paragraph\"><strong>Carlos Sainz <\/strong>ficou frustrado com o atraso da <strong>Williams <\/strong>no desenvolvimento do <strong>FW48<\/strong>, que resultou na perda do primeiro teste da <strong>F\u00f3rmula 1<\/strong> 2026, realizado em <strong>Barcelona<\/strong>. Durante a coletiva acompanhada pelo <strong>GRANDE PR\u00caMIO<\/strong> no <strong>Bahrein<\/strong>, o #55 disse que a aus\u00eancia na <strong>Espanha <\/strong>n\u00e3o s\u00f3 deixa a <strong>Williams <\/strong>um passo atr\u00e1s das rivais, como tamb\u00e9m mostra como a estrutura est\u00e1 atrasada em rela\u00e7\u00e3o a elas.<\/p>\n\n\n\n<p class=\"wp-block-paragraph\">A pr\u00e9-temporada sempre tem um peso importante para pilotos e equipes, pois \u00e9 durante os testes que s\u00e3o coletados dados para identificar os pontos fortes e fracos do carro e, a partir da\u00ed, iniciar o plano de evolu\u00e7\u00e3o para o ano. Em 2026, no entanto, esses testes t\u00eam um peso ainda maior, visto que a <strong>F1 <\/strong>passa por uma das maiores transi\u00e7\u00f5es de sua hist\u00f3ria.<\/p>\n\n\n\n<p class=\"wp-block-paragraph\">Em 2026, os carros da <strong>F1 <\/strong>ser\u00e3o menores, mais leves e contar\u00e3o com uma nova aerodin\u00e2mica. As unidades de pot\u00eancia, por sua vez, ser\u00e3o abastecidas com combust\u00edveis sustent\u00e1veis e ter\u00e3o 50% da pot\u00eancia proveniente da parte el\u00e9trica. Al\u00e9m disso, os pilotos ter\u00e3o \u00e0 disposi\u00e7\u00e3o modos de boost, ultrapassagem e recarga. As unidades de pot\u00eancia tamb\u00e9m apresentar\u00e3o tr\u00eas vezes mais energia el\u00e9trica do que as utilizadas at\u00e9 2025, chegando a 350 kW, em vez dos atuais 120 kW.<\/p>\n\n\n\n<p class=\"wp-block-paragraph\">Por isso, \u00e9 extremamente importante acumular o m\u00e1ximo de quilometragem poss\u00edvel para, al\u00e9m de desenvolver atualiza\u00e7\u00f5es para o carro, entender o funcionamento dos novos mecanismos. Sem tempo de pista em <strong>Barcelona<\/strong>, <strong>Sainz <\/strong>admitiu que a <strong>Williams <\/strong>est\u00e1 um passo atr\u00e1s das equipes rivais.<\/p>\n\n\n\n<figure class=\"wp-block-image size-large\"><img decoding=\"async\" src=\"https:\/\/www.grandepremio.com\/br\/wp-content\/uploads\/2026\/02\/testes-pre-temporada-f1-2026-williams-carlos-sainz-01-1200x800.jpg\" alt=\"\" class=\"wp-image-1058112\"\/><figcaption class=\"wp-element-caption\">Carlos Sainz andou com a Williams no Bahrein (Foto: AFP)<\/figcaption><\/figure>\n\n\n\n<p class=\"wp-block-paragraph\">\u201cFoi frustrante. N\u00e3o vou esconder o fato de que adoraria estar em Barcelona para aproveitar aqueles tr\u00eas dias e come\u00e7ar com tudo, mas infelizmente enfrentamos alguns problemas, alguns obst\u00e1culos que n\u00e3o esper\u00e1vamos como equipe. Tivemos de readaptar nosso plano e fazer o melhor que pudemos com o que t\u00ednhamos, para chegarmos ao Bahrein e termos um dia tranquilo. Pelo menos, isso passa a mensagem de que fizemos isso por uma raz\u00e3o e que agora estamos correndo bem, tentando alcan\u00e7ar os outros\u201d, disse <strong>Sainz<\/strong>.<\/p>\n\n\n\n<p class=\"wp-block-paragraph\">\u201cEu n\u00e3o diria que a confian\u00e7a est\u00e1 abalada. Acho que \u00e9 mais uma constata\u00e7\u00e3o de que h\u00e1 v\u00e1rias \u00e1reas em que, mesmo tendo ficado no p\u00f3dio no ano passado, em quinto lugar na luta pelo Mundial de Construtores, estamos um passo atr\u00e1s e n\u00e3o estamos no n\u00edvel que queremos em termos de compara\u00e7\u00e3o com as equipes e a forma como eles executam os testes de inverno, os preparativos e as mudan\u00e7as no regulamento. Sabemos que h\u00e1 uma margem enorme para melhorias em muitas \u00e1reas. Quando vim para a Williams, sabia que seria assim e estou aqui para tentar ajudar em todas as \u00e1reas\u201d, finalizou <strong>Sainz<\/strong>.<\/p>\n\n\n\n<p class=\"wp-block-paragraph\">A&nbsp;<strong>F\u00f3rmula 1&nbsp;<\/strong>volta de&nbsp;<strong>18 a 20 de fevereiro<\/strong>, tamb\u00e9m no&nbsp;<strong>Bahrein<\/strong>, com a segunda e \u00faltima bateria de testes coletivos da&nbsp;<strong>pr\u00e9-temporada 2026<\/strong>. Depois, segue para a&nbsp;<strong>Austr\u00e1lia<\/strong>, palco da abertura do campeonato, em 8 de mar\u00e7o.<\/p>\n\n\n\n<p class=\"wp-block-paragraph\">\u25b6\ufe0f&nbsp;<strong>Inscreva-se nos dois canais do GRANDE PR\u00caMIO no YouTube:&nbsp;<a href=\"https:\/\/www.youtube.com\/channel\/UC9OlHEgxoaY6QY6nWPoiqQg?sub_confirmation=1\" target=\"_blank\" rel=\"noreferrer noopener\">GP<\/a>&nbsp;|&nbsp;<a href=\"https:\/\/www.youtube.com\/channel\/UC9csiS6q_C3C0FYhyr1rnFA?sub_confirmation=1\" target=\"_blank\" rel=\"noreferrer noopener\">GPTV<\/a><\/strong><\/p>\n\n\n\n<h2 class=\"wp-block-heading\" id=\"h-f1-hoje-saiba-aqui-as-noticias-mais-importantes-do-dia-da-formula-1\"><strong>F1 hoje: saiba aqui as not\u00edcias mais importantes do dia da F\u00f3rmula 1<\/strong><\/h2>\n\n\n\n<p class=\"wp-block-paragraph\">\u25b6\ufe0f&nbsp;<strong><a href=\"https:\/\/www.grandepremio.com\/br\/f1\/noticias\/por-que-red-bull-foi-eleita-referencia-rivais-1a-semana-testes-f1-bahrein\/\">Por que Red Bull foi eleita \u201crefer\u00eancia\u201d por rivais na 1\u00aa semana de testes da F1 no Bahrein<\/a><br><\/strong>\u25b6\ufe0f&nbsp;<strong><a href=\"https:\/\/www.grandepremio.com\/br\/f1\/noticias\/nao-estamos-preocupados-aston-martin-detalha-plano-recuperacao-f1-2026\/\">\u201cN\u00e3o estamos preocupados\u201d: Aston Martin detalha plano de recupera\u00e7\u00e3o na F1 2026<\/a><br><\/strong>\u25b6\ufe0f&nbsp;<strong><a href=\"https:\/\/www.grandepremio.com\/br\/f1\/noticias\/charles-leclerc-exalta-confiabilidade-ferrari-ve-red-bull-mercedes-um-pouco-a-frente\/\">Leclerc exalta confiabilidade da Ferrari, mas v\u00ea Red Bull e Mercedes \u201cum pouco \u00e0 frente\u201d<\/a><\/strong><\/p>\n\n\n\n<figure class=\"wp-block-embed is-type-video is-provider-youtube wp-block-embed-youtube wp-embed-aspect-4-3 wp-has-aspect-ratio\"><div class=\"wp-block-embed__wrapper\">\n<iframe loading=\"lazy\" title=\"GPTV AO VIVO 24H: corridas de WEC, F\u00f3rmula E, IMSA SportsCar e programas de F1, MotoGP e Indy\" width=\"500\" height=\"375\" src=\"https:\/\/www.youtube.com\/embed\/lMA3RGUioh4?feature=oembed\" frameborder=\"0\" allow=\"accelerometer; autoplay; clipboard-write; encrypted-media; gyroscope; picture-in-picture; web-share\" referrerpolicy=\"strict-origin-when-cross-origin\" allowfullscreen><\/iframe>\n<\/div><\/figure>\n","protected":false},"excerpt":{"rendered":"<p>Embora frustrado com o atraso, Carlos Sainz refor\u00e7ou que sempre soube das limita\u00e7\u00f5es da Williams e disse que est\u00e1 comprometido a ajudar a equipe a evoluir<\/p>\n","protected":false},"author":0,"featured_media":1001057301,"comment_status":"closed","ping_status":"closed","sticky":false,"template":"","format":"standard","meta":{"42wp_featured_image_caption":"","42wp_featured_image_credits":"","42wp_featured_video":"","42wp_featured_image_hidden":false,"42wp_authors_list":[],"footnotes":""},"categories":[2],"tags":[654,546,45585,1491,28285,4149,30650,27452,31071,7672,6303,215,25011,45757],"42wp_author":[47149,47165],"class_list":["post-12053","post","type-post","status-publish","format-standard","has-post-thumbnail","hentry","category-f1","tag-alexander-albon","tag-carlos-sainz","tag-fw48","tag-grande-premio","tag-grandepremio","tag-james-vowles","tag-novos-carros-f1","tag-pre-temporada-f1","tag-pre-temporada-formula-1","tag-sainz","tag-testes-f1-barcelona","tag-williams","tag-williams-f1","tag-williams-fw48","42wp_author-bernardo-castro","42wp_author-leonid-kluiev"],"_links":{"self":[{"href":"https:\/\/grandepremio.com\/br\/wp-json\/wp\/v2\/posts\/12053","targetHints":{"allow":["GET"]}}],"collection":[{"href":"https:\/\/grandepremio.com\/br\/wp-json\/wp\/v2\/posts"}],"about":[{"href":"https:\/\/grandepremio.com\/br\/wp-json\/wp\/v2\/types\/post"}],"replies":[{"embeddable":true,"href":"https:\/\/grandepremio.com\/br\/wp-json\/wp\/v2\/comments?post=12053"}],"version-history":[{"count":0,"href":"https:\/\/grandepremio.com\/br\/wp-json\/wp\/v2\/posts\/12053\/revisions"}],"wp:featuredmedia":[{"embeddable":true,"href":"https:\/\/grandepremio.com\/br\/wp-json\/wp\/v2\/media\/1001057301"}],"wp:attachment":[{"href":"https:\/\/grandepremio.com\/br\/wp-json\/wp\/v2\/media?parent=12053"}],"wp:term":[{"taxonomy":"category","embeddable":true,"href":"https:\/\/grandepremio.com\/br\/wp-json\/wp\/v2\/categories?post=12053"},{"taxonomy":"post_tag","embeddable":true,"href":"https:\/\/grandepremio.com\/br\/wp-json\/wp\/v2\/tags?post=12053"},{"taxonomy":"42wp_author","embeddable":true,"href":"https:\/\/grandepremio.com\/br\/wp-json\/wp\/v2\/42wp_author?post=12053"}],"curies":[{"name":"wp","href":"https:\/\/api.w.org\/{rel}","templated":true}]}}