{"id":120621,"date":"2021-06-03T11:00:00","date_gmt":"2021-06-03T14:00:00","guid":{"rendered":"https:\/\/grandepremio.com\/br\/noticias\/as-corridas-do-fim-de-semana-na-tv-e-no-streaming-4-a-6-de-junho\/"},"modified":"2021-06-03T05:25:06","modified_gmt":"2021-06-03T08:25:06","slug":"as-corridas-do-fim-de-semana-na-tv-e-no-streaming-4-a-6-de-junho","status":"publish","type":"post","link":"https:\/\/grandepremio.com\/br\/programacao-tv\/as-corridas-do-fim-de-semana-na-tv-e-no-streaming-4-a-6-de-junho\/","title":{"rendered":"As corridas do fim de semana na TV e no streaming: 4 a 6 de junho"},"content":{"rendered":"\n<figure class=\"wp-block-video\"><video class=\"video-js vjs-big-play-centered\" data-gp-vjs=\"1\" controls src=\"https:\/\/www.grandepremio.com\/br\/wp-content\/uploads\/2021\/05\/2021_05_30_Castroneves_Palou.mp4\"><\/video><figcaption>Castroneves passou Palou para vencer a Indy 500 (V\u00eddeo: NBC)<\/figcaption><\/figure>\n\n\n\n<p class=\"wp-block-paragraph\"><strong>Sexta-feira, 4 de junho<\/strong><\/p>\n\n\n\n<figure class=\"wp-block-table\"><table><tbody><tr><td>CATEGORIA<\/td><td>ETAPA<\/td><td>ATIVIDADE<\/td><td>HORA<\/td><td>EMISSORA<\/td><\/tr><tr><td>F\u00f3rmula 1<\/td><td>GP do Azerbaij\u00e3o<\/td><td>Treino livre 1<\/td><td>05:30<\/td><td>BandSports\/F1 TV Pro<\/td><\/tr><tr><td>F\u00f3rmula 2<\/td><td>Azerbaij\u00e3o<\/td><td>Classifica\u00e7\u00e3o<\/td><td>07:25<\/td><td>BandSports\/F1 TV Pro<\/td><\/tr><tr><td>Moto3<\/td><td>GP da Catalunha<\/td><td>Treino livre 2<\/td><td>08:15<\/td><td>Fox Sports<\/td><\/tr><tr><td>F\u00f3rmula 1<\/td><td>GP do Azerbaij\u00e3o<\/td><td>Treino livre 2<\/td><td>09:00<\/td><td>BandSports\/F1 TV Pro<\/td><\/tr><tr><td>MotoGP<\/td><td>GP da Catalunha<\/td><td>Treino livre 2<\/td><td>09:10<\/td><td>Fox Sports<\/td><\/tr><tr><td>Moto2<\/td><td>GP da Catalunha<\/td><td>Treino livre 2<\/td><td>10:10<\/td><td>Fox Sports<\/td><\/tr><tr><td>MotoE<\/td><td>GP da Catalunha<\/td><td>Treino livre 2<\/td><td>11:05<\/td><td>Fox Sports<\/td><\/tr><\/tbody><\/table><\/figure>\n\n\n\n<p class=\"wp-block-paragraph\"><strong>S\u00e1bado, 5 de junho<\/strong><\/p>\n\n\n\n<figure class=\"wp-block-table\"><table><tbody><tr><td>CATEGORIA<\/td><td>ETAPA<\/td><td>ATIVIDADE<\/td><td>HORA<\/td><td>EMISSORA<\/td><\/tr><tr><td>F\u00f3rmula 2<\/td><td>Azerbaij\u00e3o<\/td><td>Corrida 1<\/td><td>04:20<\/td><td>BandSports\/F1 TV Pro<\/td><\/tr><tr><td>F\u00f3rmula 1<\/td><td>GP do Azerbaij\u00e3o<\/td><td>Treino livre 3<\/td><td>06:00<\/td><td>BandSports\/F1 TV Pro<\/td><\/tr><tr><td>Moto3<\/td><td>GP da Catalunha<\/td><td>Classifica\u00e7\u00e3o<\/td><td>07:35<\/td><td>FOX Sports<\/td><\/tr><tr><td>MotoGP<\/td><td>GP da Catalunha<\/td><td>Treino livre 4<\/td><td>08:30<\/td><td>FOX Sports<\/td><\/tr><tr><td>F\u00f3rmula 1<\/td><td>GP do Azerbaij\u00e3o<\/td><td>Classifica\u00e7\u00e3o<\/td><td>09:00<\/td><td>Band\/BandSports\/F1 TV Pro<\/td><\/tr><tr><td>MotoGP<\/td><td>GP da Catalunha<\/td><td>Classifica\u00e7\u00e3o<\/td><td>09:10<\/td><td>FOX Sports<\/td><\/tr><tr><td>Moto2<\/td><td>GP da Catalunha<\/td><td>Classifica\u00e7\u00e3o<\/td><td>10:10<\/td><td>FOX Sports<\/td><\/tr><tr><td>F\u00f3rmula 2<\/td><td>Azerbaij\u00e3o<\/td><td>Corrida 2<\/td><td>10:35<\/td><td>BandSports\/F1 TV Pro<\/td><\/tr><tr><td>MotoE<\/td><td>GP da Catalunha<\/td><td>Corrida 1<\/td><td>11:10<\/td><td>FOX Sports<\/td><\/tr><tr><td>Endurance Brasil<\/td><td>4 Horas de Curitiba<\/td><td>Corrida<\/td><td>11:30<\/td><td>Band\/YouTube Endurance Brasil<\/td><\/tr><tr><td>Xfinity<\/td><td>Mid-Ohio<\/td><td>Corrida<\/td><td>14:00<\/td><td>FOX Sports<\/td><\/tr><\/tbody><\/table><\/figure>\n\n\n\n<p class=\"wp-block-paragraph\" id=\"block-c6fa39c8-6f6d-4bf6-b147-24ecb891ef8b\"><strong>Domingo, 6 de junho<\/strong><\/p>\n\n\n\n<figure class=\"wp-block-table\"><table><tbody><tr><td>CATEGORIA<\/td><td>ETAPA<\/td><td>ATIVIDADE<\/td><td>HORA<\/td><td>EMISSORA<\/td><\/tr><tr><td>F\u00f3rmula 2<\/td><td>Azerbaij\u00e3o<\/td><td>Corrida 3<\/td><td>05:40<\/td><td>BandSports\/F1 TV Pro<\/td><\/tr><tr><td>Moto3<\/td><td>GP da Catalunha<\/td><td>Corrida<\/td><td>06:00<\/td><td>FOX Sports<\/td><\/tr><tr><td>MotoGP<\/td><td>GP da Catalunha<\/td><td>Corrida<\/td><td>08:00<\/td><td>FOX Sports<\/td><\/tr><tr><td>F\u00f3rmula 1<\/td><td>GP do Azerbaij\u00e3o<\/td><td>Corrida<\/td><td>09:00<\/td><td>Band\/F1 TV Pro<\/td><\/tr><tr><td>Moto2<\/td><td>GP da Catalunha<\/td><td>Corrida<\/td><td>09:30<\/td><td>FOX Sports<\/td><\/tr><tr><td>MotoE<\/td><td>GP da Catalunha<\/td><td>Corrida 2<\/td><td>11:00<\/td><td>FOX Sports<\/td><\/tr><tr><td>Nascar<\/td><td>Sonoma<\/td><td>Corrida<\/td><td>17:00<\/td><td>FOX Sports<\/td><\/tr><\/tbody><\/table><\/figure>\n\n\n\n<h3 class=\"wp-block-heading\"><strong>Programa\u00e7\u00e3o do GRANDE PR\u00caMIO<\/strong><\/h3>\n\n\n\n\n\n<figure class=\"wp-block-table\"><table><tbody><tr><td>PROGRAMA<\/td><td>ETAPA<\/td><td>ATIVIDADE<\/td><td>HORA<\/td><td>TRANSMISS\u00c3O<\/td><\/tr><tr><td>Briefing (SAB)<\/td><td>GP do Azerbaij\u00e3o<\/td><td>P\u00f3s-classifica\u00e7\u00e3o<\/td><td>10:00<\/td><td><a href=\"http:\/\/bit.ly\/GPCanal\">GPTV (YouTube)<\/a><\/td><\/tr><tr><td>Briefing (DOM)<\/td><td>GP do Azerbaij\u00e3o<\/td><td>Pr\u00e9-corrida<\/td><td>08:00<\/td><td><a href=\"http:\/\/bit.ly\/GPCanal\">GPTV (YouTube)<\/a><\/td><\/tr><tr><td>Briefing (DOM)<\/td><td>GP do Azerbaij\u00e3o<\/td><td>P\u00f3s-corrida<\/td><td>Ap\u00f3s a chegada<\/td><td><a href=\"http:\/\/bit.ly\/GPCanal\">GPTV (YouTube)<\/a><\/td><\/tr><\/tbody><\/table><\/figure>\n","protected":false},"excerpt":{"rendered":"<p>A F\u00f3rmula 1 vai ao Azerbaij\u00e3o neste fim de semana e leva consigo a F\u00f3rmula 2. Enquanto isso, a MotoGP deixa a It\u00e1lia e viaja para a Espanha, na disputa do GP da Catalunha. A Nascar Xfinity visita Mid-Ohio, enquanto a Cup vai a Sonoma. Confira a programa\u00e7\u00e3o do esporte a motor<\/p>\n","protected":false},"author":0,"featured_media":1000472815,"comment_status":"closed","ping_status":"closed","sticky":false,"template":"","format":"standard","meta":{"42wp_featured_image_caption":"","42wp_featured_image_credits":"","42wp_featured_video":"","42wp_featured_image_hidden":false,"42wp_authors_list":[],"footnotes":""},"categories":[38],"tags":[4371,304,147,156,24837,4688,24976,25081,4166,79,78,490,411],"42wp_author":[47115],"class_list":["post-120621","post","type-post","status-publish","format-standard","has-post-thumbnail","hentry","category-programacao-tv","tag-baku","tag-barcelona","tag-f1","tag-f1-2021","tag-formula-1-2","tag-gp-da-catalunha","tag-gp-do-azerbaijao","tag-horarios-da-f1-2","tag-mid-ohio","tag-moto-gp","tag-motogp","tag-motogp-2021","tag-nascar","42wp_author-evelyn-guimaraes"],"_links":{"self":[{"href":"https:\/\/grandepremio.com\/br\/wp-json\/wp\/v2\/posts\/120621","targetHints":{"allow":["GET"]}}],"collection":[{"href":"https:\/\/grandepremio.com\/br\/wp-json\/wp\/v2\/posts"}],"about":[{"href":"https:\/\/grandepremio.com\/br\/wp-json\/wp\/v2\/types\/post"}],"replies":[{"embeddable":true,"href":"https:\/\/grandepremio.com\/br\/wp-json\/wp\/v2\/comments?post=120621"}],"version-history":[{"count":0,"href":"https:\/\/grandepremio.com\/br\/wp-json\/wp\/v2\/posts\/120621\/revisions"}],"wp:featuredmedia":[{"embeddable":true,"href":"https:\/\/grandepremio.com\/br\/wp-json\/wp\/v2\/media\/1000472815"}],"wp:attachment":[{"href":"https:\/\/grandepremio.com\/br\/wp-json\/wp\/v2\/media?parent=120621"}],"wp:term":[{"taxonomy":"category","embeddable":true,"href":"https:\/\/grandepremio.com\/br\/wp-json\/wp\/v2\/categories?post=120621"},{"taxonomy":"post_tag","embeddable":true,"href":"https:\/\/grandepremio.com\/br\/wp-json\/wp\/v2\/tags?post=120621"},{"taxonomy":"42wp_author","embeddable":true,"href":"https:\/\/grandepremio.com\/br\/wp-json\/wp\/v2\/42wp_author?post=120621"}],"curies":[{"name":"wp","href":"https:\/\/api.w.org\/{rel}","templated":true}]}}