{"id":120712,"date":"2021-05-31T07:33:07","date_gmt":"2021-05-31T10:33:07","guid":{"rendered":"https:\/\/grandepremio.com\/br\/noticias\/stephane-peterhansel-carlos-sainz-mattias-ekstrom-audi-time-dos-sonhos-dakar\/"},"modified":"2021-05-31T07:33:14","modified_gmt":"2021-05-31T10:33:14","slug":"stephane-peterhansel-carlos-sainz-mattias-ekstrom-audi-time-dos-sonhos-dakar","status":"publish","type":"post","link":"https:\/\/grandepremio.com\/br\/rally\/stephane-peterhansel-carlos-sainz-mattias-ekstrom-audi-time-dos-sonhos-dakar\/","title":{"rendered":"Com Peterhansel, Sainz e Ekstr\u00f6m, Audi monta \u2018time dos sonhos\u2019 para Dakar em 2022"},"content":{"rendered":"\n<figure class=\"wp-block-video\"><video class=\"video-js vjs-big-play-centered\" data-gp-vjs=\"1\" controls src=\"https:\/\/www.grandepremio.com\/br\/wp-content\/uploads\/2021\/05\/2021_05_30_Castroneves_Palou.mp4\"><\/video><figcaption>Castroneves passou Palou para vencer a Indy 500 (V\u00eddeo: NBC)<\/figcaption><\/figure>\n\n\n\n<p class=\"wp-block-paragraph\">A Audi Sport montou uma grande equipe para o in\u00edcio de um novo e <a href=\"https:\/\/www.grandepremio.com\/br\/formula-e\/noticias\/audi-anuncia-fim-de-projeto-oficial-na-formula-e-e-entrada-no-dakar-em-2022\/\">ambicioso projeto no Dakar com prot\u00f3tipos impulsionados por trens de for\u00e7a totalmente el\u00e9tricos e que vai acelerar nos primeiros dias de 2022, na Ar\u00e1bia Saudita<\/a>. Nesta manh\u00e3 de segunda-feira (31), a marca de Ingolstadt anunciou suas tr\u00eas duplas para a odisseia no deserto nesta nova empreitada com nomes de enorme sucesso no automobilismo.<\/p>\n\n\n\n<p class=\"wp-block-paragraph\">Aos 55 anos, St\u00e9phane Peterhansel, o \u2018Mr. Dakar\u2019 e campe\u00e3o nada menos que 14 vezes da prova (seis de moto e outras oito de carros), vai competir ao lado do navegador, tamb\u00e9m franc\u00eas, Edouard Boulanger. O veterano representou a Mini nos tr\u00eas \u00faltimos anos, assim como Carlos Sainz, \u2018El Matador\u2019, que ser\u00e1 seu companheiro de equipe na Audi. Bicampe\u00e3o mundial de rali e campe\u00e3o do Dakar em 2010, 2018 e 2020, Sainz, de 59 anos, ter\u00e1 ao seu lado o insepar\u00e1vel navegador Lucas Cruz.<\/p>\n\n\n\n<p class=\"wp-block-paragraph\">O \u2018dream team\u2019 da Audi no Dakar ser\u00e1 completado por Mattias Ekstr\u00f6m, sueco de 42 anos que foi bicampe\u00e3o do DTM com a marca das quatro argolas (2004 e 2007), campe\u00e3o mundial de ralicross e atualmente em a\u00e7\u00e3o na Extreme E com a equipe Cupra Abt, o experiente piloto vai ao lado do compatriota Emil Bergkvist, de 26 anos.<\/p>\n\n\n\n<p class=\"wp-block-paragraph\"><strong>Conhe\u00e7a o canal do Grande Pr\u00eamio no YouTube! Clique\u00a0<a target=\"_blank\" href=\"https:\/\/youtube.com\/GrandePremioTV\" rel=\"noreferrer noopener\">aqui<\/a>.<\/strong><br><strong>Siga o Grande Pr\u00eamio no\u00a0<a target=\"_blank\" href=\"https:\/\/twitter.com\/grandepremio\" rel=\"noreferrer noopener\">Twitter\u00a0<\/a>e no\u00a0<a target=\"_blank\" href=\"https:\/\/instagram.com\/grandepremio\" rel=\"noreferrer noopener\">Instagram<\/a>!<\/strong><br><strong>WEB STORIES:\u00a0<a href=\"https:\/\/www.grandepremio.com\/br\/web-stories\/indy\/relembre-os-10-ultimos-vencedores-das-500-milhas-de-indianapolis\/\">Relembre os 10 \u00faltimos vencedores da<\/a>\u00a0<a href=\"https:\/\/www.grandepremio.com\/br\/indy\/\" target=\"_blank\" rel=\"noreferrer noopener\">Indy<\/a>\u00a0500<\/strong><\/p>\n\n\n\n<figure class=\"wp-block-image size-large\"><img decoding=\"async\" src=\"https:\/\/www.grandepremio.com\/br\/wp-content\/uploads\/2021\/05\/A213477_medium-1024x722.jpg\" alt=\"ST\u00c9PHANE PETERHANSEL; MATTIAS EKSTR\u00d6M; CARLOS SAINZ; AUDI; DAKAR;\" class=\"wp-image-479051\"\/><figcaption>St\u00e9phane Peterhansel, Mattias Ekstr\u00f6m e Carlos Sainz: o time dos sonhos da Audi no Dakar (Foto: Audi Sport)<\/figcaption><\/figure>\n\n\n\n<p class=\"wp-block-paragraph\">Julius Seebach, diretor geral da Audi Sport e respons\u00e1vel pela divis\u00e3o de esporte a motor, exaltou a equipe que foi montada para o in\u00edcio do ciclo el\u00e9trico da marca no maior rali cross-country do mundo.<\/p>\n\n\n\n<p class=\"wp-block-paragraph\">\u201cN\u00e3o \u00e9 exagero falar em \u2018time dos sonhos\u2019. St\u00e9phane \u00e9 o piloto do Dakar de maior sucesso em todos os tempos. Carlos venceu v\u00e1rias vezes o Dakar e \u00e9 campe\u00e3o mundial de rali. Com Matthias, j\u00e1 comemoramos muitas conquistas da Audi no passado. \u00c9 um dos pilotos mais vers\u00e1teis do mundo. Al\u00e9m de muita velocidade, todos agregam uma enorme quantidade de experi\u00eancia e motiva\u00e7\u00e3o \u00e0 nossa equipe. O mesmo vale para seus copilotos, que desempenham papel cada vez mais importante no Dakar\u201d, disse.<\/p>\n\n\n\n<p class=\"wp-block-paragraph\">St\u00e9phane Peterhansel, nome lend\u00e1rio no automobilismo como um todo e no Dakar em particular, se mostrou entusiasmado com o novo projeto. \u201cO Dakar \u00e9 uma das grandes aventuras neste mundo. E est\u00e1 \u00e0 beira de uma mudan\u00e7a radical: o futuro \u00e9 el\u00e9trico. Em dez anos, todos estar\u00e3o guiando carros el\u00e9tricos. O Dakar \u00e9 um teste extremo para esta tecnologia. Queremos ser a primeira equipe a vencer o Dakar com um trem de for\u00e7a el\u00e9trico. Estou ansioso para enfrentar este projeto muito ambicioso com a Audi\u201d.<\/p>\n\n\n\n<p class=\"wp-block-paragraph\">Carlos Sainz, que no ano que vem vai chegar a 60 anos, deixou claro que a motiva\u00e7\u00e3o segue muito viva e cada vez mais forte, agora diante de um novo projeto na carreira. \u201cMesmo aos 59 anos, ainda tenho apetite, caso contr\u00e1rio n\u00e3o teria aceitado este novo desafio. Desde crian\u00e7a, meu sonho era ser piloto de rali. Minha paix\u00e3o n\u00e3o mudou\u201d.<\/p>\n\n\n\n<p class=\"wp-block-paragraph\">\u2018El Matador\u2019 ressaltou o legado hist\u00f3rico deixado pela Audi no Mundial de Rali com um modelo que colecionou vit\u00f3rias e t\u00edtulos nos anos 1980 e deixou claro sua empolga\u00e7\u00e3o pelo que viu do novo projeto el\u00e9trico da marca, agora imersa completamente no Dakar.<\/p>\n\n\n\n<figure class=\"wp-block-image size-large\"><img decoding=\"async\" src=\"https:\/\/www.grandepremio.com\/br\/wp-content\/uploads\/2021\/05\/A213497_medium-1024x722.jpg\" alt=\"AUDI; DREAM TEAM; TIME DOS SONHOS; DAKAR; 2022;\" class=\"wp-image-479050\"\/><figcaption>A Audi apresentou seu &#8216;time dos sonhos&#8217; para o projeto el\u00e9trico no Dakar a partir de 2022 (Foto: Audi Sport)<\/figcaption><\/figure>\n\n\n\n<p class=\"wp-block-paragraph\">\u201cO Audi quatro mudou o Mundial de Rali para sempre. Agora, estamos tentando algo semelhante no Dakar. Os engenheiros t\u00eam muito mais liberdade no Dakar do que em qualquer outra categoria. Tenho total confian\u00e7a nos engenheiros da Audi e tentarei ajud\u00e1-los com minha experi\u00eancia para desenvolver um carro r\u00e1pido e bem-sucedido. O Dakar \u00e9 o maior desafio para um trem de for\u00e7a el\u00e9trico. \u00c9 um projeto fant\u00e1stico e radical. Mal posso esperar para testar o carro pela primeira vez. O que vi agora me d\u00e1 confian\u00e7a\u201d, disse.<\/p>\n\n\n\n<p class=\"wp-block-paragraph\">Por fim, Mattias Ekstr\u00f6m celebrou a chance de representar novamente a marca pela qual se tornou famoso em todo o mundo e destacou a oportunidade de acumular experi\u00eancia com dois monstros sagrados do rali mundial.<\/p>\n\n\n\n<p class=\"wp-block-paragraph\">\u201cO Dakar ser\u00e1, definitivamente, uma das aventuras mais emocionantes da minha carreira. Conseguir enfrentar esse projeto junto com a equipe, com a qual comemorei meus maiores \u00eaxitos, \u00e9 fant\u00e1stico. Embora chegue neste ano aos 43, sinto-me um novato em compara\u00e7\u00e3o com o Carlos e o St\u00e9phane. Neste esporte, voc\u00ea precisa de muita experi\u00eancia em todas as \u00e1reas. Ainda tenho muito o que aprender, mas estou ansioso\u201d, complementou.<\/p>\n\n\n\n<p class=\"wp-block-paragraph\">O pr\u00f3logo e a apresenta\u00e7\u00e3o dos competidores no Dakar 2022 ser\u00e1 no primeiro dia do ano, enquanto a largada de fato, com a primeira especial da prova, acontece em 2 de janeiro, em Ha&#8217;Il, na Ar\u00e1bia Saudita. A chegada est\u00e1 prevista para dia 14, em Jed\u00e1.<\/p>\n\n\n\n<figure class=\"wp-block-embed is-type-video is-provider-youtube wp-block-embed-youtube wp-embed-aspect-16-9 wp-has-aspect-ratio\"><div class=\"wp-block-embed__wrapper\">\n<iframe loading=\"lazy\" title=\"A 4\u00aa INDY 500 DE HELIO CASTRONEVES! TUDO SOBRE A CORRIDA EM INDIAN\u00c1POLIS | Briefing\" width=\"500\" height=\"281\" src=\"https:\/\/www.youtube.com\/embed\/wa0i3_kv6-s?feature=oembed\" frameborder=\"0\" allow=\"accelerometer; autoplay; clipboard-write; encrypted-media; gyroscope; picture-in-picture; web-share\" referrerpolicy=\"strict-origin-when-cross-origin\" allowfullscreen><\/iframe>\n<\/div><\/figure>\n","protected":false},"excerpt":{"rendered":"<p>A Audi Sport anunciou, na manh\u00e3 desta segunda-feira, seu esquadr\u00e3o para o in\u00edcio de um ambicioso projeto para o Dakar, com carros totalmente el\u00e9tricos e dotados de baterias de alta voltagem que podem ser recarregadas durante a pilotagem. St\u00e9phane Peterhansel, o maior vencedor da hist\u00f3ria do maior rali do mundo, Carlos Sainz, tricampe\u00e3o, e Mattias Ekstr\u00f6m s\u00e3o os pilotos que v\u00e3o representar a marca de Ingolstadt a partir de 2022<\/p>\n","protected":false},"author":0,"featured_media":1000479050,"comment_status":"closed","ping_status":"closed","sticky":false,"template":"","format":"standard","meta":{"42wp_featured_image_caption":"","42wp_featured_image_credits":"","42wp_featured_video":"","42wp_featured_image_hidden":false,"42wp_authors_list":[],"footnotes":""},"categories":[5],"tags":[970,546,853,24836,233,618,26557],"42wp_author":[47110],"class_list":["post-120712","post","type-post","status-publish","format-standard","has-post-thumbnail","hentry","category-rally","tag-audi","tag-carlos-sainz","tag-dakar","tag-grande-premio-2","tag-rali","tag-rali-dakar","tag-stephane-peterhansel-2","42wp_author-fernando-silva"],"_links":{"self":[{"href":"https:\/\/grandepremio.com\/br\/wp-json\/wp\/v2\/posts\/120712","targetHints":{"allow":["GET"]}}],"collection":[{"href":"https:\/\/grandepremio.com\/br\/wp-json\/wp\/v2\/posts"}],"about":[{"href":"https:\/\/grandepremio.com\/br\/wp-json\/wp\/v2\/types\/post"}],"replies":[{"embeddable":true,"href":"https:\/\/grandepremio.com\/br\/wp-json\/wp\/v2\/comments?post=120712"}],"version-history":[{"count":0,"href":"https:\/\/grandepremio.com\/br\/wp-json\/wp\/v2\/posts\/120712\/revisions"}],"wp:featuredmedia":[{"embeddable":true,"href":"https:\/\/grandepremio.com\/br\/wp-json\/wp\/v2\/media\/1000479050"}],"wp:attachment":[{"href":"https:\/\/grandepremio.com\/br\/wp-json\/wp\/v2\/media?parent=120712"}],"wp:term":[{"taxonomy":"category","embeddable":true,"href":"https:\/\/grandepremio.com\/br\/wp-json\/wp\/v2\/categories?post=120712"},{"taxonomy":"post_tag","embeddable":true,"href":"https:\/\/grandepremio.com\/br\/wp-json\/wp\/v2\/tags?post=120712"},{"taxonomy":"42wp_author","embeddable":true,"href":"https:\/\/grandepremio.com\/br\/wp-json\/wp\/v2\/42wp_author?post=120712"}],"curies":[{"name":"wp","href":"https:\/\/api.w.org\/{rel}","templated":true}]}}